{"id":163591,"date":"2020-05-12T09:02:21","date_gmt":"2020-05-12T06:02:21","guid":{"rendered":"http:\/\/arantv.az\/?p=163591"},"modified":"2020-05-12T09:02:21","modified_gmt":"2020-05-12T06:02:21","slug":"k%c9%99mal%c9%99ddin-heyd%c9%99rov-eurohomeun-r%c9%99hb%c9%99rliyi-bu-is%c9%99-m%c9%99suliyy%c9%99tsiz-yanasib-foto","status":"publish","type":"post","link":"https:\/\/arantv.az\/?p=163591","title":{"rendered":"K\u0259mal\u0259ddin Heyd\u0259rov: &#8220;EuroHome&#8221;un r\u0259hb\u0259rliyi bu i\u015f\u0259 m\u0259suliyy\u0259tsiz yana\u015f\u0131b&#8221; &#8211; FOTO"},"content":{"rendered":"<p>Ticar\u0259t m\u0259rk\u0259zind\u0259ki \u0259vv\u0259lki yan\u011f\u0131ndan sonra obyekt sahibl\u0259rin\u0259 v\u0259 \u00fcmumilikd\u0259, r\u0259hb\u0259rliy\u0259 x\u0259b\u0259rdarl\u0131q edilmi\u015fdi ki, t\u0259mir-b\u0259rpa i\u015fl\u0259ri tam yekunla\u015fmam\u0131\u015f mallar yerl\u0259\u015fdirilm\u0259sin. \u00c7\u00fcnki i\u015fl\u0259r tam yekunla\u015fd\u0131qdan sonra F\u00f6vq\u0259lad\u0259 Hallar Nazirliyi v\u0259 m\u00fcvafiq icra hakimiyy\u0259ti orqan\u0131 buna icaz\u0259 verm\u0259lidir\u201d.<\/p>\n<p><strong>ARANTV.AZ<\/strong>\u00a0 x\u0259b\u0259r verir ki, bu s\u00f6zl\u0259ri F\u00f6vq\u0259lad\u0259 hallar naziri K\u0259mal\u0259ddin Heyd\u0259rov deyib.<\/p>\n<p>\u201cEuroHome\u201d ticar\u0259t m\u0259rk\u0259zind\u0259 ba\u015f vermis yan\u011f\u0131n zaman\u0131 \u0259raziy\u0259 g\u0259l\u0259n nazir hadis\u0259 il\u0259 ba\u011fl\u0131 a\u00e7\u0131qlama verib:<\/p>\n<p>\u201cLakin g\u00f6r\u00fcn\u0259n odur ki, ticar\u0259t m\u0259rk\u0259zinin r\u0259hb\u0259rliyi bu i\u015f\u0259 m\u0259suliyy\u0259tsiz yana\u015f\u0131b. T\u0259mir i\u015fl\u0259ri tam yekunla\u015fmam\u0131\u015f, obyektin f\u0259aliyy\u0259tin\u0259 t\u0259r\u0259fimizd\u0259n tam raz\u0131l\u0131q verilm\u0259mi\u015f ma\u011fazalara mallar yerl\u0259\u015fdirilib. N\u0259tic\u0259d\u0259 yenid\u0259n bel\u0259 bir hadis\u0259 ba\u015f verib\u201d.K.Heyd\u0259rov vur\u011fulay\u0131b ki, yan\u011f\u0131n\u0131n s\u0259b\u0259bkar\u0131 haqq\u0131nda h\u00fcquqi prosedur t\u0259tbiq olunacaq:<\/p>\n<p>\u201cYan\u011f\u0131n\u0131n ba\u015f verm\u0259sin\u0259 s\u0259b\u0259bkar olan h\u0259r bir \u015f\u0259xs bar\u0259sind\u0259 qanunla m\u00fcvafiq t\u0259dbirl\u0259r g\u00f6r\u00fcl\u0259c\u0259k. Art\u0131q bu bar\u0259d\u0259 h\u00fcquq m\u00fchafiz\u0259 orqanlar\u0131 \u0259m\u0259kda\u015flar\u0131na laz\u0131mi tap\u015f\u0131r\u0131qlar verilib\u201d.<\/p>\n<p><img class=\"imgbcodecent\" src=\"https:\/\/upload.az\/foto\/arxiv\/96454201_1102114396835341_29839381496227.jpg\" alt=\"K\u0259mal\u0259ddin Heyd\u0259rov: &quot;EuroHome&quot;un r\u0259hb\u0259rliyi bu i\u015f\u0259 m\u0259suliyy\u0259tsiz yana\u015f\u0131b&quot; - FOTO\" \/><br \/>\n<img class=\"imgbcodecent\" src=\"https:\/\/upload.az\/foto\/arxiv\/96259972_602949457096965_615473739844288.jpg\" alt=\"K\u0259mal\u0259ddin Heyd\u0259rov: &quot;EuroHome&quot;un r\u0259hb\u0259rliyi bu i\u015f\u0259 m\u0259suliyy\u0259tsiz yana\u015f\u0131b&quot; - FOTO\" \/><br \/>\n<img class=\"imgbcodecent\" src=\"https:\/\/upload.az\/foto\/arxiv\/96375853_595124331419648_612370626402425.jpg\" alt=\"K\u0259mal\u0259ddin Heyd\u0259rov: &quot;EuroHome&quot;un r\u0259hb\u0259rliyi bu i\u015f\u0259 m\u0259suliyy\u0259tsiz yana\u015f\u0131b&quot; - FOTO\" \/><br \/>\n<img class=\"imgbcodecent\" src=\"https:\/\/upload.az\/foto\/arxiv\/96703157_572592300339179_551488230178527.jpg\" alt=\"K\u0259mal\u0259ddin Heyd\u0259rov: &quot;EuroHome&quot;un r\u0259hb\u0259rliyi bu i\u015f\u0259 m\u0259suliyy\u0259tsiz yana\u015f\u0131b&quot; - FOTO\" \/><\/p>\n<p>Oxu.Az<\/p>\n","protected":false},"excerpt":{"rendered":"<p>Ticar\u0259t m\u0259rk\u0259zind\u0259ki \u0259vv\u0259lki yan\u011f\u0131ndan sonra obyekt sahibl\u0259rin\u0259 v\u0259 \u00fcmumilikd\u0259, r\u0259hb\u0259rliy\u0259 x\u0259b\u0259rdarl\u0131q edilmi\u015fdi ki, t\u0259mir-b\u0259rpa i\u015fl\u0259ri tam yekunla\u015fmam\u0131\u015f mallar yerl\u0259\u015fdirilm\u0259sin. \u00c7\u00fcnki i\u015fl\u0259r tam yekunla\u015fd\u0131qdan sonra F\u00f6vq\u0259lad\u0259 Hallar Nazirliyi v\u0259 m\u00fcvafiq icra hakimiyy\u0259ti orqan\u0131 buna icaz\u0259 verm\u0259lidir\u201d. ARANTV.AZ\u00a0 x\u0259b\u0259r verir ki, bu s\u00f6zl\u0259ri F\u00f6vq\u0259lad\u0259 hallar naziri K\u0259mal\u0259ddin Heyd\u0259rov deyib. \u201cEuroHome\u201d ticar\u0259t m\u0259rk\u0259zind\u0259 ba\u015f vermis yan\u011f\u0131n zaman\u0131 \u0259raziy\u0259 g\u0259l\u0259n nazir hadis\u0259 il\u0259 ba\u011fl\u0131 a\u00e7\u0131qlama verib: \u201cLakin g\u00f6r\u00fcn\u0259n odur ki, ticar\u0259t m\u0259rk\u0259zinin r\u0259hb\u0259rliyi bu i\u015f\u0259 m\u0259suliyy\u0259tsiz yana\u015f\u0131b. T\u0259mir i\u015fl\u0259ri tam yekunla\u015fmam\u0131\u015f, obyektin f\u0259aliyy\u0259tin\u0259 t\u0259r\u0259fimizd\u0259n tam raz\u0131l\u0131q verilm\u0259mi\u015f ma\u011fazalara mallar yerl\u0259\u015fdirilib. N\u0259tic\u0259d\u0259 yenid\u0259n bel\u0259 bir&hellip;<\/p>\n","protected":false},"author":2,"featured_media":163592,"comment_status":"closed","ping_status":"closed","sticky":false,"template":"","format":"standard","meta":{"om_disable_all_campaigns":false,"_monsterinsights_skip_tracking":false,"_monsterinsights_sitenote_active":false,"_monsterinsights_sitenote_note":"","_monsterinsights_sitenote_category":0},"categories":[26],"tags":[],"aioseo_notices":[],"gutentor_comment":0,"rttpg_featured_image_url":{"full":["https:\/\/arantv.az\/wp-content\/uploads\/2020\/05\/bs_61589261794.jpg",620,349,false],"landscape":["https:\/\/arantv.az\/wp-content\/uploads\/2020\/05\/bs_61589261794.jpg",620,349,false],"portraits":["https:\/\/arantv.az\/wp-content\/uploads\/2020\/05\/bs_61589261794.jpg",620,349,false],"thumbnail":["https:\/\/arantv.az\/wp-content\/uploads\/2020\/05\/bs_61589261794-150x150.jpg",150,150,true],"medium":["https:\/\/arantv.az\/wp-content\/uploads\/2020\/05\/bs_61589261794-300x169.jpg",300,169,true],"large":["https:\/\/arantv.az\/wp-content\/uploads\/2020\/05\/bs_61589261794.jpg",620,349,false],"1536x1536":["https:\/\/arantv.az\/wp-content\/uploads\/2020\/05\/bs_61589261794.jpg",620,349,false],"2048x2048":["https:\/\/arantv.az\/wp-content\/uploads\/2020\/05\/bs_61589261794.jpg",620,349,false],"post-thumbnail":["https:\/\/arantv.az\/wp-content\/uploads\/2020\/05\/bs_61589261794-240x172.jpg",240,172,true],"advps-thumb-one":["https:\/\/arantv.az\/wp-content\/uploads\/2020\/05\/bs_61589261794.jpg",620,349,false]},"rttpg_author":{"display_name":"V\u00fcsal Rafiqo\u011flu","author_link":"https:\/\/arantv.az\/?author=2"},"rttpg_comment":0,"rttpg_category":"<a href=\"https:\/\/arantv.az\/?cat=26\" rel=\"category\">Sosial<\/a>","rttpg_excerpt":"Ticar\u0259t m\u0259rk\u0259zind\u0259ki \u0259vv\u0259lki yan\u011f\u0131ndan sonra obyekt sahibl\u0259rin\u0259 v\u0259 \u00fcmumilikd\u0259, r\u0259hb\u0259rliy\u0259 x\u0259b\u0259rdarl\u0131q edilmi\u015fdi ki, t\u0259mir-b\u0259rpa i\u015fl\u0259ri tam yekunla\u015fmam\u0131\u015f mallar yerl\u0259\u015fdirilm\u0259sin. \u00c7\u00fcnki i\u015fl\u0259r tam yekunla\u015fd\u0131qdan sonra F\u00f6vq\u0259lad\u0259 Hallar Nazirliyi v\u0259 m\u00fcvafiq icra hakimiyy\u0259ti orqan\u0131 buna icaz\u0259 verm\u0259lidir\u201d. ARANTV.AZ\u00a0 x\u0259b\u0259r verir ki, bu s\u00f6zl\u0259ri F\u00f6vq\u0259lad\u0259 hallar naziri K\u0259mal\u0259ddin Heyd\u0259rov deyib. \u201cEuroHome\u201d ticar\u0259t m\u0259rk\u0259zind\u0259 ba\u015f vermis yan\u011f\u0131n zaman\u0131 \u0259raziy\u0259&hellip;","_links":{"self":[{"href":"https:\/\/arantv.az\/index.php?rest_route=\/wp\/v2\/posts\/163591"}],"collection":[{"href":"https:\/\/arantv.az\/index.php?rest_route=\/wp\/v2\/posts"}],"about":[{"href":"https:\/\/arantv.az\/index.php?rest_route=\/wp\/v2\/types\/post"}],"author":[{"embeddable":true,"href":"https:\/\/arantv.az\/index.php?rest_route=\/wp\/v2\/users\/2"}],"replies":[{"embeddable":true,"href":"https:\/\/arantv.az\/index.php?rest_route=%2Fwp%2Fv2%2Fcomments&post=163591"}],"version-history":[{"count":0,"href":"https:\/\/arantv.az\/index.php?rest_route=\/wp\/v2\/posts\/163591\/revisions"}],"wp:featuredmedia":[{"embeddable":true,"href":"https:\/\/arantv.az\/index.php?rest_route=\/wp\/v2\/media\/163592"}],"wp:attachment":[{"href":"https:\/\/arantv.az\/index.php?rest_route=%2Fwp%2Fv2%2Fmedia&parent=163591"}],"wp:term":[{"taxonomy":"category","embeddable":true,"href":"https:\/\/arantv.az\/index.php?rest_route=%2Fwp%2Fv2%2Fcategories&post=163591"},{"taxonomy":"post_tag","embeddable":true,"href":"https:\/\/arantv.az\/index.php?rest_route=%2Fwp%2Fv2%2Ftags&post=163591"}],"curies":[{"name":"wp","href":"https:\/\/api.w.org\/{rel}","templated":true}]}}