{"id":165224,"date":"2020-05-14T16:01:57","date_gmt":"2020-05-14T13:01:57","guid":{"rendered":"http:\/\/arantv.az\/?p=165224"},"modified":"2020-05-14T16:01:57","modified_gmt":"2020-05-14T13:01:57","slug":"prezidentd%c9%99n-az%c9%99rbaycan-tibb-universiteti-il%c9%99-bagli-s%c9%99r%c9%99ncam","status":"publish","type":"post","link":"https:\/\/arantv.az\/?p=165224","title":{"rendered":"Prezidentd\u0259n Az\u0259rbaycan Tibb Universiteti il\u0259 ba\u011fl\u0131 S\u018fR\u018fNCAM"},"content":{"rendered":"<p>Prezident \u0130lham \u018fliyev Az\u0259rbaycan Tibb Universitetinin 90 illiyinin qeyd edilm\u0259si haqq\u0131nda s\u0259r\u0259ncam\u00a0<a href=\"https:\/\/azertag.az\/xeber\/Azerbaycan_Tibb_Universitetinin_90_illiyinin_qeyd_edilmesi_haqqinda__Azerbaycan_Respublikasi_Prezidentinin_Serencami-1487777\" target=\"_blank\" rel=\"noopener\">imzalay\u0131b<\/a>.<\/p>\n<p>S\u0259r\u0259ncama \u0259sas\u0259n,\u00a0S\u0259hiyy\u0259 Nazirliyi\u00a0T\u0259hsil Nazirliyi il\u0259 birlikd\u0259 Az\u0259rbaycan Tibb Universitetinin 90 illiyin\u0259 dair t\u0259dbirl\u0259r plan\u0131 haz\u0131rlay\u0131b h\u0259yata ke\u00e7irm\u0259lidir.<\/p>\n<p>Nazirl\u0259r Kabineti bu s\u0259r\u0259ncamdan ir\u0259li g\u0259l\u0259n m\u0259s\u0259l\u0259l\u0259ri h\u0259ll etm\u0259lidir.<\/p>\n<p>2020-ci ild\u0259 respublikan\u0131n ilk ali tibb t\u0259hsili oca\u011f\u0131n\u0131n \u2013 Az\u0259rbaycan Tibb Universitetinin t\u0259sis edilm\u0259sinin 90 illiyi tamam olur.<\/p>\n<p>Bak\u0131 D\u00f6vl\u0259t Universitetinin tibb fak\u00fclt\u0259sinin bazas\u0131nda yarad\u0131lm\u0131\u015f Az\u0259rbaycan Tibb Universiteti \u00f6lk\u0259mizin z\u0259ngin \u0259n\u0259n\u0259l\u0259r\u0259 malik ali t\u0259hsil m\u00fc\u0259ssis\u0259l\u0259rind\u0259ndir.<\/p>\n<p>Az\u0259rbaycan s\u0259hiyy\u0259sinin inki\u015faf\u0131 tarixind\u0259 x\u00fcsusi m\u00f6vqey\u0259 malik Universitet \u00f6z f\u0259aliyy\u0259tind\u0259 t\u0259hsili, elmi v\u0259 tibbi daim \u00fczvi \u015f\u0259kild\u0259 birl\u0259\u015fdirib, \u00f6t\u0259n ill\u0259r \u0259rzind\u0259 t\u0259bab\u0259tin \u0259n m\u00fcxt\u0259lif sah\u0259l\u0259ri \u00fc\u00e7\u00fcn y\u00fcks\u0259k bilikli v\u0259 bacar\u0131ql\u0131 kadrlar\u0131n yeti\u015fm\u0259sind\u0259, h\u0259m\u00e7inin m\u00f6t\u0259b\u0259r elmi m\u0259rk\u0259z kimi fundamental t\u0259dqiqatlar\u0131n apar\u0131lmas\u0131nda \u0259h\u0259miyy\u0259tli rol oynay\u0131b.<\/p>\n<p>Tibb Universitetind\u0259 beyn\u0259lxalq \u0259m\u0259kda\u015fl\u0131q \u0259laq\u0259l\u0259rinin davaml\u0131 geni\u015fl\u0259ndirilm\u0259si v\u0259 tibb t\u0259hsilinin m\u00fcasir standartlara uy\u011funla\u015fd\u0131r\u0131lmas\u0131 istiqam\u0259tind\u0259 ard\u0131c\u0131l h\u0259yata ke\u00e7iril\u0259n i\u015fl\u0259r t\u0259qdir\u0259layiqdir.<\/p>\n","protected":false},"excerpt":{"rendered":"<p>Prezident \u0130lham \u018fliyev Az\u0259rbaycan Tibb Universitetinin 90 illiyinin qeyd edilm\u0259si haqq\u0131nda s\u0259r\u0259ncam\u00a0imzalay\u0131b. S\u0259r\u0259ncama \u0259sas\u0259n,\u00a0S\u0259hiyy\u0259 Nazirliyi\u00a0T\u0259hsil Nazirliyi il\u0259 birlikd\u0259 Az\u0259rbaycan Tibb Universitetinin 90 illiyin\u0259 dair t\u0259dbirl\u0259r plan\u0131 haz\u0131rlay\u0131b h\u0259yata ke\u00e7irm\u0259lidir. Nazirl\u0259r Kabineti bu s\u0259r\u0259ncamdan ir\u0259li g\u0259l\u0259n m\u0259s\u0259l\u0259l\u0259ri h\u0259ll etm\u0259lidir. 2020-ci ild\u0259 respublikan\u0131n ilk ali tibb t\u0259hsili oca\u011f\u0131n\u0131n \u2013 Az\u0259rbaycan Tibb Universitetinin t\u0259sis edilm\u0259sinin 90 illiyi tamam olur. Bak\u0131 D\u00f6vl\u0259t Universitetinin tibb fak\u00fclt\u0259sinin bazas\u0131nda yarad\u0131lm\u0131\u015f Az\u0259rbaycan Tibb Universiteti \u00f6lk\u0259mizin z\u0259ngin \u0259n\u0259n\u0259l\u0259r\u0259 malik ali t\u0259hsil m\u00fc\u0259ssis\u0259l\u0259rind\u0259ndir. Az\u0259rbaycan s\u0259hiyy\u0259sinin inki\u015faf\u0131 tarixind\u0259 x\u00fcsusi m\u00f6vqey\u0259 malik Universitet \u00f6z f\u0259aliyy\u0259tind\u0259 t\u0259hsili, elmi v\u0259 tibbi daim \u00fczvi \u015f\u0259kild\u0259&hellip;<\/p>\n","protected":false},"author":2,"featured_media":165225,"comment_status":"closed","ping_status":"closed","sticky":false,"template":"","format":"standard","meta":{"om_disable_all_campaigns":false,"_monsterinsights_skip_tracking":false,"_monsterinsights_sitenote_active":false,"_monsterinsights_sitenote_note":"","_monsterinsights_sitenote_category":0},"categories":[8],"tags":[],"aioseo_notices":[],"gutentor_comment":0,"rttpg_featured_image_url":{"full":["https:\/\/arantv.az\/wp-content\/uploads\/2020\/05\/957dfcb9-ae6c-42db-9326-3b4592c7b72f_1565972040-1.jpg",620,390,false],"landscape":["https:\/\/arantv.az\/wp-content\/uploads\/2020\/05\/957dfcb9-ae6c-42db-9326-3b4592c7b72f_1565972040-1.jpg",620,390,false],"portraits":["https:\/\/arantv.az\/wp-content\/uploads\/2020\/05\/957dfcb9-ae6c-42db-9326-3b4592c7b72f_1565972040-1.jpg",620,390,false],"thumbnail":["https:\/\/arantv.az\/wp-content\/uploads\/2020\/05\/957dfcb9-ae6c-42db-9326-3b4592c7b72f_1565972040-1-150x150.jpg",150,150,true],"medium":["https:\/\/arantv.az\/wp-content\/uploads\/2020\/05\/957dfcb9-ae6c-42db-9326-3b4592c7b72f_1565972040-1-300x189.jpg",300,189,true],"large":["https:\/\/arantv.az\/wp-content\/uploads\/2020\/05\/957dfcb9-ae6c-42db-9326-3b4592c7b72f_1565972040-1.jpg",620,390,false],"1536x1536":["https:\/\/arantv.az\/wp-content\/uploads\/2020\/05\/957dfcb9-ae6c-42db-9326-3b4592c7b72f_1565972040-1.jpg",620,390,false],"2048x2048":["https:\/\/arantv.az\/wp-content\/uploads\/2020\/05\/957dfcb9-ae6c-42db-9326-3b4592c7b72f_1565972040-1.jpg",620,390,false],"post-thumbnail":["https:\/\/arantv.az\/wp-content\/uploads\/2020\/05\/957dfcb9-ae6c-42db-9326-3b4592c7b72f_1565972040-1-240x172.jpg",240,172,true],"advps-thumb-one":["https:\/\/arantv.az\/wp-content\/uploads\/2020\/05\/957dfcb9-ae6c-42db-9326-3b4592c7b72f_1565972040-1.jpg",620,390,false]},"rttpg_author":{"display_name":"V\u00fcsal Rafiqo\u011flu","author_link":"https:\/\/arantv.az\/?author=2"},"rttpg_comment":0,"rttpg_category":"<a href=\"https:\/\/arantv.az\/?cat=8\" rel=\"category\">\u018fsas s\u0259hif\u0259<\/a>","rttpg_excerpt":"Prezident \u0130lham \u018fliyev Az\u0259rbaycan Tibb Universitetinin 90 illiyinin qeyd edilm\u0259si haqq\u0131nda s\u0259r\u0259ncam\u00a0imzalay\u0131b. S\u0259r\u0259ncama \u0259sas\u0259n,\u00a0S\u0259hiyy\u0259 Nazirliyi\u00a0T\u0259hsil Nazirliyi il\u0259 birlikd\u0259 Az\u0259rbaycan Tibb Universitetinin 90 illiyin\u0259 dair t\u0259dbirl\u0259r plan\u0131 haz\u0131rlay\u0131b h\u0259yata ke\u00e7irm\u0259lidir. Nazirl\u0259r Kabineti bu s\u0259r\u0259ncamdan ir\u0259li g\u0259l\u0259n m\u0259s\u0259l\u0259l\u0259ri h\u0259ll etm\u0259lidir. 2020-ci ild\u0259 respublikan\u0131n ilk ali tibb t\u0259hsili oca\u011f\u0131n\u0131n \u2013 Az\u0259rbaycan Tibb Universitetinin t\u0259sis edilm\u0259sinin 90 illiyi tamam&hellip;","_links":{"self":[{"href":"https:\/\/arantv.az\/index.php?rest_route=\/wp\/v2\/posts\/165224"}],"collection":[{"href":"https:\/\/arantv.az\/index.php?rest_route=\/wp\/v2\/posts"}],"about":[{"href":"https:\/\/arantv.az\/index.php?rest_route=\/wp\/v2\/types\/post"}],"author":[{"embeddable":true,"href":"https:\/\/arantv.az\/index.php?rest_route=\/wp\/v2\/users\/2"}],"replies":[{"embeddable":true,"href":"https:\/\/arantv.az\/index.php?rest_route=%2Fwp%2Fv2%2Fcomments&post=165224"}],"version-history":[{"count":0,"href":"https:\/\/arantv.az\/index.php?rest_route=\/wp\/v2\/posts\/165224\/revisions"}],"wp:featuredmedia":[{"embeddable":true,"href":"https:\/\/arantv.az\/index.php?rest_route=\/wp\/v2\/media\/165225"}],"wp:attachment":[{"href":"https:\/\/arantv.az\/index.php?rest_route=%2Fwp%2Fv2%2Fmedia&parent=165224"}],"wp:term":[{"taxonomy":"category","embeddable":true,"href":"https:\/\/arantv.az\/index.php?rest_route=%2Fwp%2Fv2%2Fcategories&post=165224"},{"taxonomy":"post_tag","embeddable":true,"href":"https:\/\/arantv.az\/index.php?rest_route=%2Fwp%2Fv2%2Ftags&post=165224"}],"curies":[{"name":"wp","href":"https:\/\/api.w.org\/{rel}","templated":true}]}}