{"id":165235,"date":"2020-05-14T20:47:03","date_gmt":"2020-05-14T17:47:03","guid":{"rendered":"http:\/\/arantv.az\/?p=165235"},"modified":"2020-05-14T20:47:03","modified_gmt":"2020-05-14T17:47:03","slug":"penitensiar-xidm%c9%99td%c9%99n-az%c9%99rbaycandaki-c%c9%99zac%c9%99km%c9%99-mu%c9%99ssis%c9%99l%c9%99rind%c9%99-koronavirusun-yayilmasi-il%c9%99-bagli-aciqlama","status":"publish","type":"post","link":"https:\/\/arantv.az\/?p=165235","title":{"rendered":"Penitensiar Xidm\u0259td\u0259n Az\u0259rbaycandak\u0131 c\u0259za\u00e7\u0259km\u0259 m\u00fc\u0259ssis\u0259l\u0259rind\u0259 koronavirusun yay\u0131lmas\u0131 il\u0259 ba\u011fl\u0131 A\u00c7IQLAMA"},"content":{"rendered":"<p>Az\u0259rbaycanda 33 m\u0259hbusda yeni n\u00f6v koronavirusa (COVID-19) yoluxma\u00a0a\u015fkar edilib. Bununla ba\u011fl\u0131 13 sayl\u0131 C\u0259za\u00e7\u0259km\u0259 M\u00fc\u0259ssis\u0259si d\u0259 daxil olmaqla, h\u0259bsxanalardak\u0131 i\u015f\u00e7il\u0259rd\u0259n v\u0259 m\u0259hkumlardan testl\u0259r g\u00f6t\u00fcr\u00fcl\u00fcb.<\/p>\n<p>\u201cM\u0259hkumlar d\u0259rhal Penitensiar Xidm\u0259tin\u00a0ixtisasla\u015fd\u0131r\u0131lm\u0131\u015f tibb\u00a0m\u00fc\u0259ssis\u0259sin\u0259 yerl\u0259\u015fdirilib, onlar\u0131n m\u00fcalic\u0259si \u00fc\u00e7\u00fcn t\u0259dbirl\u0259r g\u00f6r\u00fcl\u00fcr, haz\u0131rda h\u0259kiml\u0259rin n\u0259zar\u0259tind\u0259dirl\u0259r\u201d, &#8211; dey\u0259 Penitensiar Xidm\u0259tin \u0130ctimaiyy\u0259tl\u0259 \u0259laq\u0259l\u0259r \u015f\u00f6b\u0259sinin m\u00fcdiri Mehman Sad\u0131qov\u00a0<a href=\"https:\/\/media.az\/society\/1067776215\/kak-covid-19-probralsya-v-azerbaydzhanskuyu-koloniyu-oficialnoe-zayavlenie\/?fbclid=IwAR2YLSEdmgZSxgZBpXxEbNKxWswmPtWo1dRPRpnHPjk2oLyxVE4xqf-uweA\" target=\"_blank\" rel=\"noopener\">Media.Az<\/a>-a bildirib.<\/p>\n<p>Onun s\u00f6zl\u0259rin\u0259 g\u00f6r\u0259, epidemiyan\u0131n yay\u0131lmas\u0131 kontekstind\u0259 m\u0259hkumlarla qohumlar\u0131 aras\u0131nda g\u00f6r\u00fc\u015fl\u0259r qada\u011fand\u0131r. Video g\u00f6r\u00fc\u015fl\u0259r\u0259 g\u0259linc\u0259, bunlar Az\u0259rbaycan Respublikas\u0131n\u0131n qanunvericiliyi il\u0259 n\u0259z\u0259rd\u0259 tutulmay\u0131b.<\/p>\n<div id=\"AdviadNativeVideo0\" class=\"AdviadNativeVideo\"><\/div>\n<p>Xat\u0131rladaq ki, x\u00fcsusi karantin rejiminin t\u0259l\u0259bl\u0259rin\u0259 v\u0259 Nazirl\u0259r Kabineti yan\u0131nda Operativ\u00a0Q\u0259rargah\u0131n\u00a0t\u00f6vsiy\u0259l\u0259rin\u0259 uy\u011fun olaraq, Penitensiar v\u0259 tibbi xidm\u0259tl\u0259r g\u00fccl\u0259ndirilmi\u015f i\u015f rejimin\u0259 ke\u00e7irilib.<\/p>\n<p>Penitensiar Xidm\u0259tin\u00a0n\u00fcmay\u0259nd\u0259si\u00a0COV\u0130D-19-un c\u0259za\u00e7\u0259km\u0259 m\u00fc\u0259ssis\u0259l\u0259rind\u0259\u00a0nec\u0259 yay\u0131lmas\u0131 il\u0259 ba\u011fl\u0131 suala cavab verm\u0259kd\u0259 \u00e7\u0259tinlik \u00e7\u0259kib.<\/p>\n<p>Bununla bel\u0259, o, h\u0259bsxanalarda pandemiyan\u0131n yay\u0131lmas\u0131n\u0131n qar\u015f\u0131s\u0131n\u0131 almaq \u00fc\u00e7\u00fcn dezinfeksiya v\u0259 dig\u0259r profilaktik t\u0259dbirl\u0259rin davam etdiyini vur\u011fulay\u0131b.<\/p>\n<p>\u201cH\u0259r g\u00fcn m\u0259hkumlar\u0131n temperaturu \u00f6l\u00e7\u00fcl\u00fcr. \u018fg\u0259r onlardan biri \u00f6z\u00fcn\u00fc pis hiss edirs\u0259, narahatd\u0131rsa v\u0259 ya x\u0259st\u0259liyin h\u0259r hans\u0131 ilkin \u0259lam\u0259tl\u0259ri varsa, o, d\u0259rhal t\u0259crid olunur v\u0259 m\u00fcalic\u0259y\u0259 g\u00f6nd\u0259rilir\u201d, &#8211; dey\u0259 M.Sad\u0131qov bildirib.<\/p>\n<p>O, m\u0259hkumlar\u0131n adi h\u0259yatlar\u0131na\u00a0davam etdiyini, yaln\u0131z g\u00f6r\u00fc\u015f v\u0259 \u00a0ba\u011flama q\u0259bulunun m\u0259hdudla\u015fd\u0131r\u0131ld\u0131\u011f\u0131n\u0131 vur\u011fulay\u0131b.<\/p>\n<p>M.Sad\u0131qov bununla bel\u0259, g\u0259zm\u0259y\u0259 icaz\u0259 verildiyini qeyd edib.<\/p>\n<p>\u201cM\u0259hkumlara pul \u00f6t\u00fcr\u00fclm\u0259sin\u0259 g\u0259ldikd\u0259, h\u0259r bir m\u0259hkumun \u00f6z bank hesab\u0131 var, buradan m\u00fc\u0259yy\u0259n m\u0259bl\u0259\u011f\u00a0k\u00f6\u00e7\u00fcrm\u0259k m\u00fcmk\u00fcnd\u00fcr. Sonradan onlar bunu h\u0259r bir m\u00fc\u0259ssis\u0259d\u0259 olan k\u00f6\u015fkl\u0259rd\u0259 x\u0259rcl\u0259y\u0259 bil\u0259rl\u0259r. M\u0259s\u0259l\u0259n, z\u0259ruri ehtiyaclar\u0131n\u0131\u00a0ala bil\u0259rl\u0259r\u201d, &#8211; dey\u0259 Mehman Sad\u0131qov s\u00f6zl\u0259rini yekunla\u015fd\u0131r\u0131b.<\/p>\n","protected":false},"excerpt":{"rendered":"<p>Az\u0259rbaycanda 33 m\u0259hbusda yeni n\u00f6v koronavirusa (COVID-19) yoluxma\u00a0a\u015fkar edilib. Bununla ba\u011fl\u0131 13 sayl\u0131 C\u0259za\u00e7\u0259km\u0259 M\u00fc\u0259ssis\u0259si d\u0259 daxil olmaqla, h\u0259bsxanalardak\u0131 i\u015f\u00e7il\u0259rd\u0259n v\u0259 m\u0259hkumlardan testl\u0259r g\u00f6t\u00fcr\u00fcl\u00fcb. \u201cM\u0259hkumlar d\u0259rhal Penitensiar Xidm\u0259tin\u00a0ixtisasla\u015fd\u0131r\u0131lm\u0131\u015f tibb\u00a0m\u00fc\u0259ssis\u0259sin\u0259 yerl\u0259\u015fdirilib, onlar\u0131n m\u00fcalic\u0259si \u00fc\u00e7\u00fcn t\u0259dbirl\u0259r g\u00f6r\u00fcl\u00fcr, haz\u0131rda h\u0259kiml\u0259rin n\u0259zar\u0259tind\u0259dirl\u0259r\u201d, &#8211; dey\u0259 Penitensiar Xidm\u0259tin \u0130ctimaiyy\u0259tl\u0259 \u0259laq\u0259l\u0259r \u015f\u00f6b\u0259sinin m\u00fcdiri Mehman Sad\u0131qov\u00a0Media.Az-a bildirib. Onun s\u00f6zl\u0259rin\u0259 g\u00f6r\u0259, epidemiyan\u0131n yay\u0131lmas\u0131 kontekstind\u0259 m\u0259hkumlarla qohumlar\u0131 aras\u0131nda g\u00f6r\u00fc\u015fl\u0259r qada\u011fand\u0131r. Video g\u00f6r\u00fc\u015fl\u0259r\u0259 g\u0259linc\u0259, bunlar Az\u0259rbaycan Respublikas\u0131n\u0131n qanunvericiliyi il\u0259 n\u0259z\u0259rd\u0259 tutulmay\u0131b. Xat\u0131rladaq ki, x\u00fcsusi karantin rejiminin t\u0259l\u0259bl\u0259rin\u0259 v\u0259 Nazirl\u0259r Kabineti yan\u0131nda Operativ\u00a0Q\u0259rargah\u0131n\u00a0t\u00f6vsiy\u0259l\u0259rin\u0259 uy\u011fun olaraq, Penitensiar v\u0259 tibbi xidm\u0259tl\u0259r g\u00fccl\u0259ndirilmi\u015f i\u015f rejimin\u0259&hellip;<\/p>\n","protected":false},"author":2,"featured_media":165236,"comment_status":"closed","ping_status":"closed","sticky":false,"template":"","format":"standard","meta":{"om_disable_all_campaigns":false,"_monsterinsights_skip_tracking":false,"_monsterinsights_sitenote_active":false,"_monsterinsights_sitenote_note":"","_monsterinsights_sitenote_category":0},"categories":[19],"tags":[],"aioseo_notices":[],"gutentor_comment":0,"rttpg_featured_image_url":{"full":["https:\/\/arantv.az\/wp-content\/uploads\/2020\/05\/1589456356_3194f418-f5e4-4063-8d80-8b5f8002d3d8_640-1.jpg",620,331,false],"landscape":["https:\/\/arantv.az\/wp-content\/uploads\/2020\/05\/1589456356_3194f418-f5e4-4063-8d80-8b5f8002d3d8_640-1.jpg",620,331,false],"portraits":["https:\/\/arantv.az\/wp-content\/uploads\/2020\/05\/1589456356_3194f418-f5e4-4063-8d80-8b5f8002d3d8_640-1.jpg",620,331,false],"thumbnail":["https:\/\/arantv.az\/wp-content\/uploads\/2020\/05\/1589456356_3194f418-f5e4-4063-8d80-8b5f8002d3d8_640-1-150x150.jpg",150,150,true],"medium":["https:\/\/arantv.az\/wp-content\/uploads\/2020\/05\/1589456356_3194f418-f5e4-4063-8d80-8b5f8002d3d8_640-1-300x160.jpg",300,160,true],"large":["https:\/\/arantv.az\/wp-content\/uploads\/2020\/05\/1589456356_3194f418-f5e4-4063-8d80-8b5f8002d3d8_640-1.jpg",620,331,false],"1536x1536":["https:\/\/arantv.az\/wp-content\/uploads\/2020\/05\/1589456356_3194f418-f5e4-4063-8d80-8b5f8002d3d8_640-1.jpg",620,331,false],"2048x2048":["https:\/\/arantv.az\/wp-content\/uploads\/2020\/05\/1589456356_3194f418-f5e4-4063-8d80-8b5f8002d3d8_640-1.jpg",620,331,false],"post-thumbnail":["https:\/\/arantv.az\/wp-content\/uploads\/2020\/05\/1589456356_3194f418-f5e4-4063-8d80-8b5f8002d3d8_640-1-240x172.jpg",240,172,true],"advps-thumb-one":["https:\/\/arantv.az\/wp-content\/uploads\/2020\/05\/1589456356_3194f418-f5e4-4063-8d80-8b5f8002d3d8_640-1.jpg",620,331,false]},"rttpg_author":{"display_name":"V\u00fcsal Rafiqo\u011flu","author_link":"https:\/\/arantv.az\/?author=2"},"rttpg_comment":0,"rttpg_category":"<a href=\"https:\/\/arantv.az\/?cat=19\" rel=\"category\">G\u00fcnd\u0259m<\/a>","rttpg_excerpt":"Az\u0259rbaycanda 33 m\u0259hbusda yeni n\u00f6v koronavirusa (COVID-19) yoluxma\u00a0a\u015fkar edilib. Bununla ba\u011fl\u0131 13 sayl\u0131 C\u0259za\u00e7\u0259km\u0259 M\u00fc\u0259ssis\u0259si d\u0259 daxil olmaqla, h\u0259bsxanalardak\u0131 i\u015f\u00e7il\u0259rd\u0259n v\u0259 m\u0259hkumlardan testl\u0259r g\u00f6t\u00fcr\u00fcl\u00fcb. \u201cM\u0259hkumlar d\u0259rhal Penitensiar Xidm\u0259tin\u00a0ixtisasla\u015fd\u0131r\u0131lm\u0131\u015f tibb\u00a0m\u00fc\u0259ssis\u0259sin\u0259 yerl\u0259\u015fdirilib, onlar\u0131n m\u00fcalic\u0259si \u00fc\u00e7\u00fcn t\u0259dbirl\u0259r g\u00f6r\u00fcl\u00fcr, haz\u0131rda h\u0259kiml\u0259rin n\u0259zar\u0259tind\u0259dirl\u0259r\u201d, &#8211; dey\u0259 Penitensiar Xidm\u0259tin \u0130ctimaiyy\u0259tl\u0259 \u0259laq\u0259l\u0259r \u015f\u00f6b\u0259sinin m\u00fcdiri Mehman Sad\u0131qov\u00a0Media.Az-a bildirib. Onun s\u00f6zl\u0259rin\u0259 g\u00f6r\u0259, epidemiyan\u0131n yay\u0131lmas\u0131 kontekstind\u0259&hellip;","_links":{"self":[{"href":"https:\/\/arantv.az\/index.php?rest_route=\/wp\/v2\/posts\/165235"}],"collection":[{"href":"https:\/\/arantv.az\/index.php?rest_route=\/wp\/v2\/posts"}],"about":[{"href":"https:\/\/arantv.az\/index.php?rest_route=\/wp\/v2\/types\/post"}],"author":[{"embeddable":true,"href":"https:\/\/arantv.az\/index.php?rest_route=\/wp\/v2\/users\/2"}],"replies":[{"embeddable":true,"href":"https:\/\/arantv.az\/index.php?rest_route=%2Fwp%2Fv2%2Fcomments&post=165235"}],"version-history":[{"count":0,"href":"https:\/\/arantv.az\/index.php?rest_route=\/wp\/v2\/posts\/165235\/revisions"}],"wp:featuredmedia":[{"embeddable":true,"href":"https:\/\/arantv.az\/index.php?rest_route=\/wp\/v2\/media\/165236"}],"wp:attachment":[{"href":"https:\/\/arantv.az\/index.php?rest_route=%2Fwp%2Fv2%2Fmedia&parent=165235"}],"wp:term":[{"taxonomy":"category","embeddable":true,"href":"https:\/\/arantv.az\/index.php?rest_route=%2Fwp%2Fv2%2Fcategories&post=165235"},{"taxonomy":"post_tag","embeddable":true,"href":"https:\/\/arantv.az\/index.php?rest_route=%2Fwp%2Fv2%2Ftags&post=165235"}],"curies":[{"name":"wp","href":"https:\/\/api.w.org\/{rel}","templated":true}]}}