{"id":165237,"date":"2020-05-14T20:47:38","date_gmt":"2020-05-14T17:47:38","guid":{"rendered":"http:\/\/arantv.az\/?p=165237"},"modified":"2020-05-14T20:47:38","modified_gmt":"2020-05-14T17:47:38","slug":"donald-tramp-az%c9%99rbaycan-prezidentini-t%c9%99brik-etdi","status":"publish","type":"post","link":"https:\/\/arantv.az\/?p=165237","title":{"rendered":"Donald Tramp Az\u0259rbaycan Prezidentini t\u0259brik etdi"},"content":{"rendered":"<p>Amerika Birl\u0259\u015fmi\u015f \u015etatlar\u0131n\u0131n Prezidenti Donald Tramp Az\u0259rbaycan Respublikas\u0131n\u0131n Prezidenti\u00a0\u0130lham \u018fliyev\u0259 28 May \u2013 Respublika G\u00fcn\u00fc m\u00fcnasib\u0259til\u0259 t\u0259brik m\u0259ktubu \u00fcnvanlay\u0131b.<\/p>\n<p><a href=\"https:\/\/azertag.az\/xeber\/Amerika_Birlesmis_Statlarinin_Prezidenti_Donald_Trampdan-1488029\" target=\"_blank\" rel=\"noopener\">AZ\u018fRTAC<\/a>\u00a0x\u0259b\u0259r verir ki, Prezident Donald Tramp m\u0259ktubunda 28 May \u2013 Respublika G\u00fcn\u00fc m\u00fcnasib\u0259til\u0259 Az\u0259rbaycan Prezidentin\u0259 v\u0259 xalq\u0131na Amerika xalq\u0131 ad\u0131ndan s\u0259mimi salamlar\u0131n\u0131 v\u0259 t\u0259brikl\u0259rini \u00e7atd\u0131r\u0131r.<\/p>\n<div id=\"AdviadNativeVideo0\" class=\"AdviadNativeVideo\"><\/div>\n<p>M\u0259ktubda deyilir: \u201cBirl\u0259\u015fmi\u015f \u015etatlar Az\u0259rbaycan\u0131n suverenliyini v\u0259 m\u00fcst\u0259qilliyini g\u00fccl\u00fc \u015f\u0259kild\u0259 d\u0259st\u0259kl\u0259yir.<\/p>\n<p>Birl\u0259\u015fmi\u015f \u015etatlar v\u0259 Az\u0259rbaycan beyn\u0259lxalq t\u0259hl\u00fck\u0259sizliyi g\u00fccl\u0259ndirm\u0259k, Avropan\u0131n enerji mar\u015frutlar\u0131n\u0131 v\u0259 m\u0259nb\u0259l\u0259rini \u015fax\u0259l\u0259ndirm\u0259k v\u0259 iki b\u00f6y\u00fck xalq\u0131n insanlar\u0131na parlaq g\u0259l\u0259c\u0259k qurmaq namin\u0259 t\u0259xmin\u0259n 30 il \u0259m\u0259kda\u015fl\u0131q edibl\u0259r. Bu sah\u0259l\u0259rd\u0259 Az\u0259rbaycan\u0131n m\u00fch\u00fcm t\u00f6hf\u0259l\u0259rini d\u0259y\u0259rl\u0259ndirir, d\u0259st\u0259kl\u0259nm\u0259sin\u0259 s\u00f6z verdiyimiz demokratik idar\u0259etm\u0259ni t\u0259\u015fviq ed\u0259n, habel\u0259 h\u00fcquq v\u0259 azadl\u0131qlar\u0131 qoruyan b\u00fct\u00fcn add\u0131mlar\u0131n at\u0131lmas\u0131na h\u0259v\u0259sl\u0259ndiririk. Koronavirus pandemiyas\u0131 il\u0259 \u00fczl\u0259\u015fdiyimiz bir vaxtda Birl\u0259\u015fmi\u015f \u015etatlar Az\u0259rbaycan xalq\u0131n\u0131n yan\u0131ndad\u0131r. Biz Minsk qrupunun h\u0259ms\u0259drl\u0259rind\u0259n biri kimi Da\u011fl\u0131q Qaraba\u011f m\u00fcnaqi\u015f\u0259sinin dayan\u0131ql\u0131 v\u0259 s\u00fclh yolu il\u0259 h\u0259lli \u00fc\u00e7\u00fcn dan\u0131\u015f\u0131qlar\u0131n d\u0259st\u0259kl\u0259nm\u0259sind\u0259 i\u015ftirak\u0131m\u0131z\u0131 davam etdir\u0259c\u0259yik.<\/p>\n<p>Xahi\u015f edir\u0259m 28 May \u2013 Respublika G\u00fcn\u00fc m\u00fcnasib\u0259til\u0259 t\u0259brikl\u0259rimi v\u0259 \u0259n xo\u015f arzular\u0131m\u0131 q\u0259bul ed\u0259siniz\u201d.<\/p>\n","protected":false},"excerpt":{"rendered":"<p>Amerika Birl\u0259\u015fmi\u015f \u015etatlar\u0131n\u0131n Prezidenti Donald Tramp Az\u0259rbaycan Respublikas\u0131n\u0131n Prezidenti\u00a0\u0130lham \u018fliyev\u0259 28 May \u2013 Respublika G\u00fcn\u00fc m\u00fcnasib\u0259til\u0259 t\u0259brik m\u0259ktubu \u00fcnvanlay\u0131b. AZ\u018fRTAC\u00a0x\u0259b\u0259r verir ki, Prezident Donald Tramp m\u0259ktubunda 28 May \u2013 Respublika G\u00fcn\u00fc m\u00fcnasib\u0259til\u0259 Az\u0259rbaycan Prezidentin\u0259 v\u0259 xalq\u0131na Amerika xalq\u0131 ad\u0131ndan s\u0259mimi salamlar\u0131n\u0131 v\u0259 t\u0259brikl\u0259rini \u00e7atd\u0131r\u0131r. M\u0259ktubda deyilir: \u201cBirl\u0259\u015fmi\u015f \u015etatlar Az\u0259rbaycan\u0131n suverenliyini v\u0259 m\u00fcst\u0259qilliyini g\u00fccl\u00fc \u015f\u0259kild\u0259 d\u0259st\u0259kl\u0259yir. Birl\u0259\u015fmi\u015f \u015etatlar v\u0259 Az\u0259rbaycan beyn\u0259lxalq t\u0259hl\u00fck\u0259sizliyi g\u00fccl\u0259ndirm\u0259k, Avropan\u0131n enerji mar\u015frutlar\u0131n\u0131 v\u0259 m\u0259nb\u0259l\u0259rini \u015fax\u0259l\u0259ndirm\u0259k v\u0259 iki b\u00f6y\u00fck xalq\u0131n insanlar\u0131na parlaq g\u0259l\u0259c\u0259k qurmaq namin\u0259 t\u0259xmin\u0259n 30 il \u0259m\u0259kda\u015fl\u0131q edibl\u0259r. Bu sah\u0259l\u0259rd\u0259 Az\u0259rbaycan\u0131n m\u00fch\u00fcm t\u00f6hf\u0259l\u0259rini d\u0259y\u0259rl\u0259ndirir, d\u0259st\u0259kl\u0259nm\u0259sin\u0259 s\u00f6z&hellip;<\/p>\n","protected":false},"author":2,"featured_media":165240,"comment_status":"closed","ping_status":"closed","sticky":false,"template":"","format":"standard","meta":{"om_disable_all_campaigns":false,"_monsterinsights_skip_tracking":false,"_monsterinsights_sitenote_active":false,"_monsterinsights_sitenote_note":"","_monsterinsights_sitenote_category":0},"categories":[1],"tags":[],"aioseo_notices":[],"gutentor_comment":0,"rttpg_featured_image_url":{"full":["https:\/\/arantv.az\/wp-content\/uploads\/2020\/05\/8122f366-b1e9-4a32-81f2-a80154efc074.jpg",620,349,false],"landscape":["https:\/\/arantv.az\/wp-content\/uploads\/2020\/05\/8122f366-b1e9-4a32-81f2-a80154efc074.jpg",620,349,false],"portraits":["https:\/\/arantv.az\/wp-content\/uploads\/2020\/05\/8122f366-b1e9-4a32-81f2-a80154efc074.jpg",620,349,false],"thumbnail":["https:\/\/arantv.az\/wp-content\/uploads\/2020\/05\/8122f366-b1e9-4a32-81f2-a80154efc074-150x150.jpg",150,150,true],"medium":["https:\/\/arantv.az\/wp-content\/uploads\/2020\/05\/8122f366-b1e9-4a32-81f2-a80154efc074-300x169.jpg",300,169,true],"large":["https:\/\/arantv.az\/wp-content\/uploads\/2020\/05\/8122f366-b1e9-4a32-81f2-a80154efc074.jpg",620,349,false],"1536x1536":["https:\/\/arantv.az\/wp-content\/uploads\/2020\/05\/8122f366-b1e9-4a32-81f2-a80154efc074.jpg",620,349,false],"2048x2048":["https:\/\/arantv.az\/wp-content\/uploads\/2020\/05\/8122f366-b1e9-4a32-81f2-a80154efc074.jpg",620,349,false],"post-thumbnail":["https:\/\/arantv.az\/wp-content\/uploads\/2020\/05\/8122f366-b1e9-4a32-81f2-a80154efc074-240x172.jpg",240,172,true],"advps-thumb-one":["https:\/\/arantv.az\/wp-content\/uploads\/2020\/05\/8122f366-b1e9-4a32-81f2-a80154efc074.jpg",620,349,false]},"rttpg_author":{"display_name":"V\u00fcsal Rafiqo\u011flu","author_link":"https:\/\/arantv.az\/?author=2"},"rttpg_comment":0,"rttpg_category":"<a href=\"https:\/\/arantv.az\/?cat=1\" rel=\"category\">C\u0259miyy\u0259t<\/a>","rttpg_excerpt":"Amerika Birl\u0259\u015fmi\u015f \u015etatlar\u0131n\u0131n Prezidenti Donald Tramp Az\u0259rbaycan Respublikas\u0131n\u0131n Prezidenti\u00a0\u0130lham \u018fliyev\u0259 28 May \u2013 Respublika G\u00fcn\u00fc m\u00fcnasib\u0259til\u0259 t\u0259brik m\u0259ktubu \u00fcnvanlay\u0131b. AZ\u018fRTAC\u00a0x\u0259b\u0259r verir ki, Prezident Donald Tramp m\u0259ktubunda 28 May \u2013 Respublika G\u00fcn\u00fc m\u00fcnasib\u0259til\u0259 Az\u0259rbaycan Prezidentin\u0259 v\u0259 xalq\u0131na Amerika xalq\u0131 ad\u0131ndan s\u0259mimi salamlar\u0131n\u0131 v\u0259 t\u0259brikl\u0259rini \u00e7atd\u0131r\u0131r. M\u0259ktubda deyilir: \u201cBirl\u0259\u015fmi\u015f \u015etatlar Az\u0259rbaycan\u0131n suverenliyini v\u0259 m\u00fcst\u0259qilliyini g\u00fccl\u00fc \u015f\u0259kild\u0259 d\u0259st\u0259kl\u0259yir.&hellip;","_links":{"self":[{"href":"https:\/\/arantv.az\/index.php?rest_route=\/wp\/v2\/posts\/165237"}],"collection":[{"href":"https:\/\/arantv.az\/index.php?rest_route=\/wp\/v2\/posts"}],"about":[{"href":"https:\/\/arantv.az\/index.php?rest_route=\/wp\/v2\/types\/post"}],"author":[{"embeddable":true,"href":"https:\/\/arantv.az\/index.php?rest_route=\/wp\/v2\/users\/2"}],"replies":[{"embeddable":true,"href":"https:\/\/arantv.az\/index.php?rest_route=%2Fwp%2Fv2%2Fcomments&post=165237"}],"version-history":[{"count":0,"href":"https:\/\/arantv.az\/index.php?rest_route=\/wp\/v2\/posts\/165237\/revisions"}],"wp:featuredmedia":[{"embeddable":true,"href":"https:\/\/arantv.az\/index.php?rest_route=\/wp\/v2\/media\/165240"}],"wp:attachment":[{"href":"https:\/\/arantv.az\/index.php?rest_route=%2Fwp%2Fv2%2Fmedia&parent=165237"}],"wp:term":[{"taxonomy":"category","embeddable":true,"href":"https:\/\/arantv.az\/index.php?rest_route=%2Fwp%2Fv2%2Fcategories&post=165237"},{"taxonomy":"post_tag","embeddable":true,"href":"https:\/\/arantv.az\/index.php?rest_route=%2Fwp%2Fv2%2Ftags&post=165237"}],"curies":[{"name":"wp","href":"https:\/\/api.w.org\/{rel}","templated":true}]}}