{"id":165263,"date":"2020-05-14T20:53:50","date_gmt":"2020-05-14T17:53:50","guid":{"rendered":"http:\/\/arantv.az\/?p=165263"},"modified":"2020-05-14T20:53:50","modified_gmt":"2020-05-14T17:53:50","slug":"az%c9%99rbaycanda-bacilarin-t%c9%99cavuz%c9%99-ugramasi-x%c9%99b%c9%99rl%c9%99rin%c9%99-r%c9%99smi-munasib%c9%99t","status":"publish","type":"post","link":"https:\/\/arantv.az\/?p=165263","title":{"rendered":"Az\u0259rbaycanda bac\u0131lar\u0131n t\u0259cav\u00fcz\u0259 u\u011framas\u0131 x\u0259b\u0259rl\u0259rin\u0259 R\u018fSM\u0130 M\u00dcNAS\u0130B\u018fT"},"content":{"rendered":"<p>Ba\u015f Prokurorluqda apar\u0131lm\u0131\u015f ara\u015fd\u0131rmalarla C\u0259lilabad rayon sakini, \u0259vv\u0259ll\u0259r m\u0259hkum olunmu\u015f \u018ffqan Sad\u0131qovun \u201cFacebook\u201d sosial \u015f\u0259b\u0259k\u0259sind\u0259 \u00f6z\u00fcn\u0259 m\u0259xsus s\u0259hif\u0259 vasit\u0259sil\u0259 q\u0259sd\u0259n v\u0259 q\u0259r\u0259zli \u015f\u0259kild\u0259, sensasiya namin\u0259 A\u011fcab\u0259di rayonu Taxtak\u00f6rp\u00fc q\u0259s\u0259b\u0259sind\u0259 m\u0259skunla\u015fan La\u00e7\u0131n rayonundan olan m\u0259cburi k\u00f6\u00e7k\u00fcn Aysel S\u0259limovan\u0131n ayr\u0131-ayr\u0131 \u015f\u0259xsl\u0259r t\u0259r\u0259find\u0259n guya zorak\u0131l\u0131\u011fa m\u0259ruz qalmas\u0131 il\u0259 ba\u011fl\u0131 m\u00fcraci\u0259tl\u0259rin polis v\u0259 prokurorluq orqanlar\u0131 t\u0259r\u0259find\u0259n qeyri-obyektiv ara\u015fd\u0131r\u0131lmas\u0131na dair m\u0259lumatlar yaymas\u0131 m\u00fc\u0259yy\u0259n edilib.<\/p>\n<p>Ba\u015f Prokurorlu\u011fun m\u0259tbuat xidm\u0259tind\u0259n\u00a0veril\u0259n m\u0259lumata g\u00f6r\u0259, ictimaiyy\u0259td\u0259 yanl\u0131\u015f fikrin formala\u015fd\u0131r\u0131lmas\u0131na xidm\u0259t etm\u0259kl\u0259 cinay\u0259tkarl\u0131\u011fa qar\u015f\u0131 m\u00fcbariz\u0259 sah\u0259sind\u0259 h\u00fcquq-m\u00fchafiz\u0259 orqanlar\u0131 t\u0259r\u0259find\u0259n h\u0259yata ke\u00e7iril\u0259n t\u0259dbirl\u0259rin \u00fcz\u0259rin\u0259 k\u00f6lg\u0259 salma\u011fa y\u00f6n\u0259l\u0259n h\u0259min m\u0259lumatlar h\u0259qiq\u0259ti \u0259ks etdirmir v\u0259 q\u0259ti \u015f\u0259kild\u0259 t\u0259kzib olunur.<\/p>\n<p>Bel\u0259 ki, Ba\u015f Prokurorluqda apar\u0131lm\u0131\u015f ara\u015fd\u0131rmalarla m\u00fc\u0259yy\u0259n olunub ki, A\u011fcab\u0259di rayonunun Taxtak\u00f6rp\u00fc q\u0259s\u0259b\u0259sind\u0259 ya\u015fayan Aysel S\u0259limova v\u0259 Ay\u015f\u0259n C\u0259f\u0259rova bac\u0131lar\u0131 t\u0259cav\u00fcz\u0259 m\u0259ruz qalmalar\u0131 bar\u0259d\u0259 rayon prokurorlu\u011funa, el\u0259c\u0259 d\u0259, rayon polis \u015f\u00f6b\u0259sin\u0259 h\u0259r hans\u0131 m\u00fcraci\u0259t etm\u0259yibl\u0259r v\u0259 bu bar\u0259d\u0259 ara\u015fd\u0131rma apar\u0131lmay\u0131b.<\/p>\n<div id=\"AdviadNativeVideo0\" class=\"AdviadNativeVideo\"><\/div>\n<p>Ara\u015fd\u0131rmalarla m\u00fc\u0259yy\u0259n edilib ki, \u0259vv\u0259ll\u0259r d\u0259 La\u00e7\u0131n rayonunun m\u00fcxt\u0259lif v\u0259zif\u0259li \u015f\u0259xsl\u0259rini a\u011f\u0131r v\u0259 ya x\u00fcsusil\u0259 a\u011f\u0131r cinay\u0259td\u0259 ittiham etm\u0259kl\u0259 onlara b\u00f6htan atmas\u0131 v\u0259 t\u0259hqir etm\u0259sin\u0259 g\u00f6r\u0259 \u018ffqan Sad\u0131qov x\u00fcsusi ittiham qaydas\u0131nda Cinay\u0259t M\u0259c\u0259ll\u0259sinin 147.2 (a\u011f\u0131r v\u0259 ya x\u00fcsusil\u0259 a\u011f\u0131r cinay\u0259td\u0259 ittiham etm\u0259kl\u0259 b\u00f6htan atma) v\u0259 148-ci (t\u0259hqir) madd\u0259l\u0259ri il\u0259 cinay\u0259t m\u0259suliyy\u0259tin\u0259 c\u0259lb edilm\u0259si \u00fc\u00e7\u00fcn ayr\u0131-ayr\u0131 \u015f\u0259xsl\u0259r t\u0259r\u0259find\u0259n C\u0259lilabad Rayon M\u0259hk\u0259m\u0259sin\u0259 edilmi\u015f m\u00fcraci\u0259tl\u0259r \u0259sas\u0131nda h\u0259r iki cinay\u0259t i\u015fi haz\u0131rda m\u0259hk\u0259m\u0259 bax\u0131\u015f\u0131 m\u0259rh\u0259l\u0259sind\u0259dir.<\/p>\n<p>\u018ffqan Sad\u0131qov m\u0259hk\u0259m\u0259y\u0259 verildikd\u0259n sonra sosial \u015f\u0259b\u0259k\u0259l\u0259rd\u0259 m\u00fct\u0259madi olaraq h\u0259min \u015f\u0259xsl\u0259r v\u0259 ayr\u0131-ayr\u0131 yerli d\u00f6vl\u0259t qurumlar\u0131 haqq\u0131nda q\u0259r\u0259zli, h\u0259qiq\u0259ti \u0259ks etdirm\u0259y\u0259n m\u0259lumatlar yaymaqdad\u0131r.<\/p>\n<p>H\u0259m\u00e7inin, qeyd edilib ki, Ay\u015f\u0259n C\u0259f\u0259rova v\u0259 anas\u0131 B\u0259n\u00f6v\u015f\u0259 N\u0259c\u0259fova \u0259riz\u0259 il\u0259 La\u00e7\u0131n Rayon Polis \u015e\u00f6b\u0259sin\u0259 m\u00fcraci\u0259t ed\u0259r\u0259k, \u018f.Sad\u0131qovun sosial \u015f\u0259b\u0259k\u0259l\u0259rd\u0259 yayd\u0131\u011f\u0131 b\u00f6htan xarakterli m\u0259lumatlarla ba\u011fl\u0131 bar\u0259sind\u0259 m\u00fcvafiq t\u0259dbirl\u0259rin g\u00f6r\u00fclm\u0259sini xahi\u015f edibl\u0259r.<\/p>\n","protected":false},"excerpt":{"rendered":"<p>Ba\u015f Prokurorluqda apar\u0131lm\u0131\u015f ara\u015fd\u0131rmalarla C\u0259lilabad rayon sakini, \u0259vv\u0259ll\u0259r m\u0259hkum olunmu\u015f \u018ffqan Sad\u0131qovun \u201cFacebook\u201d sosial \u015f\u0259b\u0259k\u0259sind\u0259 \u00f6z\u00fcn\u0259 m\u0259xsus s\u0259hif\u0259 vasit\u0259sil\u0259 q\u0259sd\u0259n v\u0259 q\u0259r\u0259zli \u015f\u0259kild\u0259, sensasiya namin\u0259 A\u011fcab\u0259di rayonu Taxtak\u00f6rp\u00fc q\u0259s\u0259b\u0259sind\u0259 m\u0259skunla\u015fan La\u00e7\u0131n rayonundan olan m\u0259cburi k\u00f6\u00e7k\u00fcn Aysel S\u0259limovan\u0131n ayr\u0131-ayr\u0131 \u015f\u0259xsl\u0259r t\u0259r\u0259find\u0259n guya zorak\u0131l\u0131\u011fa m\u0259ruz qalmas\u0131 il\u0259 ba\u011fl\u0131 m\u00fcraci\u0259tl\u0259rin polis v\u0259 prokurorluq orqanlar\u0131 t\u0259r\u0259find\u0259n qeyri-obyektiv ara\u015fd\u0131r\u0131lmas\u0131na dair m\u0259lumatlar yaymas\u0131 m\u00fc\u0259yy\u0259n edilib. Ba\u015f Prokurorlu\u011fun m\u0259tbuat xidm\u0259tind\u0259n\u00a0veril\u0259n m\u0259lumata g\u00f6r\u0259, ictimaiyy\u0259td\u0259 yanl\u0131\u015f fikrin formala\u015fd\u0131r\u0131lmas\u0131na xidm\u0259t etm\u0259kl\u0259 cinay\u0259tkarl\u0131\u011fa qar\u015f\u0131 m\u00fcbariz\u0259 sah\u0259sind\u0259 h\u00fcquq-m\u00fchafiz\u0259 orqanlar\u0131 t\u0259r\u0259find\u0259n h\u0259yata ke\u00e7iril\u0259n t\u0259dbirl\u0259rin \u00fcz\u0259rin\u0259 k\u00f6lg\u0259 salma\u011fa y\u00f6n\u0259l\u0259n h\u0259min m\u0259lumatlar h\u0259qiq\u0259ti \u0259ks etdirmir&hellip;<\/p>\n","protected":false},"author":2,"featured_media":165265,"comment_status":"closed","ping_status":"closed","sticky":false,"template":"","format":"standard","meta":{"om_disable_all_campaigns":false,"_monsterinsights_skip_tracking":false,"_monsterinsights_sitenote_active":false,"_monsterinsights_sitenote_note":"","_monsterinsights_sitenote_category":0},"categories":[3],"tags":[],"aioseo_notices":[],"gutentor_comment":0,"rttpg_featured_image_url":{"full":["https:\/\/arantv.az\/wp-content\/uploads\/2020\/05\/pr.jpg",620,414,false],"landscape":["https:\/\/arantv.az\/wp-content\/uploads\/2020\/05\/pr.jpg",620,414,false],"portraits":["https:\/\/arantv.az\/wp-content\/uploads\/2020\/05\/pr.jpg",620,414,false],"thumbnail":["https:\/\/arantv.az\/wp-content\/uploads\/2020\/05\/pr-150x150.jpg",150,150,true],"medium":["https:\/\/arantv.az\/wp-content\/uploads\/2020\/05\/pr-300x200.jpg",300,200,true],"large":["https:\/\/arantv.az\/wp-content\/uploads\/2020\/05\/pr.jpg",620,414,false],"1536x1536":["https:\/\/arantv.az\/wp-content\/uploads\/2020\/05\/pr.jpg",620,414,false],"2048x2048":["https:\/\/arantv.az\/wp-content\/uploads\/2020\/05\/pr.jpg",620,414,false],"post-thumbnail":["https:\/\/arantv.az\/wp-content\/uploads\/2020\/05\/pr-240x172.jpg",240,172,true],"advps-thumb-one":["https:\/\/arantv.az\/wp-content\/uploads\/2020\/05\/pr.jpg",620,414,false]},"rttpg_author":{"display_name":"V\u00fcsal Rafiqo\u011flu","author_link":"https:\/\/arantv.az\/?author=2"},"rttpg_comment":0,"rttpg_category":"<a href=\"https:\/\/arantv.az\/?cat=3\" rel=\"category\">Kriminal<\/a>","rttpg_excerpt":"Ba\u015f Prokurorluqda apar\u0131lm\u0131\u015f ara\u015fd\u0131rmalarla C\u0259lilabad rayon sakini, \u0259vv\u0259ll\u0259r m\u0259hkum olunmu\u015f \u018ffqan Sad\u0131qovun \u201cFacebook\u201d sosial \u015f\u0259b\u0259k\u0259sind\u0259 \u00f6z\u00fcn\u0259 m\u0259xsus s\u0259hif\u0259 vasit\u0259sil\u0259 q\u0259sd\u0259n v\u0259 q\u0259r\u0259zli \u015f\u0259kild\u0259, sensasiya namin\u0259 A\u011fcab\u0259di rayonu Taxtak\u00f6rp\u00fc q\u0259s\u0259b\u0259sind\u0259 m\u0259skunla\u015fan La\u00e7\u0131n rayonundan olan m\u0259cburi k\u00f6\u00e7k\u00fcn Aysel S\u0259limovan\u0131n ayr\u0131-ayr\u0131 \u015f\u0259xsl\u0259r t\u0259r\u0259find\u0259n guya zorak\u0131l\u0131\u011fa m\u0259ruz qalmas\u0131 il\u0259 ba\u011fl\u0131 m\u00fcraci\u0259tl\u0259rin polis v\u0259 prokurorluq orqanlar\u0131 t\u0259r\u0259find\u0259n qeyri-obyektiv ara\u015fd\u0131r\u0131lmas\u0131na dair&hellip;","_links":{"self":[{"href":"https:\/\/arantv.az\/index.php?rest_route=\/wp\/v2\/posts\/165263"}],"collection":[{"href":"https:\/\/arantv.az\/index.php?rest_route=\/wp\/v2\/posts"}],"about":[{"href":"https:\/\/arantv.az\/index.php?rest_route=\/wp\/v2\/types\/post"}],"author":[{"embeddable":true,"href":"https:\/\/arantv.az\/index.php?rest_route=\/wp\/v2\/users\/2"}],"replies":[{"embeddable":true,"href":"https:\/\/arantv.az\/index.php?rest_route=%2Fwp%2Fv2%2Fcomments&post=165263"}],"version-history":[{"count":0,"href":"https:\/\/arantv.az\/index.php?rest_route=\/wp\/v2\/posts\/165263\/revisions"}],"wp:featuredmedia":[{"embeddable":true,"href":"https:\/\/arantv.az\/index.php?rest_route=\/wp\/v2\/media\/165265"}],"wp:attachment":[{"href":"https:\/\/arantv.az\/index.php?rest_route=%2Fwp%2Fv2%2Fmedia&parent=165263"}],"wp:term":[{"taxonomy":"category","embeddable":true,"href":"https:\/\/arantv.az\/index.php?rest_route=%2Fwp%2Fv2%2Fcategories&post=165263"},{"taxonomy":"post_tag","embeddable":true,"href":"https:\/\/arantv.az\/index.php?rest_route=%2Fwp%2Fv2%2Ftags&post=165263"}],"curies":[{"name":"wp","href":"https:\/\/api.w.org\/{rel}","templated":true}]}}