{"id":165264,"date":"2020-05-14T20:54:23","date_gmt":"2020-05-14T17:54:23","guid":{"rendered":"http:\/\/arantv.az\/?p=165264"},"modified":"2020-05-14T20:54:23","modified_gmt":"2020-05-14T17:54:23","slug":"elnur-allahverdiyev-b%c9%99zi-s%c9%99hvl%c9%99rin-korrupsiya-%c9%99m%c9%99li-kimi-qiym%c9%99tl%c9%99ndirilm%c9%99si-c%c9%99hdi-musahid%c9%99-edilir","status":"publish","type":"post","link":"https:\/\/arantv.az\/?p=165264","title":{"rendered":"Elnur Allahverdiyev: \u201cB\u0259zi s\u0259hvl\u0259rin korrupsiya \u0259m\u0259li kimi qiym\u0259tl\u0259ndirilm\u0259si c\u0259hdi m\u00fc\u015fahid\u0259 edilir"},"content":{"rendered":"<p>\u201cPrezident \u0130lham \u018fliyevin r\u0259hb\u0259rliyi il\u0259 qlobal pandemiya \u2013 COVID-19 t\u0259hl\u00fck\u0259sin\u0259 qar\u015f\u0131 m\u00fcbariz\u0259d\u0259 Az\u0259rbaycan ilk qabaqlay\u0131c\u0131 add\u0131mlar atan \u00f6lk\u0259l\u0259rd\u0259ndir. M\u0259hz bu add\u0131mlar n\u0259tic\u0259sind\u0259 Az\u0259rbaycanda bu g\u00fcn\u0259 q\u0259d\u0259r v\u0259ziyy\u0259t tam n\u0259zar\u0259t alt\u0131nda saxlan\u0131l\u0131r v\u0259 bir \u00e7ox \u00f6lk\u0259l\u0259rl\u0259, o c\u00fcml\u0259d\u0259n, \u0259halisinin say\u0131 biz\u0259 yax\u0131n olan d\u00f6vl\u0259tl\u0259rl\u0259 m\u00fcqayis\u0259d\u0259 yoluxanlar\u0131n say\u0131 kifay\u0259t q\u0259d\u0259r azd\u0131r\u201d.<\/p>\n<p>Bunu Trend-\u0259 Milli M\u0259clisin deputat\u0131, \u0130qtisadi siyas\u0259t, s\u0259naye v\u0259 sahibkarl\u0131q komit\u0259sinin \u00fczv\u00fc Elnur Allahverdiyev pandemiya d\u00f6vr\u00fcnd\u0259 \u00f6lk\u0259 r\u0259hb\u0259rliyinin atd\u0131\u011f\u0131 q\u0259tiyy\u0259tli add\u0131mlar\u0131, h\u00f6kum\u0259tin apard\u0131\u011f\u0131 sosial-iqtisadi siyas\u0259ti \u015f\u0259rh ed\u0259rk\u0259n, h\u0259m\u00e7inin, g\u00f6r\u00fcl\u0259n t\u0259dbirl\u0259r\u0259 k\u00f6lg\u0259 salmaq v\u0259 q\u0259bul edilmi\u015f proqramlar\u0131n icras\u0131 zaman\u0131 ba\u015f vermi\u015f x\u0131rda texniki s\u0259hvl\u0259ri korrupsiya \u0259m\u0259li kimi t\u0259qdim etm\u0259k c\u0259hdl\u0259rin\u0259 m\u00fcnasib\u0259t bildir\u0259rk\u0259n deyib.<\/p>\n<p>Mill\u0259t v\u0259kili hesab edir ki, b\u00fct\u00fcn d\u00fcnyada m\u00f6vcud olan iqtisadi daralma fonunda \u00f6lk\u0259mizd\u0259 iqtisadi geril\u0259m\u0259nin ba\u015f verm\u0259m\u0259si \u00fc\u00e7\u00fcn Az\u0259rbaycan h\u00f6kum\u0259ti pandemiya v\u0259 postpandemiya d\u00f6vr\u00fcnd\u0259 iqtisadi art\u0131m\u0131 v\u0259 m\u0259\u015f\u011fullu\u011fu formala\u015fd\u0131ran sah\u0259l\u0259rin (tikinti sektoru, da\u011f-m\u0259d\u0259n s\u0259nayesi, neft-kimya s\u0259nayesi, r\u0259q\u0259msal iqtisadiyyat, n\u0259qliyyat, ticar\u0259t v\u0259 logistika, k\u0259nd t\u0259s\u0259rr\u00fcfat\u0131 v\u0259 emal s\u0259nayesi, telekommunikasiya, daxili turizm) inki\u015faf\u0131na d\u0259st\u0259k verilm\u0259si layih\u0259l\u0259rini davaml\u0131 olaraq t\u0259rtib etm\u0259li v\u0259 icras\u0131 istiqam\u0259tind\u0259 i\u015fl\u0259r g\u00f6rm\u0259lidir.<\/p>\n<div id=\"AdviadNativeVideo0\" class=\"AdviadNativeVideo\"><\/div>\n<p>E.Allahverdiyev qeyd edib ki, h\u00f6kum\u0259tin iqtisadi bloku t\u0259r\u0259find\u0259n aprel ay\u0131n\u0131n \u0259vv\u0259lind\u0259 haz\u0131rlanan v\u0259 \u00f6lk\u0259 r\u0259hb\u0259rliyi t\u0259r\u0259find\u0259n d\u0259st\u0259kl\u0259n\u0259n bir s\u0131ra proqramlara \u0259sas\u0259n, i\u015fsiz, qeyri-formal m\u0259\u015f\u011fulluqda f\u0259aliyy\u0259t g\u00f6st\u0259r\u0259n v\u0259 azt\u0259minatl\u0131 kateqoriyaya aid olan 600 min insan d\u00f6vl\u0259td\u0259n iki ay \u0259rzind\u0259 190 manat v\u0259sait al\u0131r. Pandemiyadan \u0259n \u00e7ox z\u0259r\u0259r \u00e7\u0259k\u0259n \u00f6z\u0259l sektorda 690 min insan\u0131n \u0259m\u0259khaqq\u0131s\u0131n\u0131n \u0259h\u0259miyy\u0259tli hiss\u0259si d\u00f6vl\u0259t t\u0259r\u0259find\u0259n \u00f6d\u0259nilir. D\u00f6vl\u0259t sektoruna g\u0259ldikd\u0259 is\u0259 burada \u00e7al\u0131\u015fan 900 min n\u0259f\u0259rin h\u0259r birinin \u0259m\u0259khaqq\u0131s\u0131 \u00f6d\u0259nilir. Bu v\u0259 dig\u0259r t\u0259dbirl\u0259r\u0259 d\u00f6vl\u0259timiz b\u00fct\u00f6vl\u00fckd\u0259 3,5 milyard manat v\u0259sait ay\u0131r\u0131b v\u0259 Prezidentin qeyd etdiyi kimi, \u0259lav\u0259 v\u0259sait laz\u0131m olarsa, m\u0259s\u0259l\u0259 m\u00fctl\u0259q qaydada \u00f6z h\u0259llini tapacaq.<\/p>\n<p>E.Allahverdiyevin s\u00f6zl\u0259rin\u0259 g\u00f6r\u0259, Az\u0259rbaycan Prezidentinin 2020-ci il 19 mart tarixli S\u0259r\u0259ncam\u0131n\u0131n 10.2-ci b\u0259ndinin icras\u0131 il\u0259 ba\u011fl\u0131 Nazirl\u0259r Kabineti t\u0259r\u0259find\u0259n t\u0259sdiq edilmi\u015f T\u0259dbirl\u0259r Plan\u0131na \u0259sas\u0259n, d\u00f6vl\u0259t t\u0259r\u0259find\u0259n pandemiyadan z\u04d9r\u04d9r \u00e7\u04d9k\u0259n vergi \u00f6d\u04d9yicil\u04d9rinin muzdlu i\u015f\u00e7il\u04d9rin\u04d9 \u04d9m\u04d9khaqq\u0131n\u0131n m\u00fc\u04d9yy\u04d9n hiss\u04d9sinin \u00f6d\u04d9nilm\u04d9si t\u0259dbirl\u0259rinin icras\u0131 \u00fc\u00e7\u00fcn 215 milyon manat v\u0259sait n\u0259z\u0259rd\u0259 tutulub. 07.05.2020-ci il tarixin\u0259 muzdlu i\u015f\u00e7il\u0259rinin say\u0131 252 065 n\u0259f\u0259r olan 26 495 vergi \u00f6d\u0259yicisi maliyy\u0259 d\u0259st\u0259yi almaq \u00fc\u00e7\u00fcn m\u00fcraci\u0259t edib, 195 156 n\u0259f\u0259r i\u015f\u00e7isi olan 21 564 vergi \u00f6d\u0259yicisin\u0259 42 956 200\u00a0manat faktiki \u00f6d\u0259ni\u015f edilib.<\/p>\n<p>Deputat \u0259lav\u0259 edib ki, f\u0259rdi (mikro) sahibkarlara maliyy\u0259 d\u0259st\u0259yi proqram\u0131n\u0131n icras\u0131 \u00fc\u00e7\u00fcn n\u0259z\u0259rd\u0259 tutulmu\u015f v\u0259saitin h\u0259cmi 80 milyon manatd\u0131r. 07.05.2020-ci il tarixin\u0259 98 504 vergi \u00f6d\u0259yicisi t\u0259r\u0259find\u0259n m\u00fcvafiq m\u00fcraci\u0259t edilib, 89 742 m\u00fcraci\u0259t ara\u015fd\u0131r\u0131l\u0131b, 85 814 vergi \u00f6d\u0259yicisin\u0259 52 156 600 manat faktiki \u00f6d\u0259ni\u015f h\u0259yata ke\u00e7irilib.<\/p>\n<p>E.Allahverdiyev vur\u011fulay\u0131b ki, Az\u0259rbaycan h\u00f6kum\u0259ti n\u0259inki qeyd edil\u0259n maliyy\u0259 d\u0259st\u0259yi proqramlar\u0131n\u0131 h\u0259yata ke\u00e7irir, bununla yana\u015f\u0131, n\u00fcmun\u0259vi \u015f\u0259ffafl\u0131q v\u0259 hesabatl\u0131l\u0131q prinsipl\u0259rin\u0259 d\u0259 \u0259m\u0259l edir. Bel\u0259 ki, bu m\u0259qs\u0259dl\u0259 h\u0259r iki proqram \u00fczr\u0259 maliyy\u0259 d\u0259st\u0259yi alan vergi \u00f6d\u0259yicil\u0259rinin siyah\u0131s\u0131 \u0130qtisadiyyat Nazirliyinin r\u0259smi internet s\u0259hif\u0259sind\u0259 (<a href=\"http:\/\/www.economy.gov.az\/\" target=\"_blank\" rel=\"noopener\">www.economy.gov.az<\/a>) yerl\u0259\u015fdirilib v\u0259 siyah\u0131 m\u00fct\u0259madi olaraq yenil\u0259nir:<\/p>\n<p>\u201cKoronavirus pandemiyas\u0131ndan z\u04d9r\u04d9r \u00e7\u04d9kdiyin\u04d9 g\u00f6r\u04d9 d\u00f6vl\u04d9td\u04d9n maliyy\u04d9 d\u04d9st\u04d9yi almaq \u00fc\u00e7\u00fcn m\u00fcraci\u0259t ed\u0259n vergi \u00f6d\u04d9yicil\u0259ri \u0130qtisadiyyat Nazirliyinin r\u0259smi internet s\u0259hif\u0259l\u0259rind\u0259ki siyah\u0131lar \u00fczr\u0259 maliyy\u0259 d\u0259st\u0259yi al\u0131b-almad\u0131qlar\u0131 bar\u0259d\u0259 m\u0259lumat ala bilirl\u0259r. H\u0259r iki proqram \u00fczr\u0259 sahibkarlar\u0131n m\u00fcraci\u0259t etm\u0259sini asanla\u015fd\u0131rmaq \u00fc\u00e7\u00fcn haz\u0131rlanm\u0131\u015f videot\u0259limatlar \u0130qtisadiyyat Nazirliyinin r\u0259smi internet s\u0259hif\u0259sind\u0259 v\u0259 sosial \u015f\u0259b\u0259k\u0259 s\u0259hif\u0259l\u0259rind\u0259 yerl\u0259\u015fdirilib. Nazirliyin n\u00fcmay\u0259nd\u0259l\u0259ri mediada m\u00fct\u0259madi olaraq maarifl\u0259ndirici a\u00e7\u0131qlamalarla \u00e7\u0131x\u0131\u015f edirl\u0259r. \u015e\u0259ffafl\u0131q v\u0259 hesabatl\u0131l\u0131q prinsipin\u0259 eyniyl\u0259 \u018fm\u0259k v\u0259 \u018fhalinin Sosial M\u00fcdafi\u0259si Nazirliyi t\u0259r\u0259find\u0259n d\u0259 \u0259m\u0259l edilir. 190 manatl\u0131q maddi yard\u0131m\u0131 alan \u015f\u0259xsl\u0259r bar\u0259d\u0259 m\u00fcvafiq m\u0259lumatlar Nazirliyin r\u0259smi internet v\u0259 sosial \u015f\u0259b\u0259k\u0259l\u0259rd\u0259ki s\u0259hif\u0259l\u0259rind\u0259 yerl\u0259\u015fdirilir. B\u00fct\u00fcn m\u0259lumatlar ictimaiyy\u0259t \u00fc\u00e7\u00fcn a\u00e7\u0131qd\u0131r\u201d.<\/p>\n<p>E. Allahverdiyev ba\u015fqa bir m\u0259s\u0259l\u0259y\u0259 d\u0259 toxunaraq bildirib ki, son g\u00fcnl\u0259r sosial \u015f\u0259b\u0259k\u0259l\u0259rd\u0259 190 manatl\u0131q maddi yard\u0131m\u0131n \u00f6d\u0259nilm\u0259sind\u0259 n\u00f6qsanlar\u0131n olmas\u0131, bir \u015f\u0259xs\u0259 bir ne\u00e7\u0259 d\u0259f\u0259 \u00f6d\u0259ni\u015fin verilm\u0259si, el\u0259c\u0259 d\u0259 \u0130qtisadiyyat Nazirliyinin x\u0259tti il\u0259 sahibkarlara maliyy\u0259 d\u0259st\u0259yinin g\u00f6st\u0259rilm\u0259sind\u0259 pozuntu hallar\u0131n\u0131n ba\u015f verm\u0259si kimi m\u0259lumatlar yay\u0131l\u0131r v\u0259 b\u0259zi \u015f\u0259xl\u0259r t\u0259r\u0259find\u0259n bel\u0259 hallar\u0131n korrupsiya \u0259m\u0259li kimi qiym\u0259tl\u0259ndirilm\u0259si c\u0259hdi m\u00fc\u015fahid\u0259 edilir.<\/p>\n<p>Mill\u0259t v\u0259kili hesab edir ki, bel\u0259 hallar, h\u0259tta ba\u015f veribs\u0259 bel\u0259, bu, m\u00fcraci\u0259tl\u0259rin \u00e7oxlu\u011fu v\u0259 onlar\u0131n ara\u015fd\u0131r\u0131lmas\u0131na t\u0259l\u0259b olunan vaxt v\u0259 resurslar\u0131n m\u0259hdudlu\u011fu, elektron sisteml\u0259rin y\u00fckl\u0259nm\u0259si v\u0259 sair bu tipli texniki s\u0259b\u0259bl\u0259rl\u0259 \u0259laq\u0259dar ola bil\u0259r.<\/p>\n<p>Haz\u0131rk\u0131 h\u0259ssas d\u00f6vrd\u0259 h\u0259r iki nazirlik t\u0259r\u0259find\u0259n sosial-iqtisadi d\u0259st\u0259y\u0259 hesablanan t\u0259dbirl\u0259r \u00e7\u0259r\u00e7iv\u0259sind\u0259 h\u0259r hans\u0131 korrupsiya hallar\u0131n\u0131 istisna ed\u0259n mill\u0259t v\u0259kili E.Allahverdiyev hesab edir ki, \u0130qtisadiyyat v\u0259 \u018fm\u0259k v\u0259 \u018fhalinin Sosial M\u00fcdafi\u0259si nazirlikl\u0259rinin m\u00fcvafiq qurumlar\u0131 sosial \u015f\u0259b\u0259k\u0259l\u0259rd\u0259 yay\u0131lan v\u0259 pozuntu hallar\u0131 kimi t\u0259qdim edil\u0259n sor\u011fulara m\u00fcnasib\u0259t bildir\u0259c\u0259kl\u0259r.<\/p>\n","protected":false},"excerpt":{"rendered":"<p>\u201cPrezident \u0130lham \u018fliyevin r\u0259hb\u0259rliyi il\u0259 qlobal pandemiya \u2013 COVID-19 t\u0259hl\u00fck\u0259sin\u0259 qar\u015f\u0131 m\u00fcbariz\u0259d\u0259 Az\u0259rbaycan ilk qabaqlay\u0131c\u0131 add\u0131mlar atan \u00f6lk\u0259l\u0259rd\u0259ndir. M\u0259hz bu add\u0131mlar n\u0259tic\u0259sind\u0259 Az\u0259rbaycanda bu g\u00fcn\u0259 q\u0259d\u0259r v\u0259ziyy\u0259t tam n\u0259zar\u0259t alt\u0131nda saxlan\u0131l\u0131r v\u0259 bir \u00e7ox \u00f6lk\u0259l\u0259rl\u0259, o c\u00fcml\u0259d\u0259n, \u0259halisinin say\u0131 biz\u0259 yax\u0131n olan d\u00f6vl\u0259tl\u0259rl\u0259 m\u00fcqayis\u0259d\u0259 yoluxanlar\u0131n say\u0131 kifay\u0259t q\u0259d\u0259r azd\u0131r\u201d. Bunu Trend-\u0259 Milli M\u0259clisin deputat\u0131, \u0130qtisadi siyas\u0259t, s\u0259naye v\u0259 sahibkarl\u0131q komit\u0259sinin \u00fczv\u00fc Elnur Allahverdiyev pandemiya d\u00f6vr\u00fcnd\u0259 \u00f6lk\u0259 r\u0259hb\u0259rliyinin atd\u0131\u011f\u0131 q\u0259tiyy\u0259tli add\u0131mlar\u0131, h\u00f6kum\u0259tin apard\u0131\u011f\u0131 sosial-iqtisadi siyas\u0259ti \u015f\u0259rh ed\u0259rk\u0259n, h\u0259m\u00e7inin, g\u00f6r\u00fcl\u0259n t\u0259dbirl\u0259r\u0259 k\u00f6lg\u0259 salmaq v\u0259 q\u0259bul edilmi\u015f proqramlar\u0131n icras\u0131 zaman\u0131 ba\u015f vermi\u015f x\u0131rda&hellip;<\/p>\n","protected":false},"author":2,"featured_media":165267,"comment_status":"closed","ping_status":"closed","sticky":false,"template":"","format":"standard","meta":{"om_disable_all_campaigns":false,"_monsterinsights_skip_tracking":false,"_monsterinsights_sitenote_active":false,"_monsterinsights_sitenote_note":"","_monsterinsights_sitenote_category":0},"categories":[19],"tags":[],"aioseo_notices":[],"gutentor_comment":0,"rttpg_featured_image_url":{"full":["https:\/\/arantv.az\/wp-content\/uploads\/2020\/05\/elnur_allahverdiyev_140520.jpg",620,422,false],"landscape":["https:\/\/arantv.az\/wp-content\/uploads\/2020\/05\/elnur_allahverdiyev_140520.jpg",620,422,false],"portraits":["https:\/\/arantv.az\/wp-content\/uploads\/2020\/05\/elnur_allahverdiyev_140520.jpg",620,422,false],"thumbnail":["https:\/\/arantv.az\/wp-content\/uploads\/2020\/05\/elnur_allahverdiyev_140520-150x150.jpg",150,150,true],"medium":["https:\/\/arantv.az\/wp-content\/uploads\/2020\/05\/elnur_allahverdiyev_140520-300x204.jpg",300,204,true],"large":["https:\/\/arantv.az\/wp-content\/uploads\/2020\/05\/elnur_allahverdiyev_140520.jpg",620,422,false],"1536x1536":["https:\/\/arantv.az\/wp-content\/uploads\/2020\/05\/elnur_allahverdiyev_140520.jpg",620,422,false],"2048x2048":["https:\/\/arantv.az\/wp-content\/uploads\/2020\/05\/elnur_allahverdiyev_140520.jpg",620,422,false],"post-thumbnail":["https:\/\/arantv.az\/wp-content\/uploads\/2020\/05\/elnur_allahverdiyev_140520-240x172.jpg",240,172,true],"advps-thumb-one":["https:\/\/arantv.az\/wp-content\/uploads\/2020\/05\/elnur_allahverdiyev_140520.jpg",620,422,false]},"rttpg_author":{"display_name":"V\u00fcsal Rafiqo\u011flu","author_link":"https:\/\/arantv.az\/?author=2"},"rttpg_comment":0,"rttpg_category":"<a href=\"https:\/\/arantv.az\/?cat=19\" rel=\"category\">G\u00fcnd\u0259m<\/a>","rttpg_excerpt":"\u201cPrezident \u0130lham \u018fliyevin r\u0259hb\u0259rliyi il\u0259 qlobal pandemiya \u2013 COVID-19 t\u0259hl\u00fck\u0259sin\u0259 qar\u015f\u0131 m\u00fcbariz\u0259d\u0259 Az\u0259rbaycan ilk qabaqlay\u0131c\u0131 add\u0131mlar atan \u00f6lk\u0259l\u0259rd\u0259ndir. M\u0259hz bu add\u0131mlar n\u0259tic\u0259sind\u0259 Az\u0259rbaycanda bu g\u00fcn\u0259 q\u0259d\u0259r v\u0259ziyy\u0259t tam n\u0259zar\u0259t alt\u0131nda saxlan\u0131l\u0131r v\u0259 bir \u00e7ox \u00f6lk\u0259l\u0259rl\u0259, o c\u00fcml\u0259d\u0259n, \u0259halisinin say\u0131 biz\u0259 yax\u0131n olan d\u00f6vl\u0259tl\u0259rl\u0259 m\u00fcqayis\u0259d\u0259 yoluxanlar\u0131n say\u0131 kifay\u0259t q\u0259d\u0259r azd\u0131r\u201d. Bunu Trend-\u0259 Milli M\u0259clisin deputat\u0131, \u0130qtisadi&hellip;","_links":{"self":[{"href":"https:\/\/arantv.az\/index.php?rest_route=\/wp\/v2\/posts\/165264"}],"collection":[{"href":"https:\/\/arantv.az\/index.php?rest_route=\/wp\/v2\/posts"}],"about":[{"href":"https:\/\/arantv.az\/index.php?rest_route=\/wp\/v2\/types\/post"}],"author":[{"embeddable":true,"href":"https:\/\/arantv.az\/index.php?rest_route=\/wp\/v2\/users\/2"}],"replies":[{"embeddable":true,"href":"https:\/\/arantv.az\/index.php?rest_route=%2Fwp%2Fv2%2Fcomments&post=165264"}],"version-history":[{"count":0,"href":"https:\/\/arantv.az\/index.php?rest_route=\/wp\/v2\/posts\/165264\/revisions"}],"wp:featuredmedia":[{"embeddable":true,"href":"https:\/\/arantv.az\/index.php?rest_route=\/wp\/v2\/media\/165267"}],"wp:attachment":[{"href":"https:\/\/arantv.az\/index.php?rest_route=%2Fwp%2Fv2%2Fmedia&parent=165264"}],"wp:term":[{"taxonomy":"category","embeddable":true,"href":"https:\/\/arantv.az\/index.php?rest_route=%2Fwp%2Fv2%2Fcategories&post=165264"},{"taxonomy":"post_tag","embeddable":true,"href":"https:\/\/arantv.az\/index.php?rest_route=%2Fwp%2Fv2%2Ftags&post=165264"}],"curies":[{"name":"wp","href":"https:\/\/api.w.org\/{rel}","templated":true}]}}