{"id":165272,"date":"2020-05-14T20:55:56","date_gmt":"2020-05-14T17:55:56","guid":{"rendered":"http:\/\/arantv.az\/?p=165272"},"modified":"2020-05-14T20:55:56","modified_gmt":"2020-05-14T17:55:56","slug":"mirsahin-agayev-real-tv-h%c9%99m-yerustu-yayimda-h%c9%99m-d%c9%99-peyk-yayiminda-f%c9%99aliyy%c9%99tini-davam-etdirir","status":"publish","type":"post","link":"https:\/\/arantv.az\/?p=165272","title":{"rendered":"Mir\u015fahin A\u011fayev: \u201cREAL TV\u201d h\u0259m yer\u00fcst\u00fc yay\u0131mda, h\u0259m d\u0259 peyk yay\u0131m\u0131nda f\u0259aliyy\u0259tini davam etdirir\u201d"},"content":{"rendered":"<p>&#8220;MTR\u015e-n\u0131n &#8220;REAL TV&#8221; il\u0259 ba\u011fl\u0131 q\u0259rar\u0131 il\u0259 \u0259laq\u0259dar \u00e7oxlu z\u0259ngl\u0259r, suallar g\u0259lir. B\u0259zi saytlar\u0131n \u0259m\u0259kda\u015flar\u0131 q\u0259rar\u0131 tam oxumad\u0131qlar\u0131ndan v\u0259 ya oxuduqlar\u0131ndan d\u00fczg\u00fcn n\u0259tic\u0259 \u00e7\u0131xara bilm\u0259dikl\u0259rind\u0259n bunu &#8220;REAL TV&#8221;-nin guya ba\u011fland\u0131\u011f\u0131 bar\u0259d\u0259 yalan x\u0259b\u0259rl\u0259r yay\u0131rlar&#8221;.<\/p>\n<p>ARANTV.AZ APA-ya istinad\u0259n x\u0259b\u0259r verir ki,\u00a0bunu &#8220;Real T\u0259hlil \u0130nformasiya M\u0259rk\u0259zi&#8221; MMC-nin ba\u015f direktoru Mir\u015fahin A\u011fayev &#8220;Facebook&#8221; s\u0259hif\u0259sind\u0259ki payla\u015f\u0131m\u0131nda deyib.<\/p>\n<p>M.A\u011fayev MTR\u015e-n\u0131n m\u0259lum q\u0259rar\u0131n\u0131 xat\u0131rladaraq bildirib:<\/p>\n<p>&#8220;Haz\u0131rda &#8220;Real T\u0259hlil \u0130nformasiya M\u0259rk\u0259zi&#8221; MMC-nin \u00fcmum-\u00f6lk\u0259 televiziya yay\u0131m\u0131 \u00fc\u00e7\u00fcn Milli Televiziya v\u0259 Radio \u015euras\u0131 t\u0259r\u0259find\u0259n veril\u0259n 23 aprel 2019-cu il tarixli 197 qeydiyyat n\u00f6mr\u0259li lisenziyaya malik oldu\u011funu, bu lisenziyan\u0131n da b\u00fct\u00fcn yer\u00fcst\u00fc, kabel, peyk, \u0130PTV operatorlar\u0131nda yay\u0131mlanmaq h\u00fcququ verdiyini n\u0259z\u0259r\u0259 alaraq, \u015eura &#8220;Real T\u0259hlil \u0130nformasiya M\u0259rk\u0259zi&#8221; MMC-y\u0259 peyk yay\u0131m\u0131 \u00fc\u00e7\u00fcn verdiyi 5 mart 2018-ci il tarixd\u0259 186 qeydiyyat n\u00f6mr\u0259li lisenziyan\u0131n l\u0259\u011fv olunmas\u0131 haqq\u0131nda q\u0259rar \u00e7\u0131xarm\u0131\u015fd\u0131r.<\/p>\n<div>\n<div id=\"AdviadNativeVideo0\" class=\"AdviadNativeVideo\"><\/div>\n<\/div>\n<p>Y\u0259ni &#8220;REAL TV&#8221;-y\u0259 23 aprel 2019-cu il tarixd\u0259 veril\u0259n lisenziya h\u0259m d\u0259 peyk yay\u0131m\u0131 \u00fc\u00e7\u00fcn icaz\u0259dir. \u0130ki lisenziya peyk yay\u0131m\u0131 hiss\u0259sind\u0259 bir-birini t\u0259krarlad\u0131\u011f\u0131 \u00fc\u00e7\u00fcn onlardan daha m\u0259hdud olan\u0131 l\u0259\u011fv edilib. Bu is\u0259 o dem\u0259kdir ki, &#8220;REAL TV&#8221; h\u0259m yer\u00fcst\u00fc yay\u0131mda, h\u0259m d\u0259 peyk yay\u0131m\u0131nda f\u0259aliyy\u0259tini davam etdirir&#8221;.<\/p>\n","protected":false},"excerpt":{"rendered":"<p>&#8220;MTR\u015e-n\u0131n &#8220;REAL TV&#8221; il\u0259 ba\u011fl\u0131 q\u0259rar\u0131 il\u0259 \u0259laq\u0259dar \u00e7oxlu z\u0259ngl\u0259r, suallar g\u0259lir. B\u0259zi saytlar\u0131n \u0259m\u0259kda\u015flar\u0131 q\u0259rar\u0131 tam oxumad\u0131qlar\u0131ndan v\u0259 ya oxuduqlar\u0131ndan d\u00fczg\u00fcn n\u0259tic\u0259 \u00e7\u0131xara bilm\u0259dikl\u0259rind\u0259n bunu &#8220;REAL TV&#8221;-nin guya ba\u011fland\u0131\u011f\u0131 bar\u0259d\u0259 yalan x\u0259b\u0259rl\u0259r yay\u0131rlar&#8221;. ARANTV.AZ APA-ya istinad\u0259n x\u0259b\u0259r verir ki,\u00a0bunu &#8220;Real T\u0259hlil \u0130nformasiya M\u0259rk\u0259zi&#8221; MMC-nin ba\u015f direktoru Mir\u015fahin A\u011fayev &#8220;Facebook&#8221; s\u0259hif\u0259sind\u0259ki payla\u015f\u0131m\u0131nda deyib. M.A\u011fayev MTR\u015e-n\u0131n m\u0259lum q\u0259rar\u0131n\u0131 xat\u0131rladaraq bildirib: &#8220;Haz\u0131rda &#8220;Real T\u0259hlil \u0130nformasiya M\u0259rk\u0259zi&#8221; MMC-nin \u00fcmum-\u00f6lk\u0259 televiziya yay\u0131m\u0131 \u00fc\u00e7\u00fcn Milli Televiziya v\u0259 Radio \u015euras\u0131 t\u0259r\u0259find\u0259n veril\u0259n 23 aprel 2019-cu il tarixli 197 qeydiyyat n\u00f6mr\u0259li lisenziyaya malik oldu\u011funu, bu lisenziyan\u0131n da&hellip;<\/p>\n","protected":false},"author":2,"featured_media":165273,"comment_status":"closed","ping_status":"closed","sticky":false,"template":"","format":"standard","meta":{"om_disable_all_campaigns":false,"_monsterinsights_skip_tracking":false,"_monsterinsights_sitenote_active":false,"_monsterinsights_sitenote_note":"","_monsterinsights_sitenote_category":0},"categories":[24],"tags":[],"aioseo_notices":[],"gutentor_comment":0,"rttpg_featured_image_url":{"full":["https:\/\/arantv.az\/wp-content\/uploads\/2020\/05\/mirsahin_28348756.jpg",800,600,false],"landscape":["https:\/\/arantv.az\/wp-content\/uploads\/2020\/05\/mirsahin_28348756.jpg",800,600,false],"portraits":["https:\/\/arantv.az\/wp-content\/uploads\/2020\/05\/mirsahin_28348756.jpg",800,600,false],"thumbnail":["https:\/\/arantv.az\/wp-content\/uploads\/2020\/05\/mirsahin_28348756-150x150.jpg",150,150,true],"medium":["https:\/\/arantv.az\/wp-content\/uploads\/2020\/05\/mirsahin_28348756-300x225.jpg",300,225,true],"large":["https:\/\/arantv.az\/wp-content\/uploads\/2020\/05\/mirsahin_28348756.jpg",640,480,false],"1536x1536":["https:\/\/arantv.az\/wp-content\/uploads\/2020\/05\/mirsahin_28348756.jpg",800,600,false],"2048x2048":["https:\/\/arantv.az\/wp-content\/uploads\/2020\/05\/mirsahin_28348756.jpg",800,600,false],"post-thumbnail":["https:\/\/arantv.az\/wp-content\/uploads\/2020\/05\/mirsahin_28348756-240x172.jpg",240,172,true],"advps-thumb-one":["https:\/\/arantv.az\/wp-content\/uploads\/2020\/05\/mirsahin_28348756.jpg",800,600,false]},"rttpg_author":{"display_name":"V\u00fcsal Rafiqo\u011flu","author_link":"https:\/\/arantv.az\/?author=2"},"rttpg_comment":0,"rttpg_category":"<a href=\"https:\/\/arantv.az\/?cat=24\" rel=\"category\">Maraql\u0131<\/a>","rttpg_excerpt":"&#8220;MTR\u015e-n\u0131n &#8220;REAL TV&#8221; il\u0259 ba\u011fl\u0131 q\u0259rar\u0131 il\u0259 \u0259laq\u0259dar \u00e7oxlu z\u0259ngl\u0259r, suallar g\u0259lir. B\u0259zi saytlar\u0131n \u0259m\u0259kda\u015flar\u0131 q\u0259rar\u0131 tam oxumad\u0131qlar\u0131ndan v\u0259 ya oxuduqlar\u0131ndan d\u00fczg\u00fcn n\u0259tic\u0259 \u00e7\u0131xara bilm\u0259dikl\u0259rind\u0259n bunu &#8220;REAL TV&#8221;-nin guya ba\u011fland\u0131\u011f\u0131 bar\u0259d\u0259 yalan x\u0259b\u0259rl\u0259r yay\u0131rlar&#8221;. ARANTV.AZ APA-ya istinad\u0259n x\u0259b\u0259r verir ki,\u00a0bunu &#8220;Real T\u0259hlil \u0130nformasiya M\u0259rk\u0259zi&#8221; MMC-nin ba\u015f direktoru Mir\u015fahin A\u011fayev &#8220;Facebook&#8221; s\u0259hif\u0259sind\u0259ki payla\u015f\u0131m\u0131nda deyib. M.A\u011fayev MTR\u015e-n\u0131n&hellip;","_links":{"self":[{"href":"https:\/\/arantv.az\/index.php?rest_route=\/wp\/v2\/posts\/165272"}],"collection":[{"href":"https:\/\/arantv.az\/index.php?rest_route=\/wp\/v2\/posts"}],"about":[{"href":"https:\/\/arantv.az\/index.php?rest_route=\/wp\/v2\/types\/post"}],"author":[{"embeddable":true,"href":"https:\/\/arantv.az\/index.php?rest_route=\/wp\/v2\/users\/2"}],"replies":[{"embeddable":true,"href":"https:\/\/arantv.az\/index.php?rest_route=%2Fwp%2Fv2%2Fcomments&post=165272"}],"version-history":[{"count":0,"href":"https:\/\/arantv.az\/index.php?rest_route=\/wp\/v2\/posts\/165272\/revisions"}],"wp:featuredmedia":[{"embeddable":true,"href":"https:\/\/arantv.az\/index.php?rest_route=\/wp\/v2\/media\/165273"}],"wp:attachment":[{"href":"https:\/\/arantv.az\/index.php?rest_route=%2Fwp%2Fv2%2Fmedia&parent=165272"}],"wp:term":[{"taxonomy":"category","embeddable":true,"href":"https:\/\/arantv.az\/index.php?rest_route=%2Fwp%2Fv2%2Fcategories&post=165272"},{"taxonomy":"post_tag","embeddable":true,"href":"https:\/\/arantv.az\/index.php?rest_route=%2Fwp%2Fv2%2Ftags&post=165272"}],"curies":[{"name":"wp","href":"https:\/\/api.w.org\/{rel}","templated":true}]}}