{"id":165276,"date":"2020-05-14T20:59:37","date_gmt":"2020-05-14T17:59:37","guid":{"rendered":"http:\/\/arantv.az\/?p=165276"},"modified":"2020-05-14T20:59:37","modified_gmt":"2020-05-14T17:59:37","slug":"sevinc-f%c9%99t%c9%99liyeva-avropa-ittifaqi-surasinin-q%c9%99rari-az%c9%99rbaycanin-novb%c9%99ti-diplomatik-q%c9%99l%c9%99b%c9%99sidir","status":"publish","type":"post","link":"https:\/\/arantv.az\/?p=165276","title":{"rendered":"Sevinc F\u0259t\u0259liyeva: Avropa \u0130ttifaq\u0131 \u015euras\u0131n\u0131n q\u0259rar\u0131 Az\u0259rbaycan\u0131n n\u00f6vb\u0259ti diplomatik q\u0259l\u0259b\u0259sidir"},"content":{"rendered":"<p>May ay\u0131n\u0131n 11-d\u0259 Avropa \u0130ttifaq\u0131 \u015euras\u0131n\u0131n 2020-ci ild\u0259n sonra \u015e\u0259rq T\u0259r\u0259fda\u015fl\u0131\u011f\u0131 siyas\u0259ti il\u0259 ba\u011fl\u0131 yekun q\u0259rar\u0131 b\u00f6y\u00fck \u0259h\u0259miyy\u0259t k\u0259sb edir. Bu s\u0259n\u0259d d\u00f6vl\u0259t v\u0259 milli maraqlar\u0131m\u0131za cavab verir. Bu, Az\u0259rbaycan\u0131n n\u00f6vb\u0259ti diplomatik q\u0259l\u0259b\u0259sidir.<\/p>\n<p><strong>ARANTV.AZ<\/strong> bildirir ki, bunu\u00a0<a href=\"http:\/\/az.trend.az\/\" target=\"_blank\" rel=\"noopener\">Trend<\/a>-\u0259\u00a0Milli M\u0259clisin Beyn\u0259lxalq m\u00fcnasib\u0259tl\u0259r v\u0259 parlamentl\u0259raras\u0131 \u0259laq\u0259l\u0259r komit\u0259sinin s\u0259dr m\u00fcavini, YAP-\u0131n Beyn\u0259lxalq \u0259laq\u0259l\u0259r \u015f\u00f6b\u0259sinin m\u00fcdiri Sevinc F\u0259t\u0259liyeva deyib.<\/p>\n<p>S.F\u0259t\u0259liyeva bildirib ki, Avropa \u0130ttifaq\u0131 \u015euras\u0131n\u0131n t\u0259sdiql\u0259diyi bu s\u0259n\u0259d A\u0130-nin \u015e\u0259rq T\u0259r\u0259fda\u015fl\u0131\u011f\u0131 siyas\u0259tinin prioritetl\u0259rini m\u00fc\u0259yy\u0259nl\u0259\u015fdirir. A\u0130 \u00fczv \u00f6lk\u0259l\u0259rl\u0259 m\u00fcnasib\u0259tl\u0259rini m\u0259hz bu s\u0259n\u0259dd\u0259 yer alan prinsipl\u0259r \u0259sas\u0131nda davam etdir\u0259c\u0259k.<\/p>\n<p>Onun s\u00f6zl\u0259rin\u0259 g\u00f6r\u0259, bu q\u0259rar\u0131n 2-ci b\u0259ndind\u0259 \u015e\u0259rq T\u0259r\u0259fda\u015fl\u0131\u011f\u0131n\u0131n siyasi v\u0259 h\u00fcquqi \u0259saslar\u0131, o c\u00fcml\u0259d\u0259n \u0259n vacib f\u0259aliyy\u0259t prinsipl\u0259ri \u0259ks olunur: &#8220;Bel\u0259 ki, A\u0130 \u015euras\u0131 Avropa Qon\u015fuluq Siyas\u0259tinin spesifik regional &#8220;\u00f6l\u00e7\u00fcs\u00fc&#8221; olan \u015e\u0259rq T\u0259r\u0259fda\u015fl\u0131\u011f\u0131n\u0131n strateji \u0259h\u0259miyy\u0259tini bir daha vur\u011fulayaraq, vahid demokratiya, rifah v\u0259 sabitliyin \u00fcmumi m\u0259kan\u0131n\u0131n qurulmas\u0131 il\u0259 ba\u011fl\u0131 birg\u0259 \u00f6hd\u0259liyi yenid\u0259n t\u0259sdiq edir. Eyni zamanda, A\u0130 \u015euras\u0131 \u015e\u0259rq T\u0259r\u0259fda\u015fl\u0131\u011f\u0131 m\u0259kan\u0131n\u0131n f\u0259aliyy\u0259tinin \u0259saslar\u0131n\u0131 m\u00fc\u0259yy\u0259n ed\u0259n ortaq \u00f6hd\u0259likl\u0259r s\u0131ras\u0131nda &#8220;Helsinki Yekun Akt\u0131n\u0131n v\u0259 AT\u018fT-in Paris Nizamnam\u0259sinin prinsipl\u0259rind\u0259 d\u0259 qeyd olundu\u011fu kimi, \u0259razi b\u00fct\u00f6vl\u00fcy\u00fc, m\u00fcst\u0259qillik v\u0259 suverenlik daxil olmaqla, beyn\u0259lxalq nizama, beyn\u0259lxalq h\u00fcquqa \u0259saslanan qaydalara, h\u0259m\u00e7inin fundamental d\u0259y\u0259rl\u0259r\u0259, azl\u0131qlara m\u0259nsub \u015f\u0259xsl\u0259rin h\u00fcquqlar\u0131 daxil olmaqla, b\u00fct\u00fcn \u015f\u0259xsl\u0259rin insan h\u00fcquqlar\u0131na v\u0259 fundamental azadl\u0131qlar\u0131na h\u00f6rm\u0259t, demokratiya, qanunun aliliyi, yax\u015f\u0131 idar\u0259\u00e7ilik, gender b\u0259rab\u0259rliyi, davaml\u0131 inki\u015faf v\u0259 bazar iqtisadiyyat\u0131na dair&#8221; A\u0130-nin ortaq \u00f6hd\u0259likl\u0259rini t\u0259sbit edir. T\u0259bii ki, bu amil i\u015f\u011fal\u00e7\u0131 Erm\u0259nistan\u0131n m\u00f6vqeyin\u0259 ziddir. \u00c7\u00fcnki h\u0259r zaman Erm\u0259nistan \u0259razi b\u00fct\u00f6vl\u00fcy\u00fc m\u0259s\u0259l\u0259sini aqressiya il\u0259 qar\u015f\u0131lay\u0131r v\u0259 i\u015f\u011fal\u00e7\u0131 siyas\u0259tini davam etdirm\u0259y\u0259 \u00e7al\u0131\u015f\u0131r&#8221;.<\/p>\n<p>Mill\u0259t v\u0259kili qeyd edib ki, Erm\u0259nistan beyn\u0259lxalq h\u00fcquq normalar\u0131n\u0131 kobud \u015f\u0259kild\u0259 pozaraq Az\u0259rbaycan torpaqlar\u0131n\u0131n bir hiss\u0259sini h\u0259l\u0259 d\u0259 i\u015f\u011fal alt\u0131nda saxlay\u0131r: &#8220;A\u0130 \u015euras\u0131n\u0131n q\u0259rar\u0131nda \u0259razi b\u00fct\u00f6vl\u00fcy\u00fc m\u0259s\u0259l\u0259sinin t\u0259sbit olunmas\u0131 Erm\u0259nistan\u0131n i\u015f\u011fal\u00e7\u0131 m\u00f6vqeyin\u0259 ciddi z\u0259rb\u0259 vurur. Bu s\u0259n\u0259d Az\u0259rbaycan diplomatiyas\u0131n\u0131n n\u00f6vb\u0259ti ciddi u\u011furu, Erm\u0259nistan\u0131n is\u0259 diplomatik c\u0259bh\u0259d\u0259 daha bir m\u0259\u011flubiyy\u0259tidir. B\u00fct\u00f6vl\u00fckd\u0259, bu fakt Az\u0259rbaycan Prezidentinin h\u0259yata ke\u00e7irdiyi u\u011furlu xarici siyas\u0259tin \u0259yani n\u00fcmun\u0259si, el\u0259c\u0259 d\u0259 \u00f6lk\u0259mizin beyn\u0259lxalq miqyasda artan n\u00fcfuzunun g\u00f6st\u0259ricisidir. Bel\u0259likl\u0259, Az\u0259rbaycan\u0131n h\u00fccum diplomatiyas\u0131 n\u00f6vb\u0259ti d\u0259f\u0259 i\u015f\u011fal\u00e7\u0131 Erm\u0259nistana ciddi z\u0259rb\u0259 vurdu&#8221;.<\/p>\n","protected":false},"excerpt":{"rendered":"<p>May ay\u0131n\u0131n 11-d\u0259 Avropa \u0130ttifaq\u0131 \u015euras\u0131n\u0131n 2020-ci ild\u0259n sonra \u015e\u0259rq T\u0259r\u0259fda\u015fl\u0131\u011f\u0131 siyas\u0259ti il\u0259 ba\u011fl\u0131 yekun q\u0259rar\u0131 b\u00f6y\u00fck \u0259h\u0259miyy\u0259t k\u0259sb edir. Bu s\u0259n\u0259d d\u00f6vl\u0259t v\u0259 milli maraqlar\u0131m\u0131za cavab verir. Bu, Az\u0259rbaycan\u0131n n\u00f6vb\u0259ti diplomatik q\u0259l\u0259b\u0259sidir. ARANTV.AZ bildirir ki, bunu\u00a0Trend-\u0259\u00a0Milli M\u0259clisin Beyn\u0259lxalq m\u00fcnasib\u0259tl\u0259r v\u0259 parlamentl\u0259raras\u0131 \u0259laq\u0259l\u0259r komit\u0259sinin s\u0259dr m\u00fcavini, YAP-\u0131n Beyn\u0259lxalq \u0259laq\u0259l\u0259r \u015f\u00f6b\u0259sinin m\u00fcdiri Sevinc F\u0259t\u0259liyeva deyib. S.F\u0259t\u0259liyeva bildirib ki, Avropa \u0130ttifaq\u0131 \u015euras\u0131n\u0131n t\u0259sdiql\u0259diyi bu s\u0259n\u0259d A\u0130-nin \u015e\u0259rq T\u0259r\u0259fda\u015fl\u0131\u011f\u0131 siyas\u0259tinin prioritetl\u0259rini m\u00fc\u0259yy\u0259nl\u0259\u015fdirir. A\u0130 \u00fczv \u00f6lk\u0259l\u0259rl\u0259 m\u00fcnasib\u0259tl\u0259rini m\u0259hz bu s\u0259n\u0259dd\u0259 yer alan prinsipl\u0259r \u0259sas\u0131nda davam etdir\u0259c\u0259k. Onun s\u00f6zl\u0259rin\u0259 g\u00f6r\u0259, bu q\u0259rar\u0131n 2-ci b\u0259ndind\u0259 \u015e\u0259rq&hellip;<\/p>\n","protected":false},"author":2,"featured_media":165282,"comment_status":"closed","ping_status":"closed","sticky":false,"template":"","format":"standard","meta":{"om_disable_all_campaigns":false,"_monsterinsights_skip_tracking":false,"_monsterinsights_sitenote_active":false,"_monsterinsights_sitenote_note":"","_monsterinsights_sitenote_category":0},"categories":[19],"tags":[],"aioseo_notices":[],"gutentor_comment":0,"rttpg_featured_image_url":{"full":["https:\/\/arantv.az\/wp-content\/uploads\/2020\/05\/850364.jpg",660,450,false],"landscape":["https:\/\/arantv.az\/wp-content\/uploads\/2020\/05\/850364.jpg",660,450,false],"portraits":["https:\/\/arantv.az\/wp-content\/uploads\/2020\/05\/850364.jpg",660,450,false],"thumbnail":["https:\/\/arantv.az\/wp-content\/uploads\/2020\/05\/850364-150x150.jpg",150,150,true],"medium":["https:\/\/arantv.az\/wp-content\/uploads\/2020\/05\/850364-300x205.jpg",300,205,true],"large":["https:\/\/arantv.az\/wp-content\/uploads\/2020\/05\/850364.jpg",640,436,false],"1536x1536":["https:\/\/arantv.az\/wp-content\/uploads\/2020\/05\/850364.jpg",660,450,false],"2048x2048":["https:\/\/arantv.az\/wp-content\/uploads\/2020\/05\/850364.jpg",660,450,false],"post-thumbnail":["https:\/\/arantv.az\/wp-content\/uploads\/2020\/05\/850364-240x172.jpg",240,172,true],"advps-thumb-one":["https:\/\/arantv.az\/wp-content\/uploads\/2020\/05\/850364.jpg",660,450,false]},"rttpg_author":{"display_name":"V\u00fcsal Rafiqo\u011flu","author_link":"https:\/\/arantv.az\/?author=2"},"rttpg_comment":0,"rttpg_category":"<a href=\"https:\/\/arantv.az\/?cat=19\" rel=\"category\">G\u00fcnd\u0259m<\/a>","rttpg_excerpt":"May ay\u0131n\u0131n 11-d\u0259 Avropa \u0130ttifaq\u0131 \u015euras\u0131n\u0131n 2020-ci ild\u0259n sonra \u015e\u0259rq T\u0259r\u0259fda\u015fl\u0131\u011f\u0131 siyas\u0259ti il\u0259 ba\u011fl\u0131 yekun q\u0259rar\u0131 b\u00f6y\u00fck \u0259h\u0259miyy\u0259t k\u0259sb edir. Bu s\u0259n\u0259d d\u00f6vl\u0259t v\u0259 milli maraqlar\u0131m\u0131za cavab verir. Bu, Az\u0259rbaycan\u0131n n\u00f6vb\u0259ti diplomatik q\u0259l\u0259b\u0259sidir. ARANTV.AZ bildirir ki, bunu\u00a0Trend-\u0259\u00a0Milli M\u0259clisin Beyn\u0259lxalq m\u00fcnasib\u0259tl\u0259r v\u0259 parlamentl\u0259raras\u0131 \u0259laq\u0259l\u0259r komit\u0259sinin s\u0259dr m\u00fcavini, YAP-\u0131n Beyn\u0259lxalq \u0259laq\u0259l\u0259r \u015f\u00f6b\u0259sinin m\u00fcdiri Sevinc F\u0259t\u0259liyeva deyib. S.F\u0259t\u0259liyeva&hellip;","_links":{"self":[{"href":"https:\/\/arantv.az\/index.php?rest_route=\/wp\/v2\/posts\/165276"}],"collection":[{"href":"https:\/\/arantv.az\/index.php?rest_route=\/wp\/v2\/posts"}],"about":[{"href":"https:\/\/arantv.az\/index.php?rest_route=\/wp\/v2\/types\/post"}],"author":[{"embeddable":true,"href":"https:\/\/arantv.az\/index.php?rest_route=\/wp\/v2\/users\/2"}],"replies":[{"embeddable":true,"href":"https:\/\/arantv.az\/index.php?rest_route=%2Fwp%2Fv2%2Fcomments&post=165276"}],"version-history":[{"count":0,"href":"https:\/\/arantv.az\/index.php?rest_route=\/wp\/v2\/posts\/165276\/revisions"}],"wp:featuredmedia":[{"embeddable":true,"href":"https:\/\/arantv.az\/index.php?rest_route=\/wp\/v2\/media\/165282"}],"wp:attachment":[{"href":"https:\/\/arantv.az\/index.php?rest_route=%2Fwp%2Fv2%2Fmedia&parent=165276"}],"wp:term":[{"taxonomy":"category","embeddable":true,"href":"https:\/\/arantv.az\/index.php?rest_route=%2Fwp%2Fv2%2Fcategories&post=165276"},{"taxonomy":"post_tag","embeddable":true,"href":"https:\/\/arantv.az\/index.php?rest_route=%2Fwp%2Fv2%2Ftags&post=165276"}],"curies":[{"name":"wp","href":"https:\/\/api.w.org\/{rel}","templated":true}]}}