{"id":16530,"date":"2018-10-02T09:07:16","date_gmt":"2018-10-02T06:07:16","guid":{"rendered":"http:\/\/arantv.az\/?p=16530"},"modified":"2018-10-02T09:07:16","modified_gmt":"2018-10-02T06:07:16","slug":"unesco-da-islam-%c9%99m%c9%99kdasliq-t%c9%99skilati-gunu-qeyd-olunub","status":"publish","type":"post","link":"https:\/\/arantv.az\/?p=16530","title":{"rendered":"UNESCO-da \u201c\u0130slam \u018fm\u0259kda\u015fl\u0131q T\u0259\u015fkilat\u0131 G\u00fcn\u00fc\u201d qeyd olunub"},"content":{"rendered":"<p><strong>ARANTV.AZ<\/strong> x\u0259b\u0259r verir ki, UNESCO-nun m\u0259nzil q\u0259rargah\u0131nda \u0130slam \u018fm\u0259kda\u015fl\u0131q T\u0259\u015fkilat\u0131na \u00fczv d\u00f6vl\u0259tl\u0259rinin i\u015ftirak\u0131 il\u0259 \u201c\u0130\u018fT G\u00fcn\u00fc\u201d t\u0259dbiri t\u0259\u015fkil edilib. UNESCO yan\u0131nda daimi n\u00fcmay\u0259nd\u0259liyimiz t\u0259r\u0259find\u0259n d\u0259v\u0259t edil\u0259n ekspert Jan Kristof Bas Az\u0259rbaycan Prezidentinin t\u0259\u015f\u0259bb\u00fcs\u00fc il\u0259 2008-ci ild\u0259 ir\u0259li s\u00fcr\u00fcl\u0259n \u201cBak\u0131 Prosesi\u201d v\u0259 onun \u00e7\u0259r\u00e7iv\u0259sind\u0259 t\u0259\u015fkil edil\u0259n \u00dcmumd\u00fcnya M\u0259d\u0259niyy\u0259tl\u0259raras\u0131 Dialoq \u00fczr\u0259 Bak\u0131 Forumu bar\u0259d\u0259 m\u0259lumat verib. \u00d6lk\u0259mizin m\u0259d\u0259niyy\u0259tl\u0259raras\u0131 dialoqa verdiyi m\u00fch\u00fcm t\u00f6hf\u0259l\u0259rd\u0259n dan\u0131\u015f\u0131l\u0131b.<\/p>\n","protected":false},"excerpt":{"rendered":"<p>ARANTV.AZ x\u0259b\u0259r verir ki, UNESCO-nun m\u0259nzil q\u0259rargah\u0131nda \u0130slam \u018fm\u0259kda\u015fl\u0131q T\u0259\u015fkilat\u0131na \u00fczv d\u00f6vl\u0259tl\u0259rinin i\u015ftirak\u0131 il\u0259 \u201c\u0130\u018fT G\u00fcn\u00fc\u201d t\u0259dbiri t\u0259\u015fkil edilib. UNESCO yan\u0131nda daimi n\u00fcmay\u0259nd\u0259liyimiz t\u0259r\u0259find\u0259n d\u0259v\u0259t edil\u0259n ekspert Jan Kristof Bas Az\u0259rbaycan Prezidentinin t\u0259\u015f\u0259bb\u00fcs\u00fc il\u0259 2008-ci ild\u0259 ir\u0259li s\u00fcr\u00fcl\u0259n \u201cBak\u0131 Prosesi\u201d v\u0259 onun \u00e7\u0259r\u00e7iv\u0259sind\u0259 t\u0259\u015fkil edil\u0259n \u00dcmumd\u00fcnya M\u0259d\u0259niyy\u0259tl\u0259raras\u0131 Dialoq \u00fczr\u0259 Bak\u0131 Forumu bar\u0259d\u0259 m\u0259lumat verib. \u00d6lk\u0259mizin m\u0259d\u0259niyy\u0259tl\u0259raras\u0131 dialoqa verdiyi m\u00fch\u00fcm t\u00f6hf\u0259l\u0259rd\u0259n dan\u0131\u015f\u0131l\u0131b.<\/p>\n","protected":false},"author":2,"featured_media":16531,"comment_status":"closed","ping_status":"closed","sticky":false,"template":"","format":"standard","meta":{"om_disable_all_campaigns":false,"_monsterinsights_skip_tracking":false,"_monsterinsights_sitenote_active":false,"_monsterinsights_sitenote_note":"","_monsterinsights_sitenote_category":0},"categories":[4],"tags":[],"aioseo_notices":[],"gutentor_comment":0,"rttpg_featured_image_url":{"full":["https:\/\/arantv.az\/wp-content\/uploads\/2018\/10\/b9m0edlckhsobmef9636aabnt2unes.jpg",1000,664,false],"landscape":["https:\/\/arantv.az\/wp-content\/uploads\/2018\/10\/b9m0edlckhsobmef9636aabnt2unes.jpg",1000,664,false],"portraits":["https:\/\/arantv.az\/wp-content\/uploads\/2018\/10\/b9m0edlckhsobmef9636aabnt2unes.jpg",1000,664,false],"thumbnail":["https:\/\/arantv.az\/wp-content\/uploads\/2018\/10\/b9m0edlckhsobmef9636aabnt2unes-150x150.jpg",150,150,true],"medium":["https:\/\/arantv.az\/wp-content\/uploads\/2018\/10\/b9m0edlckhsobmef9636aabnt2unes-300x199.jpg",300,199,true],"large":["https:\/\/arantv.az\/wp-content\/uploads\/2018\/10\/b9m0edlckhsobmef9636aabnt2unes.jpg",640,425,false],"1536x1536":["https:\/\/arantv.az\/wp-content\/uploads\/2018\/10\/b9m0edlckhsobmef9636aabnt2unes.jpg",1000,664,false],"2048x2048":["https:\/\/arantv.az\/wp-content\/uploads\/2018\/10\/b9m0edlckhsobmef9636aabnt2unes.jpg",1000,664,false],"post-thumbnail":["https:\/\/arantv.az\/wp-content\/uploads\/2018\/10\/b9m0edlckhsobmef9636aabnt2unes-240x172.jpg",240,172,true],"advps-thumb-one":["https:\/\/arantv.az\/wp-content\/uploads\/2018\/10\/b9m0edlckhsobmef9636aabnt2unes-1000x620.jpg",1000,620,true]},"rttpg_author":{"display_name":"V\u00fcsal Rafiqo\u011flu","author_link":"https:\/\/arantv.az\/?author=2"},"rttpg_comment":0,"rttpg_category":"<a href=\"https:\/\/arantv.az\/?cat=4\" rel=\"category\">Siyas\u0259t<\/a>","rttpg_excerpt":"ARANTV.AZ x\u0259b\u0259r verir ki, UNESCO-nun m\u0259nzil q\u0259rargah\u0131nda \u0130slam \u018fm\u0259kda\u015fl\u0131q T\u0259\u015fkilat\u0131na \u00fczv d\u00f6vl\u0259tl\u0259rinin i\u015ftirak\u0131 il\u0259 \u201c\u0130\u018fT G\u00fcn\u00fc\u201d t\u0259dbiri t\u0259\u015fkil edilib. UNESCO yan\u0131nda daimi n\u00fcmay\u0259nd\u0259liyimiz t\u0259r\u0259find\u0259n d\u0259v\u0259t edil\u0259n ekspert Jan Kristof Bas Az\u0259rbaycan Prezidentinin t\u0259\u015f\u0259bb\u00fcs\u00fc il\u0259 2008-ci ild\u0259 ir\u0259li s\u00fcr\u00fcl\u0259n \u201cBak\u0131 Prosesi\u201d v\u0259 onun \u00e7\u0259r\u00e7iv\u0259sind\u0259 t\u0259\u015fkil edil\u0259n \u00dcmumd\u00fcnya M\u0259d\u0259niyy\u0259tl\u0259raras\u0131 Dialoq \u00fczr\u0259 Bak\u0131 Forumu bar\u0259d\u0259 m\u0259lumat verib. \u00d6lk\u0259mizin&hellip;","_links":{"self":[{"href":"https:\/\/arantv.az\/index.php?rest_route=\/wp\/v2\/posts\/16530"}],"collection":[{"href":"https:\/\/arantv.az\/index.php?rest_route=\/wp\/v2\/posts"}],"about":[{"href":"https:\/\/arantv.az\/index.php?rest_route=\/wp\/v2\/types\/post"}],"author":[{"embeddable":true,"href":"https:\/\/arantv.az\/index.php?rest_route=\/wp\/v2\/users\/2"}],"replies":[{"embeddable":true,"href":"https:\/\/arantv.az\/index.php?rest_route=%2Fwp%2Fv2%2Fcomments&post=16530"}],"version-history":[{"count":0,"href":"https:\/\/arantv.az\/index.php?rest_route=\/wp\/v2\/posts\/16530\/revisions"}],"wp:featuredmedia":[{"embeddable":true,"href":"https:\/\/arantv.az\/index.php?rest_route=\/wp\/v2\/media\/16531"}],"wp:attachment":[{"href":"https:\/\/arantv.az\/index.php?rest_route=%2Fwp%2Fv2%2Fmedia&parent=16530"}],"wp:term":[{"taxonomy":"category","embeddable":true,"href":"https:\/\/arantv.az\/index.php?rest_route=%2Fwp%2Fv2%2Fcategories&post=16530"},{"taxonomy":"post_tag","embeddable":true,"href":"https:\/\/arantv.az\/index.php?rest_route=%2Fwp%2Fv2%2Ftags&post=16530"}],"curies":[{"name":"wp","href":"https:\/\/api.w.org\/{rel}","templated":true}]}}