{"id":165310,"date":"2020-05-14T21:25:22","date_gmt":"2020-05-14T18:25:22","guid":{"rendered":"http:\/\/arantv.az\/?p=165310"},"modified":"2020-05-14T21:25:22","modified_gmt":"2020-05-14T18:25:22","slug":"socar-abseron-layih%c9%99sinin-icrasinda-h%c9%99r-hansi-d%c9%99yisiklik-n%c9%99z%c9%99rd%c9%99-tutulmur-2","status":"publish","type":"post","link":"https:\/\/arantv.az\/?p=165310","title":{"rendered":"SOCAR: \u201cAb\u015feron\u201d layih\u0259sinin icras\u0131nda h\u0259r hans\u0131 d\u0259yi\u015fiklik n\u0259z\u0259rd\u0259 tutulmur"},"content":{"rendered":"<p>Bu g\u00fcn SOCAR-\u0131n prezidenti\u00a0R\u00f6vn\u0259q Abdullayev\u00a0Fransan\u0131n Az\u0259rbaycandak\u0131 s\u0259firi<strong>\u00a0Zakari Qros<\/strong>u q\u0259bul edib.<\/p>\n<p>\u201cReport\u201dun SOCAR-a istinad\u0259n verdiyi x\u0259b\u0259r\u0259 g\u00f6r\u0259, Fransa \u015firk\u0259tl\u0259ri il\u0259 SOCAR-\u0131n \u0259m\u0259kda\u015fl\u0131q m\u0259s\u0259l\u0259l\u0259rinin m\u00fczakir\u0259 edildiyi g\u00f6r\u00fc\u015fd\u0259 s\u0259fir energetika sah\u0259sinin Fransa v\u0259 Az\u0259rbaycan aras\u0131nda \u0259m\u0259kda\u015fl\u0131\u011f\u0131n \u0259sas s\u00fctunlar\u0131ndan oldu\u011funu qeyd edib, bu m\u00fcnasib\u0259tl\u0259rin s\u0259m\u0259r\u0259li inki\u015faf\u0131ndan m\u0259mnunlu\u011funu bildirib. Fransan\u0131n \u201cTotal\u201d \u015firk\u0259tinin \u201cAb\u015feron\u201d layih\u0259sind\u0259 SOCAR-la birlikd\u0259 i\u015ftirak etdiyi, bu layih\u0259nin u\u011furlu icras\u0131n\u0131n Fransa \u00fc\u00e7\u00fcn d\u0259 b\u00f6y\u00fck \u0259h\u0259miyy\u0259t da\u015f\u0131d\u0131\u011f\u0131 vur\u011fulan\u0131b. Qeyd olunub ki, Covid-19 pandemiyas\u0131 il\u0259 \u0259laq\u0259dar b\u00fct\u00fcn d\u00fcnyada h\u00f6km s\u00fcr\u0259n iqtisadi t\u0259n\u0259zz\u00fcl\u0259 baxmayaraq, \u201cAb\u015feron\u201d layih\u0259sinin icras\u0131nda h\u0259r hans\u0131 d\u0259yi\u015fiklik n\u0259z\u0259rd\u0259 tutulmur, i\u015fl\u0259r plan \u00fczr\u0259 davam etdirilir. Yax\u0131n m\u00fcdd\u0259td\u0259 birinci fazan\u0131n i\u015fl\u0259nm\u0259si \u00e7\u0259r\u00e7iv\u0259sind\u0259 ilk m\u0259hsulun \u00e7\u0131xar\u0131lmas\u0131 planla\u015fd\u0131r\u0131l\u0131r.<\/p>\n<div class=\"post-image-box-big\"><img class=\"blurred-left\" src=\"https:\/\/report.az\/storage\/news\/4411221613cc6f6a1305af21031113d4\/d186a33b-65e0-4664-975d-ac20ff473608.jpg\" alt=\"\" \/><\/div>\n<p>G\u00f6r\u00fc\u015fd\u0259 Fransan\u0131n dig\u0259r \u015firk\u0259ti, m\u00fch\u0259ndislik sah\u0259sind\u0259 z\u0259ngin beyn\u0259lxalq t\u0259cr\u00fcb\u0259y\u0259 malik \u201cTechnip\u201din SOCAR-\u0131n \u201cAz\u0259rikimya\u201d \u0130stehsalat Birliyinin moderinizasiyas\u0131nda ba\u015f podrat\u00e7\u0131 qismind\u0259 i\u015ftirak etm\u0259sin\u0259 toxunulub, bu layih\u0259nin d\u0259 qrafik\u0259 \u0259sas\u0259n u\u011furla icra olundu\u011fu bildirilib. S\u0259fir h\u0259m\u00e7inin SOCAR-\u0131n d\u0259st\u0259yi il\u0259 f\u0259aliyy\u0259t g\u00f6st\u0259r\u0259n Frans\u0131z litseyinin f\u0259aliyy\u0259tind\u0259n s\u00f6z a\u00e7\u0131b, t\u0259hsil m\u00fc\u0259ssis\u0259sini bir ne\u00e7\u0259 d\u0259f\u0259 ziyar\u0259t etdiyini s\u00f6yl\u0259mi\u015f v\u0259 orada t\u0259hsil alan \u015fagirdl\u0259rin valideynl\u0259rinin m\u0259mnunlu\u011funu R\u00f6vn\u0259q Abdullayevin diqq\u0259tin\u0259 \u00e7atd\u0131r\u0131b.T\u0259r\u0259fl\u0259r h\u0259m\u00e7inin \u0259traf m\u00fchitin qorunmas\u0131 il\u0259 ba\u011fl\u0131 X\u0259z\u0259r Regionunda \u018ftraf M\u00fchitin M\u00fchafiz\u0259si T\u0259\u015f\u0259bb\u00fcs\u00fc \u00e7\u0259r\u00e7iv\u0259sind\u0259 \u0259m\u0259kda\u015fl\u0131q m\u0259s\u0259l\u0259l\u0259rini m\u00fczakir\u0259 edib, g\u0259l\u0259c\u0259k t\u0259r\u0259fda\u015fl\u0131q \u00fc\u00e7\u00fcn u\u011furlu perspektiv v\u0259d ed\u0259n dig\u0259r istiqam\u0259tl\u0259r\u0259 dair \u0259trafl\u0131 fikir m\u00fcbadil\u0259si apar\u0131blar.<\/p>\n","protected":false},"excerpt":{"rendered":"<p>Bu g\u00fcn SOCAR-\u0131n prezidenti\u00a0R\u00f6vn\u0259q Abdullayev\u00a0Fransan\u0131n Az\u0259rbaycandak\u0131 s\u0259firi\u00a0Zakari Qrosu q\u0259bul edib. \u201cReport\u201dun SOCAR-a istinad\u0259n verdiyi x\u0259b\u0259r\u0259 g\u00f6r\u0259, Fransa \u015firk\u0259tl\u0259ri il\u0259 SOCAR-\u0131n \u0259m\u0259kda\u015fl\u0131q m\u0259s\u0259l\u0259l\u0259rinin m\u00fczakir\u0259 edildiyi g\u00f6r\u00fc\u015fd\u0259 s\u0259fir energetika sah\u0259sinin Fransa v\u0259 Az\u0259rbaycan aras\u0131nda \u0259m\u0259kda\u015fl\u0131\u011f\u0131n \u0259sas s\u00fctunlar\u0131ndan oldu\u011funu qeyd edib, bu m\u00fcnasib\u0259tl\u0259rin s\u0259m\u0259r\u0259li inki\u015faf\u0131ndan m\u0259mnunlu\u011funu bildirib. Fransan\u0131n \u201cTotal\u201d \u015firk\u0259tinin \u201cAb\u015feron\u201d layih\u0259sind\u0259 SOCAR-la birlikd\u0259 i\u015ftirak etdiyi, bu layih\u0259nin u\u011furlu icras\u0131n\u0131n Fransa \u00fc\u00e7\u00fcn d\u0259 b\u00f6y\u00fck \u0259h\u0259miyy\u0259t da\u015f\u0131d\u0131\u011f\u0131 vur\u011fulan\u0131b. Qeyd olunub ki, Covid-19 pandemiyas\u0131 il\u0259 \u0259laq\u0259dar b\u00fct\u00fcn d\u00fcnyada h\u00f6km s\u00fcr\u0259n iqtisadi t\u0259n\u0259zz\u00fcl\u0259 baxmayaraq, \u201cAb\u015feron\u201d layih\u0259sinin icras\u0131nda h\u0259r hans\u0131 d\u0259yi\u015fiklik n\u0259z\u0259rd\u0259 tutulmur, i\u015fl\u0259r plan \u00fczr\u0259 davam&hellip;<\/p>\n","protected":false},"author":2,"featured_media":165315,"comment_status":"closed","ping_status":"closed","sticky":false,"template":"","format":"standard","meta":{"om_disable_all_campaigns":false,"_monsterinsights_skip_tracking":false,"_monsterinsights_sitenote_active":false,"_monsterinsights_sitenote_note":"","_monsterinsights_sitenote_category":0},"categories":[19],"tags":[],"aioseo_notices":[],"gutentor_comment":0,"rttpg_featured_image_url":{"full":["https:\/\/arantv.az\/wp-content\/uploads\/2020\/05\/67cd836ab060149eacea8b46135cce1c.jpg",450,300,false],"landscape":["https:\/\/arantv.az\/wp-content\/uploads\/2020\/05\/67cd836ab060149eacea8b46135cce1c.jpg",450,300,false],"portraits":["https:\/\/arantv.az\/wp-content\/uploads\/2020\/05\/67cd836ab060149eacea8b46135cce1c.jpg",450,300,false],"thumbnail":["https:\/\/arantv.az\/wp-content\/uploads\/2020\/05\/67cd836ab060149eacea8b46135cce1c-150x150.jpg",150,150,true],"medium":["https:\/\/arantv.az\/wp-content\/uploads\/2020\/05\/67cd836ab060149eacea8b46135cce1c-300x200.jpg",300,200,true],"large":["https:\/\/arantv.az\/wp-content\/uploads\/2020\/05\/67cd836ab060149eacea8b46135cce1c.jpg",450,300,false],"1536x1536":["https:\/\/arantv.az\/wp-content\/uploads\/2020\/05\/67cd836ab060149eacea8b46135cce1c.jpg",450,300,false],"2048x2048":["https:\/\/arantv.az\/wp-content\/uploads\/2020\/05\/67cd836ab060149eacea8b46135cce1c.jpg",450,300,false],"post-thumbnail":["https:\/\/arantv.az\/wp-content\/uploads\/2020\/05\/67cd836ab060149eacea8b46135cce1c-240x172.jpg",240,172,true],"advps-thumb-one":["https:\/\/arantv.az\/wp-content\/uploads\/2020\/05\/67cd836ab060149eacea8b46135cce1c.jpg",450,300,false]},"rttpg_author":{"display_name":"V\u00fcsal Rafiqo\u011flu","author_link":"https:\/\/arantv.az\/?author=2"},"rttpg_comment":0,"rttpg_category":"<a href=\"https:\/\/arantv.az\/?cat=19\" rel=\"category\">G\u00fcnd\u0259m<\/a>","rttpg_excerpt":"Bu g\u00fcn SOCAR-\u0131n prezidenti\u00a0R\u00f6vn\u0259q Abdullayev\u00a0Fransan\u0131n Az\u0259rbaycandak\u0131 s\u0259firi\u00a0Zakari Qrosu q\u0259bul edib. \u201cReport\u201dun SOCAR-a istinad\u0259n verdiyi x\u0259b\u0259r\u0259 g\u00f6r\u0259, Fransa \u015firk\u0259tl\u0259ri il\u0259 SOCAR-\u0131n \u0259m\u0259kda\u015fl\u0131q m\u0259s\u0259l\u0259l\u0259rinin m\u00fczakir\u0259 edildiyi g\u00f6r\u00fc\u015fd\u0259 s\u0259fir energetika sah\u0259sinin Fransa v\u0259 Az\u0259rbaycan aras\u0131nda \u0259m\u0259kda\u015fl\u0131\u011f\u0131n \u0259sas s\u00fctunlar\u0131ndan oldu\u011funu qeyd edib, bu m\u00fcnasib\u0259tl\u0259rin s\u0259m\u0259r\u0259li inki\u015faf\u0131ndan m\u0259mnunlu\u011funu bildirib. Fransan\u0131n \u201cTotal\u201d \u015firk\u0259tinin \u201cAb\u015feron\u201d layih\u0259sind\u0259 SOCAR-la birlikd\u0259 i\u015ftirak etdiyi, bu layih\u0259nin&hellip;","_links":{"self":[{"href":"https:\/\/arantv.az\/index.php?rest_route=\/wp\/v2\/posts\/165310"}],"collection":[{"href":"https:\/\/arantv.az\/index.php?rest_route=\/wp\/v2\/posts"}],"about":[{"href":"https:\/\/arantv.az\/index.php?rest_route=\/wp\/v2\/types\/post"}],"author":[{"embeddable":true,"href":"https:\/\/arantv.az\/index.php?rest_route=\/wp\/v2\/users\/2"}],"replies":[{"embeddable":true,"href":"https:\/\/arantv.az\/index.php?rest_route=%2Fwp%2Fv2%2Fcomments&post=165310"}],"version-history":[{"count":0,"href":"https:\/\/arantv.az\/index.php?rest_route=\/wp\/v2\/posts\/165310\/revisions"}],"wp:featuredmedia":[{"embeddable":true,"href":"https:\/\/arantv.az\/index.php?rest_route=\/wp\/v2\/media\/165315"}],"wp:attachment":[{"href":"https:\/\/arantv.az\/index.php?rest_route=%2Fwp%2Fv2%2Fmedia&parent=165310"}],"wp:term":[{"taxonomy":"category","embeddable":true,"href":"https:\/\/arantv.az\/index.php?rest_route=%2Fwp%2Fv2%2Fcategories&post=165310"},{"taxonomy":"post_tag","embeddable":true,"href":"https:\/\/arantv.az\/index.php?rest_route=%2Fwp%2Fv2%2Ftags&post=165310"}],"curies":[{"name":"wp","href":"https:\/\/api.w.org\/{rel}","templated":true}]}}