{"id":165322,"date":"2020-05-14T21:46:20","date_gmt":"2020-05-14T18:46:20","guid":{"rendered":"http:\/\/arantv.az\/?p=165322"},"modified":"2020-05-14T21:46:20","modified_gmt":"2020-05-14T18:46:20","slug":"olk%c9%99mizin-butun-sah%c9%99l%c9%99rind%c9%99-kadr-islahatlari-ugurla-aparilir","status":"publish","type":"post","link":"https:\/\/arantv.az\/?p=165322","title":{"rendered":"\u00d6lk\u0259mizin b\u00fct\u00fcn sah\u0259l\u0259rind\u0259 kadr islahatlar\u0131 u\u011furla apar\u0131l\u0131r"},"content":{"rendered":"<p>Az\u0259rbaycan Respublikas\u0131n\u0131n Prezidenti c\u0259nab \u0130lham \u018fliyev t\u0259r\u0259find\u0259n 2013-c\u00fc ild\u0259n ba\u015flayaraq d\u00f6vl\u0259t idar\u0259\u00e7iliyinin b\u00fct\u00fcn sah\u0259l\u0259rind\u0259 kadr islahat\u0131 intensiv \u015f\u0259kild\u0259 davam etdirilir. Apar\u0131lan islahatlar\u0131n \u0259sas x\u0259tl\u0259rind\u0259n biri korrupsiya il\u0259 m\u00fcbariz\u0259nin daha da g\u00fccl\u0259ndirilm\u0259si v\u0259 d\u00f6vl\u0259t m\u0259murlar\u0131n\u0131n v\u0259t\u0259nda\u015flarla m\u00fcnasib\u0259tinin daha sa\u011flam \u015f\u0259kild\u0259 qurulmas\u0131d\u0131r. Kadr islahat\u0131nda g\u0259ncl\u0259rin ir\u0259li \u00e7\u0259kilm\u0259si, daha m\u0259sul v\u0259zif\u0259l\u0259r\u0259 t\u0259yin edilm\u0259si, onlar\u0131n bilik v\u0259 bacar\u0131qlar\u0131ndan idar\u0259etm\u0259d\u0259 v\u0259 istehsalatda s\u0259m\u0259r\u0259li istifad\u0259 olunmas\u0131na geni\u015f imkanlar yaratm\u0131\u015fd\u0131r. Bu is\u0259 \u00f6lk\u0259mizin v\u0259 c\u0259miyy\u0259timizin xeyrin\u0259 at\u0131lan add\u0131mlard\u0131r.<br \/>\nC\u0259nab Prezidentin r\u0259hb\u0259rliyi il\u0259 \u00f6lk\u0259d\u0259 realla\u015fd\u0131r\u0131lan siyas\u0259tin ba\u015fl\u0131ca istiqam\u0259tl\u0259rind\u0259n biri g\u0259ncl\u0259r\u0259 d\u00f6vl\u0259t d\u0259st\u0259yinin g\u00fccl\u0259ndirilm\u0259sind\u0259n, onlara h\u0259rt\u0259r\u0259fli diqq\u0259t g\u00f6st\u0259rilm\u0259sind\u0259n ibar\u0259tdir. Son ill\u0259r respublikam\u0131zda h\u0259yata ke\u00e7iril\u0259n t\u0259dbirl\u0259r g\u0259ncl\u0259rin h\u0259rt\u0259r\u0259fli inki\u015faf\u0131n\u0131n t\u0259min olunmas\u0131 \u00fc\u00e7\u00fcn siyasi, sosial-iqtisadi, t\u0259\u015fkilati-h\u00fcquqi \u015f\u0259rait v\u0259 t\u0259minatlar\u0131n yarad\u0131lmas\u0131n\u0131 sur\u0259tl\u0259ndirib, onlar\u0131n ictimai-siyasi f\u0259all\u0131\u011f\u0131n\u0131n art\u0131r\u0131lmas\u0131na k\u00f6m\u0259k edib. Bunun n\u0259tic\u0259sidir ki, Az\u0259rbaycan g\u0259ncl\u0259ri ictimai h\u0259yat\u0131n b\u00fct\u00fcn sah\u0259l\u0259rind\u0259 f\u0259all\u0131qlar\u0131 il\u0259 se\u00e7ilirl\u0259r. Az\u0259rbaycan g\u0259nci idman, elim, m\u0259d\u0259niyy\u0259t, inc\u0259s\u0259n\u0259t v\u0259 dig\u0259r sah\u0259l\u0259rd\u0259 b\u00f6y\u00fck naliyy\u0259tl\u0259r qazan\u0131r, d\u00f6vl\u0259t\u00e7ilik \u0259n\u0259n\u0259l\u0259rini daim uca tutur.<br \/>\nM\u0259lum koronavirus pandemiyas\u0131 d\u00f6vr\u00fcnd\u0259 d\u0259 g\u0259ncl\u0259rimiz s\u00f6z\u00fcn h\u0259qiqi m\u0259nas\u0131nda \u201c\u00f6n c\u0259bh\u0259d\u0259\u201d \u00e7al\u0131\u015fan m\u00fc\u0259yy\u0259n d\u00f6vl\u0259t strukturlar\u0131n\u0131n, el\u0259c\u0259 d\u0259 h\u0259kiml\u0259rimizin yan\u0131nda olma\u011f\u0131 \u00f6zl\u0259rin\u0259 borc bildil\u0259r. \u018fhalinin sosial bax\u0131mdan z\u0259if, ya\u015fl\u0131 n\u0259slinin n\u00fcmay\u0259nd\u0259l\u0259rin\u0259, azt\u0259minatl\u0131 ail\u0259l\u0259r\u0259, t\u0259nha ya\u015fl\u0131lara k\u00f6n\u00fcll\u00fcl\u00fck prinsipi \u0259sas\u0131nda yard\u0131mlar g\u00f6st\u0259rilm\u0259sind\u0259 d\u0259 m\u0259hz g\u0259ncl\u0259rimiz f\u0259all\u0131qlar\u0131 il\u0259 se\u00e7ilirl\u0259r.<br \/>\nB\u00fct\u00fcn sturukturlarda apar\u0131lan islahatlarda birinci n\u00f6vb\u0259d\u0259 g\u0259ncl\u0259rimizin ir\u0259li \u00e7\u0259kilm\u0259si, onlar\u0131n m\u0259sul v\u0259zif\u0259l\u0259r\u0259 t\u0259yin edilm\u0259si bir daha g\u0259ncl\u0259rd\u0259 ruh y\u00fcks\u0259kliyi yaratm\u0131\u015f v\u0259 pandemiyan\u0131n d\u00fcnyan\u0131 b\u00fcr\u00fcd\u00fcy\u00fc bu g\u00fcnl\u0259rd\u0259 Prezident c\u0259nab \u0130lham \u018fliyev\u0259 \u00fcnvanlad\u0131qlar\u0131 \u00e7oxsayl\u0131 m\u0259ktublarda da apar\u0131lan siyas\u0259ti d\u0259sd\u0259kl\u0259dikl\u0259ri bir daha bildirilir. Bu m\u0259ktublar\u0131n ham\u0131s\u0131nda c\u0259nab Prezidentin xalq\u0131m\u0131za, o c\u00fcml\u0259d\u0259n g\u0259ncl\u0259r\u0259 g\u00f6st\u0259rdiyi diqq\u0259t v\u0259 qay\u011f\u0131n\u0131n t\u00fck\u0259nm\u0259diyi bildirilir.<br \/>\nG\u0259ncl\u0259rimiz \u00f6lk\u0259mizd\u0259 apar\u0131lan quruculuq, abadl\u0131q i\u015fl\u0259rini, on ill\u0259rl\u0259 gedi\u015f-g\u0259li\u015fi \u00e7ox \u00e7\u0259tin olan k\u0259ndaras\u0131 yollar\u0131n \u00e7\u0259kilm\u0259si, y\u00fczl\u0259rl\u0259 yeni m\u0259kt\u0259bl\u0259rin, x\u0259st\u0259xanalar\u0131n, m\u0259d\u0259niyy\u0259t evl\u0259rinin, u\u015faq ba\u011f\u00e7alar\u0131n\u0131n tikildiyi, yeni park v\u0259 xiyabanlar\u0131n sal\u0131nd\u0131\u011f\u0131 bu g\u00fcnl\u0259rd\u0259 c\u0259nab Prezident Sizin etimad\u0131n\u0131z\u0131 do\u011frultmayan, r\u00fc\u015fv\u0259txorluqla m\u0259\u015f\u011ful olan, xalq\u0131 d\u00f6vl\u0259t\u0259 qar\u015f\u0131 \u00e7evir\u0259n m\u0259murlara ar olsun deyirik.<br \/>\nM\u00f6ht\u0259r\u0259m Prezident Sizin kadr islahat\u0131 il\u0259 \u0259laq\u0259dar q\u0259bul etdiyiniz b\u00fct\u00fcn q\u0259rarlar Naftalan \u015f\u0259h\u0259rind\u0259 d\u0259 ard\u0131c\u0131l h\u0259yata ke\u00e7irilir. G\u0259nc kadrlar\u0131n d\u00f6vl\u0259t qullu\u011funda v\u0259 dig\u0259r sah\u0259l\u0259rd\u0259 ir\u0259li \u00e7\u0259kilm\u0259si, onlar\u0131n bilik v\u0259 bacar\u0131qlar\u0131ndan s\u0259m\u0259r\u0259li istifad\u0259 edilm\u0259si art\u0131q \u00f6z t\u00f6hf\u0259sini verm\u0259kd\u0259dir. G\u0259ncl\u0259rin h\u0259r birinin t\u0259\u015f\u0259bb\u00fcsl\u0259ri, t\u0259qdim etdiyi layih\u0259l\u0259r geni\u015f m\u00fczakir\u0259 edilir, onlar\u0131n v\u0259t\u0259np\u0259rv\u0259rliyi, inki\u015faf\u0131, y\u00fcks\u0259k intellekti, d\u00fcnyag\u00f6r\u00fc\u015fl\u0259ri g\u00f6z \u00f6n\u00fcnd\u0259dir.<br \/>\nC\u0259nab Prezident, Az\u0259rbaycan g\u0259ncl\u0259ri apard\u0131\u011f\u0131n\u0131z b\u00fct\u00fcn i\u015fl\u0259rd\u0259, o c\u00fcml\u0259d\u0259n kadr islahatlar\u0131 il\u0259 \u0259laq\u0259dar h\u0259yata ke\u00e7irdiyiniz i\u015fl\u0259rd\u0259 Siz\u0259 t\u00fck\u0259nm\u0259z enerji v\u0259 b\u00f6y\u00fck q\u0259l\u0259b\u0259l\u0259r arzulay\u0131r.<\/p>\n","protected":false},"excerpt":{"rendered":"<p>Az\u0259rbaycan Respublikas\u0131n\u0131n Prezidenti c\u0259nab \u0130lham \u018fliyev t\u0259r\u0259find\u0259n 2013-c\u00fc ild\u0259n ba\u015flayaraq d\u00f6vl\u0259t idar\u0259\u00e7iliyinin b\u00fct\u00fcn sah\u0259l\u0259rind\u0259 kadr islahat\u0131 intensiv \u015f\u0259kild\u0259 davam etdirilir. Apar\u0131lan islahatlar\u0131n \u0259sas x\u0259tl\u0259rind\u0259n biri korrupsiya il\u0259 m\u00fcbariz\u0259nin daha da g\u00fccl\u0259ndirilm\u0259si v\u0259 d\u00f6vl\u0259t m\u0259murlar\u0131n\u0131n v\u0259t\u0259nda\u015flarla m\u00fcnasib\u0259tinin daha sa\u011flam \u015f\u0259kild\u0259 qurulmas\u0131d\u0131r. Kadr islahat\u0131nda g\u0259ncl\u0259rin ir\u0259li \u00e7\u0259kilm\u0259si, daha m\u0259sul v\u0259zif\u0259l\u0259r\u0259 t\u0259yin edilm\u0259si, onlar\u0131n bilik v\u0259 bacar\u0131qlar\u0131ndan idar\u0259etm\u0259d\u0259 v\u0259 istehsalatda s\u0259m\u0259r\u0259li istifad\u0259 olunmas\u0131na geni\u015f imkanlar yaratm\u0131\u015fd\u0131r. Bu is\u0259 \u00f6lk\u0259mizin v\u0259 c\u0259miyy\u0259timizin xeyrin\u0259 at\u0131lan add\u0131mlard\u0131r. C\u0259nab Prezidentin r\u0259hb\u0259rliyi il\u0259 \u00f6lk\u0259d\u0259 realla\u015fd\u0131r\u0131lan siyas\u0259tin ba\u015fl\u0131ca istiqam\u0259tl\u0259rind\u0259n biri g\u0259ncl\u0259r\u0259 d\u00f6vl\u0259t d\u0259st\u0259yinin g\u00fccl\u0259ndirilm\u0259sind\u0259n, onlara h\u0259rt\u0259r\u0259fli diqq\u0259t g\u00f6st\u0259rilm\u0259sind\u0259n ibar\u0259tdir.&hellip;<\/p>\n","protected":false},"author":2,"featured_media":165327,"comment_status":"closed","ping_status":"closed","sticky":false,"template":"","format":"standard","meta":{"om_disable_all_campaigns":false,"_monsterinsights_skip_tracking":false,"_monsterinsights_sitenote_active":false,"_monsterinsights_sitenote_note":"","_monsterinsights_sitenote_category":0},"categories":[2],"tags":[],"aioseo_notices":[],"gutentor_comment":0,"rttpg_featured_image_url":{"full":["https:\/\/arantv.az\/wp-content\/uploads\/2020\/05\/5d70ecbfd52380362e562f35c70cc87a.jpg",1772,1181,false],"landscape":["https:\/\/arantv.az\/wp-content\/uploads\/2020\/05\/5d70ecbfd52380362e562f35c70cc87a.jpg",1772,1181,false],"portraits":["https:\/\/arantv.az\/wp-content\/uploads\/2020\/05\/5d70ecbfd52380362e562f35c70cc87a.jpg",1772,1181,false],"thumbnail":["https:\/\/arantv.az\/wp-content\/uploads\/2020\/05\/5d70ecbfd52380362e562f35c70cc87a-150x150.jpg",150,150,true],"medium":["https:\/\/arantv.az\/wp-content\/uploads\/2020\/05\/5d70ecbfd52380362e562f35c70cc87a-300x200.jpg",300,200,true],"large":["https:\/\/arantv.az\/wp-content\/uploads\/2020\/05\/5d70ecbfd52380362e562f35c70cc87a-1024x682.jpg",640,426,true],"1536x1536":["https:\/\/arantv.az\/wp-content\/uploads\/2020\/05\/5d70ecbfd52380362e562f35c70cc87a.jpg",1536,1024,false],"2048x2048":["https:\/\/arantv.az\/wp-content\/uploads\/2020\/05\/5d70ecbfd52380362e562f35c70cc87a.jpg",1772,1181,false],"post-thumbnail":["https:\/\/arantv.az\/wp-content\/uploads\/2020\/05\/5d70ecbfd52380362e562f35c70cc87a-240x172.jpg",240,172,true],"advps-thumb-one":["https:\/\/arantv.az\/wp-content\/uploads\/2020\/05\/5d70ecbfd52380362e562f35c70cc87a-1200x620.jpg",1200,620,true]},"rttpg_author":{"display_name":"V\u00fcsal Rafiqo\u011flu","author_link":"https:\/\/arantv.az\/?author=2"},"rttpg_comment":0,"rttpg_category":"<a href=\"https:\/\/arantv.az\/?cat=2\" rel=\"category\">Region X\u0259b\u0259rl\u0259ri<\/a>","rttpg_excerpt":"Az\u0259rbaycan Respublikas\u0131n\u0131n Prezidenti c\u0259nab \u0130lham \u018fliyev t\u0259r\u0259find\u0259n 2013-c\u00fc ild\u0259n ba\u015flayaraq d\u00f6vl\u0259t idar\u0259\u00e7iliyinin b\u00fct\u00fcn sah\u0259l\u0259rind\u0259 kadr islahat\u0131 intensiv \u015f\u0259kild\u0259 davam etdirilir. Apar\u0131lan islahatlar\u0131n \u0259sas x\u0259tl\u0259rind\u0259n biri korrupsiya il\u0259 m\u00fcbariz\u0259nin daha da g\u00fccl\u0259ndirilm\u0259si v\u0259 d\u00f6vl\u0259t m\u0259murlar\u0131n\u0131n v\u0259t\u0259nda\u015flarla m\u00fcnasib\u0259tinin daha sa\u011flam \u015f\u0259kild\u0259 qurulmas\u0131d\u0131r. Kadr islahat\u0131nda g\u0259ncl\u0259rin ir\u0259li \u00e7\u0259kilm\u0259si, daha m\u0259sul v\u0259zif\u0259l\u0259r\u0259 t\u0259yin edilm\u0259si, onlar\u0131n bilik v\u0259 bacar\u0131qlar\u0131ndan idar\u0259etm\u0259d\u0259&hellip;","_links":{"self":[{"href":"https:\/\/arantv.az\/index.php?rest_route=\/wp\/v2\/posts\/165322"}],"collection":[{"href":"https:\/\/arantv.az\/index.php?rest_route=\/wp\/v2\/posts"}],"about":[{"href":"https:\/\/arantv.az\/index.php?rest_route=\/wp\/v2\/types\/post"}],"author":[{"embeddable":true,"href":"https:\/\/arantv.az\/index.php?rest_route=\/wp\/v2\/users\/2"}],"replies":[{"embeddable":true,"href":"https:\/\/arantv.az\/index.php?rest_route=%2Fwp%2Fv2%2Fcomments&post=165322"}],"version-history":[{"count":0,"href":"https:\/\/arantv.az\/index.php?rest_route=\/wp\/v2\/posts\/165322\/revisions"}],"wp:featuredmedia":[{"embeddable":true,"href":"https:\/\/arantv.az\/index.php?rest_route=\/wp\/v2\/media\/165327"}],"wp:attachment":[{"href":"https:\/\/arantv.az\/index.php?rest_route=%2Fwp%2Fv2%2Fmedia&parent=165322"}],"wp:term":[{"taxonomy":"category","embeddable":true,"href":"https:\/\/arantv.az\/index.php?rest_route=%2Fwp%2Fv2%2Fcategories&post=165322"},{"taxonomy":"post_tag","embeddable":true,"href":"https:\/\/arantv.az\/index.php?rest_route=%2Fwp%2Fv2%2Ftags&post=165322"}],"curies":[{"name":"wp","href":"https:\/\/api.w.org\/{rel}","templated":true}]}}