{"id":165326,"date":"2020-05-14T21:47:52","date_gmt":"2020-05-14T18:47:52","guid":{"rendered":"http:\/\/arantv.az\/?p=165326"},"modified":"2020-05-14T21:47:52","modified_gmt":"2020-05-14T18:47:52","slug":"goranboyda-baramciliq-inkisaf-etdirilir-fotolar","status":"publish","type":"post","link":"https:\/\/arantv.az\/?p=165326","title":{"rendered":"Goranboyda baram\u00e7\u0131l\u0131q inki\u015faf etdirilir-FOTOLAR"},"content":{"rendered":"<p>Cari ild\u0259 rayonda, barama\u00e7\u0131l\u0131\u011f\u0131n inki\u015faf\u0131 m\u0259qs\u0259dil\u0259, k\u00fcm\u00e7\u00fcl\u0259r\u0259 370 qutu olmaqla 7400 qram barama qurdu paylan\u0131lm\u0131\u015fd\u0131r. Goranboy rayon \u0130cra Hakimiyy\u0259tin ba\u015f\u00e7\u0131s\u0131 baraman\u0131n saxlan\u0131lma v\u0259ziyy\u0259ti il\u0259 yerind\u0259 tan\u0131\u015f oldu, y\u00fcks\u0259k m\u0259hsuldarl\u0131\u011f\u0131n \u0259ld\u0259 edilm\u0259si il\u0259 ba\u011fl\u0131 m\u00fcvafiq t\u00f6vsiy\u0259l\u0259rini verdi.<\/p>\n<table border=\"0\" cellspacing=\"1\" cellpadding=\"1\">\n<tbody>\n<tr>\n<td><\/td>\n<\/tr>\n<tr>\n<td><img loading=\"lazy\" src=\"http:\/\/www.goranboy-ih.gov.az\/userfiles\/images\/2(133).jpeg\" alt=\"\" width=\"654\" height=\"368\" \/><\/td>\n<\/tr>\n<tr>\n<td><img loading=\"lazy\" src=\"http:\/\/www.goranboy-ih.gov.az\/userfiles\/images\/3(127).jpeg\" alt=\"\" width=\"654\" height=\"368\" \/><\/td>\n<\/tr>\n<tr>\n<td><img loading=\"lazy\" src=\"http:\/\/www.goranboy-ih.gov.az\/userfiles\/images\/4(15).jpg\" alt=\"\" width=\"654\" height=\"365\" \/><\/td>\n<\/tr>\n<tr>\n<td><img loading=\"lazy\" src=\"http:\/\/www.goranboy-ih.gov.az\/userfiles\/images\/5(108).jpeg\" alt=\"\" width=\"654\" height=\"368\" \/><\/td>\n<\/tr>\n<tr>\n<td><img loading=\"lazy\" src=\"http:\/\/www.goranboy-ih.gov.az\/userfiles\/images\/6(87).jpeg\" alt=\"\" width=\"654\" height=\"368\" \/><\/td>\n<\/tr>\n<\/tbody>\n<\/table>\n<p>&nbsp;<\/p>\n","protected":false},"excerpt":{"rendered":"<p>Cari ild\u0259 rayonda, barama\u00e7\u0131l\u0131\u011f\u0131n inki\u015faf\u0131 m\u0259qs\u0259dil\u0259, k\u00fcm\u00e7\u00fcl\u0259r\u0259 370 qutu olmaqla 7400 qram barama qurdu paylan\u0131lm\u0131\u015fd\u0131r. Goranboy rayon \u0130cra Hakimiyy\u0259tin ba\u015f\u00e7\u0131s\u0131 baraman\u0131n saxlan\u0131lma v\u0259ziyy\u0259ti il\u0259 yerind\u0259 tan\u0131\u015f oldu, y\u00fcks\u0259k m\u0259hsuldarl\u0131\u011f\u0131n \u0259ld\u0259 edilm\u0259si il\u0259 ba\u011fl\u0131 m\u00fcvafiq t\u00f6vsiy\u0259l\u0259rini verdi. &nbsp;<\/p>\n","protected":false},"author":2,"featured_media":165330,"comment_status":"closed","ping_status":"closed","sticky":false,"template":"","format":"standard","meta":{"om_disable_all_campaigns":false,"_monsterinsights_skip_tracking":false,"_monsterinsights_sitenote_active":false,"_monsterinsights_sitenote_note":"","_monsterinsights_sitenote_category":0},"categories":[2],"tags":[],"aioseo_notices":[],"gutentor_comment":0,"rttpg_featured_image_url":{"full":["https:\/\/arantv.az\/wp-content\/uploads\/2020\/05\/1133.jpg",654,368,false],"landscape":["https:\/\/arantv.az\/wp-content\/uploads\/2020\/05\/1133.jpg",654,368,false],"portraits":["https:\/\/arantv.az\/wp-content\/uploads\/2020\/05\/1133.jpg",654,368,false],"thumbnail":["https:\/\/arantv.az\/wp-content\/uploads\/2020\/05\/1133-150x150.jpg",150,150,true],"medium":["https:\/\/arantv.az\/wp-content\/uploads\/2020\/05\/1133-300x169.jpg",300,169,true],"large":["https:\/\/arantv.az\/wp-content\/uploads\/2020\/05\/1133.jpg",640,360,false],"1536x1536":["https:\/\/arantv.az\/wp-content\/uploads\/2020\/05\/1133.jpg",654,368,false],"2048x2048":["https:\/\/arantv.az\/wp-content\/uploads\/2020\/05\/1133.jpg",654,368,false],"post-thumbnail":["https:\/\/arantv.az\/wp-content\/uploads\/2020\/05\/1133-240x172.jpg",240,172,true],"advps-thumb-one":["https:\/\/arantv.az\/wp-content\/uploads\/2020\/05\/1133.jpg",654,368,false]},"rttpg_author":{"display_name":"V\u00fcsal Rafiqo\u011flu","author_link":"https:\/\/arantv.az\/?author=2"},"rttpg_comment":0,"rttpg_category":"<a href=\"https:\/\/arantv.az\/?cat=2\" rel=\"category\">Region X\u0259b\u0259rl\u0259ri<\/a>","rttpg_excerpt":"Cari ild\u0259 rayonda, barama\u00e7\u0131l\u0131\u011f\u0131n inki\u015faf\u0131 m\u0259qs\u0259dil\u0259, k\u00fcm\u00e7\u00fcl\u0259r\u0259 370 qutu olmaqla 7400 qram barama qurdu paylan\u0131lm\u0131\u015fd\u0131r. Goranboy rayon \u0130cra Hakimiyy\u0259tin ba\u015f\u00e7\u0131s\u0131 baraman\u0131n saxlan\u0131lma v\u0259ziyy\u0259ti il\u0259 yerind\u0259 tan\u0131\u015f oldu, y\u00fcks\u0259k m\u0259hsuldarl\u0131\u011f\u0131n \u0259ld\u0259 edilm\u0259si il\u0259 ba\u011fl\u0131 m\u00fcvafiq t\u00f6vsiy\u0259l\u0259rini verdi. &nbsp;","_links":{"self":[{"href":"https:\/\/arantv.az\/index.php?rest_route=\/wp\/v2\/posts\/165326"}],"collection":[{"href":"https:\/\/arantv.az\/index.php?rest_route=\/wp\/v2\/posts"}],"about":[{"href":"https:\/\/arantv.az\/index.php?rest_route=\/wp\/v2\/types\/post"}],"author":[{"embeddable":true,"href":"https:\/\/arantv.az\/index.php?rest_route=\/wp\/v2\/users\/2"}],"replies":[{"embeddable":true,"href":"https:\/\/arantv.az\/index.php?rest_route=%2Fwp%2Fv2%2Fcomments&post=165326"}],"version-history":[{"count":0,"href":"https:\/\/arantv.az\/index.php?rest_route=\/wp\/v2\/posts\/165326\/revisions"}],"wp:featuredmedia":[{"embeddable":true,"href":"https:\/\/arantv.az\/index.php?rest_route=\/wp\/v2\/media\/165330"}],"wp:attachment":[{"href":"https:\/\/arantv.az\/index.php?rest_route=%2Fwp%2Fv2%2Fmedia&parent=165326"}],"wp:term":[{"taxonomy":"category","embeddable":true,"href":"https:\/\/arantv.az\/index.php?rest_route=%2Fwp%2Fv2%2Fcategories&post=165326"},{"taxonomy":"post_tag","embeddable":true,"href":"https:\/\/arantv.az\/index.php?rest_route=%2Fwp%2Fv2%2Ftags&post=165326"}],"curies":[{"name":"wp","href":"https:\/\/api.w.org\/{rel}","templated":true}]}}