{"id":16533,"date":"2018-10-02T09:09:23","date_gmt":"2018-10-02T06:09:23","guid":{"rendered":"http:\/\/arantv.az\/?p=16533"},"modified":"2018-10-02T09:09:23","modified_gmt":"2018-10-02T06:09:23","slug":"n%c9%99simi-seir-inc%c9%99s%c9%99n%c9%99t-v%c9%99-m%c9%99n%c9%99viyyat-festivali-basa-catdi","status":"publish","type":"post","link":"https:\/\/arantv.az\/?p=16533","title":{"rendered":"N\u0259simi \u2013 \u015feir, inc\u0259s\u0259n\u0259t v\u0259 m\u0259n\u0259viyyat Festival\u0131 ba\u015fa \u00e7atd\u0131"},"content":{"rendered":"<p><strong>ARANTV.AZ<\/strong> x\u0259b\u0259r verir ki, Bak\u0131 Media M\u0259rk\u0259zind\u0259 N\u0259simi \u2013 \u015feir, inc\u0259s\u0259n\u0259t v\u0259 m\u0259n\u0259viyyat Festival\u0131n\u0131n ba\u011flan\u0131\u015f v\u0259 M\u0259d\u0259niyy\u0259t Nazirliyinin \u201cS\u00f6z\u201d \u0259d\u0259bi layih\u0259si \u00e7\u0259r\u00e7iv\u0259sind\u0259 N\u0259siminin xatir\u0259sin\u0259 h\u0259sr etdiyi \u0259d\u0259bi m\u00fcsabiq\u0259nin qalibl\u0259rinin m\u00fckafatland\u0131r\u0131lmas\u0131 m\u0259rasiml\u0259ri ke\u00e7irilib.<\/p>\n<p>Heyd\u0259r \u018fliyev Fondunun vitse-prezidenti Leyla \u018fliyeva v\u0259 Bak\u0131 Media M\u0259rk\u0259zinin prezidenti Arzu \u018fliyeva m\u0259rasiml\u0259rd\u0259 i\u015ftirak edibl\u0259r.<\/p>\n<p>Festival\u0131n ba\u011flan\u0131\u015f\u0131 m\u0259rasimind\u0259 \u201cM\u0259rhaba!\u201d \u0259d\u0259bi-musiqili tama\u015fa t\u0259qdim olunub. Ecazkar musiqi, tama\u015fan\u0131n plastik h\u0259lli v\u0259 \u0259lb\u0259tt\u0259 ki, N\u0259siminin qiym\u0259tli k\u0259lamlar\u0131n\u0131n aktyorlar\u0131n ifas\u0131nda m\u0259har\u0259tl\u0259 s\u0259sl\u0259ndirilm\u0259si \u015fairin t\u00fck\u0259nm\u0259z poetik d\u00fcnyas\u0131n\u0131 bir daha t\u0259c\u0259ss\u00fcm etdirib. M\u00fct\u0259f\u0259kkir \u015fairin q\u0259z\u0259ll\u0259rind\u0259n s\u0259sl\u0259ndiril\u0259n \u201cM\u0259rhaba, xo\u015f g\u0259ldin, ey ruhi-r\u0259van\u0131m, m\u0259rhaba\u201d, \u201cM\u0259n\u0259m ol tilsimi-p\u00fcnhan ki, bu g\u00fcn cahan\u0259 g\u0259ldim\u201d v\u0259 dig\u0259r misralar h\u0259r k\u0259si bir daha N\u0259simi \u015feiriyy\u0259tinin t\u0259sirin\u0259 sal\u0131b, insan, h\u0259yat, h\u0259qiq\u0259t axtar\u0131\u015f\u0131 haqq\u0131nda d\u00fc\u015f\u00fcnc\u0259l\u0259r\u0259 dalma\u011fa s\u00f6vq edib.<\/p>\n<p>Sonra M\u0259d\u0259niyy\u0259t Nazirliyinin \u201cS\u00f6z\u201d \u0259d\u0259bi layih\u0259si \u00e7\u0259r\u00e7iv\u0259sind\u0259 \u0130mad\u0259ddin N\u0259siminin xatir\u0259sin\u0259 h\u0259sr etdiyi \u0259d\u0259bi m\u00fcsabiq\u0259nin qalibl\u0259ri \u2013 Tahir\u0259 M\u0259mm\u0259dova, Mehman R\u0259sulov, R\u00fcst\u0259m Tofiq, habel\u0259 \u0259n g\u0259nc i\u015ftirak\u00e7\u0131 Aysel Babayeva v\u0259 Mehriban S\u0259ttarova m\u00fckafatland\u0131r\u0131l\u0131blar.<\/p>\n<p>M\u00fckafatlar\u0131 Heyd\u0259r \u018fliyev Fondunun vitse-prezidenti Leyla \u018fliyeva t\u0259qdim edib.<\/p>\n<p>Qeyd ed\u0259k ki, m\u00fcsabiq\u0259 g\u0259nc, istedadl\u0131 \u015fairl\u0259rin ortaya \u00e7\u0131xar\u0131lmas\u0131, c\u0259miyy\u0259t\u0259 tan\u0131d\u0131lmas\u0131 m\u0259qs\u0259dil\u0259 h\u0259yata ke\u00e7irilib. \u018fd\u0259bi yar\u0131\u015fa 90-d\u0259k g\u0259nc \u015fair N\u0259simi d\u00fchas\u0131ndan b\u0259hr\u0259l\u0259n\u0259r\u0259k yazd\u0131qlar\u0131 \u0259s\u0259rl\u0259ri t\u0259qdim edibl\u0259r. M\u00fcnsifl\u0259r hey\u0259tinin q\u0259rar\u0131 il\u0259 onlardan 17-si final m\u0259rh\u0259l\u0259sin\u0259 qal\u0131b.<\/p>\n<p>Heyd\u0259r \u018fliyev Fondunun t\u0259\u015fkilat\u00e7\u0131l\u0131\u011f\u0131 v\u0259 M\u0259d\u0259niyy\u0259t Nazirliyinin d\u0259st\u0259yi il\u0259 N\u0259simi \u2013 \u015feir, inc\u0259s\u0259n\u0259t v\u0259 m\u0259n\u0259viyyat Festival\u0131n\u0131n ke\u00e7irildiyi d\u00f6rd g\u00fcn \u0259rzind\u0259 Bak\u0131da v\u0259 \u015eamax\u0131da \u00f6lm\u0259z \u015fairin ruhunu v\u0259 yarad\u0131c\u0131l\u0131\u011f\u0131n\u0131 ya\u015fadan, inc\u0259s\u0259n\u0259t v\u0259 m\u0259n\u0259viyyat\u0131 t\u0259r\u0259nn\u00fcm ed\u0259n m\u00fcxt\u0259lif t\u0259dbirl\u0259r-s\u0259rgil\u0259r, m\u00fchazir\u0259l\u0259r, \u0259d\u0259bi-b\u0259dii gec\u0259l\u0259r, musiqili kompozisiyalar v\u0259 s. t\u0259\u015fkil olunub.<\/p>\n","protected":false},"excerpt":{"rendered":"<p>ARANTV.AZ x\u0259b\u0259r verir ki, Bak\u0131 Media M\u0259rk\u0259zind\u0259 N\u0259simi \u2013 \u015feir, inc\u0259s\u0259n\u0259t v\u0259 m\u0259n\u0259viyyat Festival\u0131n\u0131n ba\u011flan\u0131\u015f v\u0259 M\u0259d\u0259niyy\u0259t Nazirliyinin \u201cS\u00f6z\u201d \u0259d\u0259bi layih\u0259si \u00e7\u0259r\u00e7iv\u0259sind\u0259 N\u0259siminin xatir\u0259sin\u0259 h\u0259sr etdiyi \u0259d\u0259bi m\u00fcsabiq\u0259nin qalibl\u0259rinin m\u00fckafatland\u0131r\u0131lmas\u0131 m\u0259rasiml\u0259ri ke\u00e7irilib. Heyd\u0259r \u018fliyev Fondunun vitse-prezidenti Leyla \u018fliyeva v\u0259 Bak\u0131 Media M\u0259rk\u0259zinin prezidenti Arzu \u018fliyeva m\u0259rasiml\u0259rd\u0259 i\u015ftirak edibl\u0259r. Festival\u0131n ba\u011flan\u0131\u015f\u0131 m\u0259rasimind\u0259 \u201cM\u0259rhaba!\u201d \u0259d\u0259bi-musiqili tama\u015fa t\u0259qdim olunub. Ecazkar musiqi, tama\u015fan\u0131n plastik h\u0259lli v\u0259 \u0259lb\u0259tt\u0259 ki, N\u0259siminin qiym\u0259tli k\u0259lamlar\u0131n\u0131n aktyorlar\u0131n ifas\u0131nda m\u0259har\u0259tl\u0259 s\u0259sl\u0259ndirilm\u0259si \u015fairin t\u00fck\u0259nm\u0259z poetik d\u00fcnyas\u0131n\u0131 bir daha t\u0259c\u0259ss\u00fcm etdirib. M\u00fct\u0259f\u0259kkir \u015fairin q\u0259z\u0259ll\u0259rind\u0259n s\u0259sl\u0259ndiril\u0259n \u201cM\u0259rhaba, xo\u015f g\u0259ldin, ey ruhi-r\u0259van\u0131m, m\u0259rhaba\u201d, \u201cM\u0259n\u0259m&hellip;<\/p>\n","protected":false},"author":2,"featured_media":16534,"comment_status":"closed","ping_status":"closed","sticky":false,"template":"","format":"standard","meta":{"om_disable_all_campaigns":false,"_monsterinsights_skip_tracking":false,"_monsterinsights_sitenote_active":false,"_monsterinsights_sitenote_note":"","_monsterinsights_sitenote_category":0},"categories":[11],"tags":[],"aioseo_notices":[],"gutentor_comment":0,"rttpg_featured_image_url":{"full":["https:\/\/arantv.az\/wp-content\/uploads\/2018\/10\/b9m0edlckhsobmef9636aabnt2ley.jpg",1000,624,false],"landscape":["https:\/\/arantv.az\/wp-content\/uploads\/2018\/10\/b9m0edlckhsobmef9636aabnt2ley.jpg",1000,624,false],"portraits":["https:\/\/arantv.az\/wp-content\/uploads\/2018\/10\/b9m0edlckhsobmef9636aabnt2ley.jpg",1000,624,false],"thumbnail":["https:\/\/arantv.az\/wp-content\/uploads\/2018\/10\/b9m0edlckhsobmef9636aabnt2ley-150x150.jpg",150,150,true],"medium":["https:\/\/arantv.az\/wp-content\/uploads\/2018\/10\/b9m0edlckhsobmef9636aabnt2ley-300x187.jpg",300,187,true],"large":["https:\/\/arantv.az\/wp-content\/uploads\/2018\/10\/b9m0edlckhsobmef9636aabnt2ley.jpg",640,399,false],"1536x1536":["https:\/\/arantv.az\/wp-content\/uploads\/2018\/10\/b9m0edlckhsobmef9636aabnt2ley.jpg",1000,624,false],"2048x2048":["https:\/\/arantv.az\/wp-content\/uploads\/2018\/10\/b9m0edlckhsobmef9636aabnt2ley.jpg",1000,624,false],"post-thumbnail":["https:\/\/arantv.az\/wp-content\/uploads\/2018\/10\/b9m0edlckhsobmef9636aabnt2ley-240x172.jpg",240,172,true],"advps-thumb-one":["https:\/\/arantv.az\/wp-content\/uploads\/2018\/10\/b9m0edlckhsobmef9636aabnt2ley-1000x620.jpg",1000,620,true]},"rttpg_author":{"display_name":"V\u00fcsal Rafiqo\u011flu","author_link":"https:\/\/arantv.az\/?author=2"},"rttpg_comment":0,"rttpg_category":"<a href=\"https:\/\/arantv.az\/?cat=11\" rel=\"category\">Manset<\/a>","rttpg_excerpt":"ARANTV.AZ x\u0259b\u0259r verir ki, Bak\u0131 Media M\u0259rk\u0259zind\u0259 N\u0259simi \u2013 \u015feir, inc\u0259s\u0259n\u0259t v\u0259 m\u0259n\u0259viyyat Festival\u0131n\u0131n ba\u011flan\u0131\u015f v\u0259 M\u0259d\u0259niyy\u0259t Nazirliyinin \u201cS\u00f6z\u201d \u0259d\u0259bi layih\u0259si \u00e7\u0259r\u00e7iv\u0259sind\u0259 N\u0259siminin xatir\u0259sin\u0259 h\u0259sr etdiyi \u0259d\u0259bi m\u00fcsabiq\u0259nin qalibl\u0259rinin m\u00fckafatland\u0131r\u0131lmas\u0131 m\u0259rasiml\u0259ri ke\u00e7irilib. Heyd\u0259r \u018fliyev Fondunun vitse-prezidenti Leyla \u018fliyeva v\u0259 Bak\u0131 Media M\u0259rk\u0259zinin prezidenti Arzu \u018fliyeva m\u0259rasiml\u0259rd\u0259 i\u015ftirak edibl\u0259r. Festival\u0131n ba\u011flan\u0131\u015f\u0131 m\u0259rasimind\u0259 \u201cM\u0259rhaba!\u201d \u0259d\u0259bi-musiqili tama\u015fa t\u0259qdim&hellip;","_links":{"self":[{"href":"https:\/\/arantv.az\/index.php?rest_route=\/wp\/v2\/posts\/16533"}],"collection":[{"href":"https:\/\/arantv.az\/index.php?rest_route=\/wp\/v2\/posts"}],"about":[{"href":"https:\/\/arantv.az\/index.php?rest_route=\/wp\/v2\/types\/post"}],"author":[{"embeddable":true,"href":"https:\/\/arantv.az\/index.php?rest_route=\/wp\/v2\/users\/2"}],"replies":[{"embeddable":true,"href":"https:\/\/arantv.az\/index.php?rest_route=%2Fwp%2Fv2%2Fcomments&post=16533"}],"version-history":[{"count":0,"href":"https:\/\/arantv.az\/index.php?rest_route=\/wp\/v2\/posts\/16533\/revisions"}],"wp:featuredmedia":[{"embeddable":true,"href":"https:\/\/arantv.az\/index.php?rest_route=\/wp\/v2\/media\/16534"}],"wp:attachment":[{"href":"https:\/\/arantv.az\/index.php?rest_route=%2Fwp%2Fv2%2Fmedia&parent=16533"}],"wp:term":[{"taxonomy":"category","embeddable":true,"href":"https:\/\/arantv.az\/index.php?rest_route=%2Fwp%2Fv2%2Fcategories&post=16533"},{"taxonomy":"post_tag","embeddable":true,"href":"https:\/\/arantv.az\/index.php?rest_route=%2Fwp%2Fv2%2Ftags&post=16533"}],"curies":[{"name":"wp","href":"https:\/\/api.w.org\/{rel}","templated":true}]}}