{"id":165334,"date":"2020-05-14T21:51:37","date_gmt":"2020-05-14T18:51:37","guid":{"rendered":"http:\/\/arantv.az\/?p=165334"},"modified":"2020-05-14T21:51:37","modified_gmt":"2020-05-14T18:51:37","slug":"qazax-rayon-icra-hakimiyy%c9%99tinin-bascisi-dusm%c9%99n-t%c9%99r%c9%99find%c9%99n-at%c9%99s%c9%99-tutulan-abbasb%c9%99yli-k%c9%99ndind%c9%99-olub","status":"publish","type":"post","link":"https:\/\/arantv.az\/?p=165334","title":{"rendered":"Qazax Rayon \u0130cra Hakimiyy\u0259tinin ba\u015f\u00e7\u0131s\u0131\u00a0\u00a0d\u00fc\u015fm\u0259n t\u0259r\u0259find\u0259n at\u0259\u015f\u0259 tutulan Abbasb\u0259yli k\u0259ndind\u0259 olub"},"content":{"rendered":"<p>Az\u0259rbaycan Respublikas\u0131n\u0131n Erm\u0259nistan il\u0259 d\u00f6vl\u0259t s\u0259rh\u0259dind\u0259 d\u00fc\u015fm\u0259n t\u0259r\u0259finin t\u0259xribatlar\u0131 davam edir. May\u0131n 13-d\u0259 saat 12:00 rad\u0259l\u0259rind\u0259n ba\u015flamaqla Qazax rayonunun Abbasb\u0259yli k\u0259ndi, k\u0259nd yax\u0131nl\u0131\u011f\u0131ndak\u0131 s\u0259rh\u0259d-d\u00f6y\u00fc\u015f m\u0259nt\u0259q\u0259l\u0259rimiz, h\u0259min istiqam\u0259td\u0259 avtomobil yolu il\u0259 h\u0259r\u0259k\u0259t ed\u0259n h\u0259rbi v\u0259 m\u00fclki n\u0259qliyyat vasit\u0259l\u0259ri ER-n\u0131n \u0130cevan rayonunun Berkaber k\u0259ndi yax\u0131n\u00acl\u0131\u011f\u0131nda yerl\u0259\u015f\u0259n\u00a0 Erm\u0259nistan Silahl\u0131 Q\u00fcvv\u0259l\u0259rinin b\u00f6lm\u0259l\u0259ri t\u0259r\u0259find\u0259n iri \u00e7apl\u0131 silahlardan v\u0259 snayper t\u00fcf\u0259ngl\u0259rind\u0259n intensiv at\u0259\u015f\u0259 tutulub, bir ne\u00e7\u0259 ya\u015fay\u0131\u015f evinin dam\u0131na z\u0259r\u0259r d\u0259yib. D\u00fc\u015fm\u0259n t\u0259xribat\u0131n\u0131n qar\u015f\u0131s\u0131 al\u0131n\u0131b, Erm\u0259nistan Silahl\u0131 Q\u00fcvv\u0259l\u0259rinin d\u00f6y\u00fc\u015f m\u00f6vqel\u0259ri cavab at\u0259\u015fi il\u0259 sus-durulub.<br \/>\nBu g\u00fcn Qazax Rayon \u0130cra Hakimiyy\u0259tinin ba\u015f\u00e7\u0131s\u0131 R\u0259c\u0259b Baba\u015fov rayonun h\u00fcquq-m\u00fchafiz\u0259 orqanlar\u0131n\u0131n r\u0259hb\u0259rl\u0259ri, icra aparat\u0131n\u0131n m\u0259sul \u015f\u0259xsl\u0259ri il\u0259 birlikd\u0259 d\u00fcn\u0259n d\u00fc\u015fm\u0259n t\u0259r\u0259find\u0259n at\u0259\u015f\u0259 tutulan Abbasb\u0259yli k\u0259ndind\u0259 olub. Ya\u015fay\u0131\u015f evinin dam\u0131na z\u0259r\u0259r d\u0259ymi\u015f k\u0259nd sakini K\u0259rimov K\u0259rim \u018f\u015fr\u0259f o\u011flunun evind\u0259 olaraq onunla g\u00f6r\u00fc\u015f\u00fcb.<br \/>\n\u201cS\u0259rh\u0259dd\u0259 ya\u015fayan sakinl\u0259r h\u0259r c\u00fcr diqq\u0259t v\u0259 qay\u011f\u0131ya layiqdir. D\u00fc\u015fm\u0259n g\u00fcll\u0259sinin qaba\u011f\u0131nda m\u0259tin dayanan, \u00f6z ata-baba yurdlar\u0131n\u0131 bir an olsun bel\u0259 t\u0259rk etm\u0259y\u0259n bu c\u00fcr insanlara qay\u011f\u0131 il\u0259 yana\u015fmaq h\u0259r bir d\u00f6vl\u0259t m\u0259murunun borcudur\u201d, &#8211; dey\u0259n rayon r\u0259hb\u0259ri h\u0259r zaman onlar\u0131n yan\u0131nda oldu\u011funu bildirib. \u0130cra ba\u015f\u00e7\u0131s\u0131 qeyd edib ki, bu g\u00fcn nec\u0259 ki, Qazax rayonunun i\u015f\u011fal alt\u0131nda olan Ba\u011fan\u0131s Ayr\u0131m, Barxudarl\u0131, Sofulu, Xeyr\u0131ml\u0131, Q\u0131z\u0131lhac\u0131l\u0131, Yuxar\u0131 \u018fskipara, A\u015fa\u011f\u0131 \u018fskipara k\u0259ndl\u0259rind\u0259n olan m\u0259cburi k\u00fc\u00e7k\u00fcnl\u0259rimizin qay\u011f\u0131lar\u0131n\u0131 diqq\u0259t m\u0259rk\u0259zind\u0259 saxlay\u0131r\u0131q, el\u0259c\u0259 d\u0259 s\u0259rh\u0259dd\u0259 yerl\u0259\u015f\u0259n k\u0259ndl\u0259rd\u0259 ya\u015fayan insanlar\u0131m\u0131za da o c\u00fcr qay\u011f\u0131 il\u0259 yana\u015f\u0131r\u0131q. \u0130cra ba\u015f\u00e7\u0131s\u0131 bu g\u00fcn rayonda s\u0259rh\u0259d k\u0259ndl\u0259ri olan Qu\u015f\u00e7u Ayr\u0131m, M\u0259z\u0259m, F\u0259r\u0259hli, C\u0259f\u0259rli, Bala C\u0259f\u0259rli, Alpout, Abbasb\u0259yli k\u0259ndl\u0259rind\u0259 ya\u015fayan sakinl\u0259rin h\u0259r zaman qay\u011f\u0131 il\u0259 \u0259hat\u0259 olunduqlar\u0131n\u0131 vur\u011fulay\u0131b.<br \/>\n\u00d6lk\u0259 ba\u015f\u00e7\u0131s\u0131 c\u0259nab \u0130lham \u018fliyevin ist\u0259r m\u0259cburi k\u00fc\u00e7k\u00fcn ail\u0259l\u0259rin\u0259, ist\u0259rs\u0259 d\u0259 s\u0259rh\u0259dd\u0259 ya\u015fayan insanlara g\u00f6st\u0259rdiyi diqq\u0259t v\u0259 qay\u011f\u0131dan s\u00f6z a\u00e7an rayon r\u0259hb\u0259ri bu amilin Qazaxda da oldu\u011fu kimi icra olundu\u011funu bildirib. Rayon r\u0259hb\u0259ri f\u0259aliyy\u0259t\u0259 ba\u015flad\u0131\u011f\u0131 ilk g\u00fcnd\u0259n dig\u0259r s\u0259rh\u0259d k\u0259ndl\u0259ri kimi Abbasb\u0259yli k\u0259ndini d\u0259 daim diqq\u0259td\u0259 saxlad\u0131\u011f\u0131n\u0131, sakinl\u0259rl\u0259 m\u00fct\u0259madi olaraq g\u00f6r\u00fc\u015fd\u00fcy\u00fcn\u00fc diqq\u0259t\u0259 \u00e7atd\u0131r\u0131b.<br \/>\n\u201c\u00d6z\u00fcm\u0259 borc bildim ki, bu g\u00fcn g\u0259lim sizinl\u0259 g\u00f6r\u00fc\u015f\u00fcm v\u0259 qay\u011f\u0131lar\u0131n\u0131zla maraqlan\u0131m\u201d, &#8211; dey\u0259n icra ba\u015f\u00e7\u0131s\u0131 k\u0259nd sakinl\u0259ri il\u0259 s\u0259mimi s\u00f6hb\u0259t edib. D\u00fcn\u0259n ba\u015f vermi\u015f at\u0131\u015fmadan s\u00f6z a\u00e7an rayon r\u0259hb\u0259ri bu g\u00fcn s\u0259rh\u0259dl\u0259rimizin ke\u015fiyind\u0259 m\u0259tin dayanan \u201cQazax\u201d \u0259lahidd\u0259 s\u0259rh\u0259d diviziyas\u0131n\u0131n \u0259sg\u0259r v\u0259 zabitl\u0259rinin ay\u0131q-say\u0131ql\u0131\u011f\u0131 say\u0259sind\u0259 d\u00fc\u015fm\u0259n\u0259 layiqli cavab\u0131n verildiyini bildirib. Bu g\u00fcn Ali Ba\u015f Komandan \u0130lham \u018fliyevin ir\u0259li \u0259mrin\u0259 haz\u0131r olan g\u00fccl\u00fc ordumuzun, s\u0259rh\u0259d\u00e7il\u0259rimizin torpaqlar\u0131m\u0131z\u0131, x\u00fcsusil\u0259 d\u0259 s\u0259rh\u0259dl\u0259rimizi layiqinc\u0259 qorudu\u011funu, sakinl\u0259rin t\u0259hl\u00fck\u0259sizliyinin tam t\u0259min olundu\u011funu qeyd edib.<br \/>\nEvinin dam\u0131na z\u0259r\u0259r d\u0259ymi\u015f k\u0259nd sakini K\u0259rim K\u0259rimov ona v\u0259 ail\u0259sin\u0259 g\u00f6st\u0259ril\u0259n qay\u011f\u0131ya g\u00f6r\u0259 minn\u0259tdarl\u0131\u011f\u0131n\u0131 bildirib. Bu g\u00fcn ba\u015f vermi\u015f hadis\u0259 il\u0259 ba\u011fl\u0131 onun ail\u0259sin\u0259 ba\u015f \u00e7\u0259kilm\u0259sini d\u00f6vl\u0259tin, \u00f6lk\u0259 ba\u015f\u00e7\u0131s\u0131n\u0131n v\u0259 rayon r\u0259hb\u0259rinin v\u0259t\u0259nda\u015f\u0131na olan qay\u011f\u0131s\u0131 kimi g\u00f6st\u0259rib. \u201cBu g\u00fcn m\u0259n bir daha \u0259min oldum ki, d\u00f6vl\u0259timiz, \u00f6lk\u0259 r\u0259hb\u0259rimiz bizim arxam\u0131zdad\u0131r. \u018fn \u0259sas\u0131 da d\u00fc\u015fm\u0259nin bir g\u00fcll\u0259sin\u0259 5 g\u00fcll\u0259 il\u0259 cavab verm\u0259yi, d\u00fc\u015fm\u0259nin h\u0259r bir h\u0259ml\u0259sini d\u0259f etm\u0259yi bacaran bu c\u00fcr ordumuz, s\u0259rh\u0259d\u00e7il\u0259rimiz var\u201d, &#8211; dey\u0259n K.K\u0259rimov d\u00fcn\u0259nki at\u0131\u015fmaya baxmayaraq k\u0259ndd\u0259 normal h\u0259yat t\u0259rzinin oldu\u011fu kimi davam etdiyini, h\u0259r \u015feyin \u00f6z axar\u0131nda oldu\u011funu qeyd edib.<\/p>\n","protected":false},"excerpt":{"rendered":"<p>Az\u0259rbaycan Respublikas\u0131n\u0131n Erm\u0259nistan il\u0259 d\u00f6vl\u0259t s\u0259rh\u0259dind\u0259 d\u00fc\u015fm\u0259n t\u0259r\u0259finin t\u0259xribatlar\u0131 davam edir. May\u0131n 13-d\u0259 saat 12:00 rad\u0259l\u0259rind\u0259n ba\u015flamaqla Qazax rayonunun Abbasb\u0259yli k\u0259ndi, k\u0259nd yax\u0131nl\u0131\u011f\u0131ndak\u0131 s\u0259rh\u0259d-d\u00f6y\u00fc\u015f m\u0259nt\u0259q\u0259l\u0259rimiz, h\u0259min istiqam\u0259td\u0259 avtomobil yolu il\u0259 h\u0259r\u0259k\u0259t ed\u0259n h\u0259rbi v\u0259 m\u00fclki n\u0259qliyyat vasit\u0259l\u0259ri ER-n\u0131n \u0130cevan rayonunun Berkaber k\u0259ndi yax\u0131n\u00acl\u0131\u011f\u0131nda yerl\u0259\u015f\u0259n\u00a0 Erm\u0259nistan Silahl\u0131 Q\u00fcvv\u0259l\u0259rinin b\u00f6lm\u0259l\u0259ri t\u0259r\u0259find\u0259n iri \u00e7apl\u0131 silahlardan v\u0259 snayper t\u00fcf\u0259ngl\u0259rind\u0259n intensiv at\u0259\u015f\u0259 tutulub, bir ne\u00e7\u0259 ya\u015fay\u0131\u015f evinin dam\u0131na z\u0259r\u0259r d\u0259yib. D\u00fc\u015fm\u0259n t\u0259xribat\u0131n\u0131n qar\u015f\u0131s\u0131 al\u0131n\u0131b, Erm\u0259nistan Silahl\u0131 Q\u00fcvv\u0259l\u0259rinin d\u00f6y\u00fc\u015f m\u00f6vqel\u0259ri cavab at\u0259\u015fi il\u0259 sus-durulub. Bu g\u00fcn Qazax Rayon \u0130cra Hakimiyy\u0259tinin ba\u015f\u00e7\u0131s\u0131 R\u0259c\u0259b Baba\u015fov rayonun h\u00fcquq-m\u00fchafiz\u0259 orqanlar\u0131n\u0131n&hellip;<\/p>\n","protected":false},"author":2,"featured_media":165339,"comment_status":"closed","ping_status":"closed","sticky":false,"template":"","format":"standard","meta":{"om_disable_all_campaigns":false,"_monsterinsights_skip_tracking":false,"_monsterinsights_sitenote_active":false,"_monsterinsights_sitenote_note":"","_monsterinsights_sitenote_category":0},"categories":[2],"tags":[],"aioseo_notices":[],"gutentor_comment":0,"rttpg_featured_image_url":{"full":["https:\/\/arantv.az\/wp-content\/uploads\/2020\/05\/MG_4502.jpg",1600,1122,false],"landscape":["https:\/\/arantv.az\/wp-content\/uploads\/2020\/05\/MG_4502.jpg",1600,1122,false],"portraits":["https:\/\/arantv.az\/wp-content\/uploads\/2020\/05\/MG_4502.jpg",1600,1122,false],"thumbnail":["https:\/\/arantv.az\/wp-content\/uploads\/2020\/05\/MG_4502-150x150.jpg",150,150,true],"medium":["https:\/\/arantv.az\/wp-content\/uploads\/2020\/05\/MG_4502-300x210.jpg",300,210,true],"large":["https:\/\/arantv.az\/wp-content\/uploads\/2020\/05\/MG_4502-1024x718.jpg",640,449,true],"1536x1536":["https:\/\/arantv.az\/wp-content\/uploads\/2020\/05\/MG_4502.jpg",1536,1077,false],"2048x2048":["https:\/\/arantv.az\/wp-content\/uploads\/2020\/05\/MG_4502.jpg",1600,1122,false],"post-thumbnail":["https:\/\/arantv.az\/wp-content\/uploads\/2020\/05\/MG_4502-240x172.jpg",240,172,true],"advps-thumb-one":["https:\/\/arantv.az\/wp-content\/uploads\/2020\/05\/MG_4502-1200x620.jpg",1200,620,true]},"rttpg_author":{"display_name":"V\u00fcsal Rafiqo\u011flu","author_link":"https:\/\/arantv.az\/?author=2"},"rttpg_comment":0,"rttpg_category":"<a href=\"https:\/\/arantv.az\/?cat=2\" rel=\"category\">Region X\u0259b\u0259rl\u0259ri<\/a>","rttpg_excerpt":"Az\u0259rbaycan Respublikas\u0131n\u0131n Erm\u0259nistan il\u0259 d\u00f6vl\u0259t s\u0259rh\u0259dind\u0259 d\u00fc\u015fm\u0259n t\u0259r\u0259finin t\u0259xribatlar\u0131 davam edir. May\u0131n 13-d\u0259 saat 12:00 rad\u0259l\u0259rind\u0259n ba\u015flamaqla Qazax rayonunun Abbasb\u0259yli k\u0259ndi, k\u0259nd yax\u0131nl\u0131\u011f\u0131ndak\u0131 s\u0259rh\u0259d-d\u00f6y\u00fc\u015f m\u0259nt\u0259q\u0259l\u0259rimiz, h\u0259min istiqam\u0259td\u0259 avtomobil yolu il\u0259 h\u0259r\u0259k\u0259t ed\u0259n h\u0259rbi v\u0259 m\u00fclki n\u0259qliyyat vasit\u0259l\u0259ri ER-n\u0131n \u0130cevan rayonunun Berkaber k\u0259ndi yax\u0131n\u00acl\u0131\u011f\u0131nda yerl\u0259\u015f\u0259n\u00a0 Erm\u0259nistan Silahl\u0131 Q\u00fcvv\u0259l\u0259rinin b\u00f6lm\u0259l\u0259ri t\u0259r\u0259find\u0259n iri \u00e7apl\u0131 silahlardan v\u0259 snayper t\u00fcf\u0259ngl\u0259rind\u0259n&hellip;","_links":{"self":[{"href":"https:\/\/arantv.az\/index.php?rest_route=\/wp\/v2\/posts\/165334"}],"collection":[{"href":"https:\/\/arantv.az\/index.php?rest_route=\/wp\/v2\/posts"}],"about":[{"href":"https:\/\/arantv.az\/index.php?rest_route=\/wp\/v2\/types\/post"}],"author":[{"embeddable":true,"href":"https:\/\/arantv.az\/index.php?rest_route=\/wp\/v2\/users\/2"}],"replies":[{"embeddable":true,"href":"https:\/\/arantv.az\/index.php?rest_route=%2Fwp%2Fv2%2Fcomments&post=165334"}],"version-history":[{"count":0,"href":"https:\/\/arantv.az\/index.php?rest_route=\/wp\/v2\/posts\/165334\/revisions"}],"wp:featuredmedia":[{"embeddable":true,"href":"https:\/\/arantv.az\/index.php?rest_route=\/wp\/v2\/media\/165339"}],"wp:attachment":[{"href":"https:\/\/arantv.az\/index.php?rest_route=%2Fwp%2Fv2%2Fmedia&parent=165334"}],"wp:term":[{"taxonomy":"category","embeddable":true,"href":"https:\/\/arantv.az\/index.php?rest_route=%2Fwp%2Fv2%2Fcategories&post=165334"},{"taxonomy":"post_tag","embeddable":true,"href":"https:\/\/arantv.az\/index.php?rest_route=%2Fwp%2Fv2%2Ftags&post=165334"}],"curies":[{"name":"wp","href":"https:\/\/api.w.org\/{rel}","templated":true}]}}