{"id":165338,"date":"2020-05-14T21:57:14","date_gmt":"2020-05-14T18:57:14","guid":{"rendered":"http:\/\/arantv.az\/?p=165338"},"modified":"2020-05-14T21:57:14","modified_gmt":"2020-05-14T18:57:14","slug":"ramazan-ayinin-21-ci-gununun-imsak-v%c9%99-iftar-vaxtlari","status":"publish","type":"post","link":"https:\/\/arantv.az\/?p=165338","title":{"rendered":"Ramazan ay\u0131n\u0131n 21-ci g\u00fcn\u00fcn\u00fcn imsak v\u0259 iftar vaxtlar\u0131"},"content":{"rendered":"<p>Sabah Ramazan ay\u0131n\u0131n 21-ci g\u00fcn\u00fcd\u00fcr.<\/p>\n<p>Qafqaz M\u00fcs\u0259lmanlar\u0131 \u0130dar\u0259sinin a\u00e7\u0131qlad\u0131\u011f\u0131 Ramazan t\u0259qvimin\u0259 \u0259sas\u0259n, may\u0131n 15-d\u0259 imsak vaxt\u0131 saat 03:38-d\u0259, iftar vaxt\u0131 is\u0259 20:05-d\u0259dir.<\/p>\n<p>21-ci g\u00fcn\u00fcn imsak vaxt\u0131n\u0131n duas\u0131n\u0131 t\u0259qdim edirik:<\/p>\n<div id=\"AdviadNativeVideo0\" class=\"AdviadNativeVideo\"><\/div>\n<p><strong>Duan\u0131n oxunu\u015fu:<\/strong>\u00a0\u201cAllahumm\u0259c-\u0259l li fihi ila m\u0259rzatik\u0259 d\u0259lila. V\u0259 la t\u0259c-\u0259l li\u015f-\u015feytani fihi \u0259leyy\u0259 s\u0259bila. V\u0259c-\u0259lil-c\u0259nn\u0259t\u0259 li m\u0259nzil\u0259n v\u0259 m\u0259qila. Ya qaziy\u0259 h\u0259vaicit-talibin!\u201d.<\/p>\n<p><strong>T\u0259rc\u00fcm\u0259si:<\/strong>\u00a0\u201c\u0130lahi, bu g\u00fcn s\u0259nin raz\u0131l\u0131\u011f\u0131na bais olan \u0259m\u0259ll\u0259r\u0259 do\u011fru m\u0259n\u0259 yol g\u00f6st\u0259r! Bu g\u00fcn \u015feytan\u0131n m\u0259n\u0259 h\u00f6kmranl\u0131q yollar\u0131n\u0131 ba\u011fla! C\u0259nn\u0259ti m\u0259nim \u00fc\u00e7\u00fcn m\u0259nzil v\u0259 aramgah et! Ey t\u0259l\u0259b \u0259hlinin ehtiyac\u0131n\u0131 yerin\u0259 yetir\u0259n Allah!\u201d<br \/>\n\u0130ftar duas\u0131:<\/p>\n<p><strong>Duan\u0131n oxunu\u015fu:<\/strong>\u00a0\u201cAllahumm\u0259 l\u0259k\u0259 sumtu v\u0259 \u0259la rizqik\u0259 \u0259ft\u0259rtu v\u0259 \u0259l\u0259yk\u0259 t\u0259v\u0259kk\u0259ltu ya vasi\u0259l m\u0259\u011ffir\u0259t-i\u011ffirli!\u201d<\/p>\n<p><strong>T\u0259rc\u00fcm\u0259si:<\/strong>\u00a0\u201c\u0130lahi, s\u0259nd\u0259n \u00f6tr\u00fc oruc tutdum, s\u0259nin verdiyin ruzi il\u0259 iftar a\u00e7d\u0131m v\u0259 s\u0259n\u0259 t\u0259v\u0259kk\u00fcl etdim. S\u0259n\u0259 t\u0259v\u0259kk\u00fcl edir\u0259m!\u201d<\/p>\n<p><strong>Allah orucunuzu q\u0259bul etsin!<\/strong><\/p>\n","protected":false},"excerpt":{"rendered":"<p>Sabah Ramazan ay\u0131n\u0131n 21-ci g\u00fcn\u00fcd\u00fcr. Qafqaz M\u00fcs\u0259lmanlar\u0131 \u0130dar\u0259sinin a\u00e7\u0131qlad\u0131\u011f\u0131 Ramazan t\u0259qvimin\u0259 \u0259sas\u0259n, may\u0131n 15-d\u0259 imsak vaxt\u0131 saat 03:38-d\u0259, iftar vaxt\u0131 is\u0259 20:05-d\u0259dir. 21-ci g\u00fcn\u00fcn imsak vaxt\u0131n\u0131n duas\u0131n\u0131 t\u0259qdim edirik: Duan\u0131n oxunu\u015fu:\u00a0\u201cAllahumm\u0259c-\u0259l li fihi ila m\u0259rzatik\u0259 d\u0259lila. V\u0259 la t\u0259c-\u0259l li\u015f-\u015feytani fihi \u0259leyy\u0259 s\u0259bila. V\u0259c-\u0259lil-c\u0259nn\u0259t\u0259 li m\u0259nzil\u0259n v\u0259 m\u0259qila. Ya qaziy\u0259 h\u0259vaicit-talibin!\u201d. T\u0259rc\u00fcm\u0259si:\u00a0\u201c\u0130lahi, bu g\u00fcn s\u0259nin raz\u0131l\u0131\u011f\u0131na bais olan \u0259m\u0259ll\u0259r\u0259 do\u011fru m\u0259n\u0259 yol g\u00f6st\u0259r! Bu g\u00fcn \u015feytan\u0131n m\u0259n\u0259 h\u00f6kmranl\u0131q yollar\u0131n\u0131 ba\u011fla! C\u0259nn\u0259ti m\u0259nim \u00fc\u00e7\u00fcn m\u0259nzil v\u0259 aramgah et! Ey t\u0259l\u0259b \u0259hlinin ehtiyac\u0131n\u0131 yerin\u0259 yetir\u0259n Allah!\u201d \u0130ftar duas\u0131: Duan\u0131n oxunu\u015fu:\u00a0\u201cAllahumm\u0259 l\u0259k\u0259 sumtu&hellip;<\/p>\n","protected":false},"author":2,"featured_media":165346,"comment_status":"closed","ping_status":"closed","sticky":false,"template":"","format":"standard","meta":{"om_disable_all_campaigns":false,"_monsterinsights_skip_tracking":false,"_monsterinsights_sitenote_active":false,"_monsterinsights_sitenote_note":"","_monsterinsights_sitenote_category":0},"categories":[19],"tags":[],"aioseo_notices":[],"gutentor_comment":0,"rttpg_featured_image_url":{"full":["https:\/\/arantv.az\/wp-content\/uploads\/2020\/05\/xe-1.jpg",512,342,false],"landscape":["https:\/\/arantv.az\/wp-content\/uploads\/2020\/05\/xe-1.jpg",512,342,false],"portraits":["https:\/\/arantv.az\/wp-content\/uploads\/2020\/05\/xe-1.jpg",512,342,false],"thumbnail":["https:\/\/arantv.az\/wp-content\/uploads\/2020\/05\/xe-1-150x150.jpg",150,150,true],"medium":["https:\/\/arantv.az\/wp-content\/uploads\/2020\/05\/xe-1-300x200.jpg",300,200,true],"large":["https:\/\/arantv.az\/wp-content\/uploads\/2020\/05\/xe-1.jpg",512,342,false],"1536x1536":["https:\/\/arantv.az\/wp-content\/uploads\/2020\/05\/xe-1.jpg",512,342,false],"2048x2048":["https:\/\/arantv.az\/wp-content\/uploads\/2020\/05\/xe-1.jpg",512,342,false],"post-thumbnail":["https:\/\/arantv.az\/wp-content\/uploads\/2020\/05\/xe-1-240x172.jpg",240,172,true],"advps-thumb-one":["https:\/\/arantv.az\/wp-content\/uploads\/2020\/05\/xe-1.jpg",512,342,false]},"rttpg_author":{"display_name":"V\u00fcsal Rafiqo\u011flu","author_link":"https:\/\/arantv.az\/?author=2"},"rttpg_comment":0,"rttpg_category":"<a href=\"https:\/\/arantv.az\/?cat=19\" rel=\"category\">G\u00fcnd\u0259m<\/a>","rttpg_excerpt":"Sabah Ramazan ay\u0131n\u0131n 21-ci g\u00fcn\u00fcd\u00fcr. Qafqaz M\u00fcs\u0259lmanlar\u0131 \u0130dar\u0259sinin a\u00e7\u0131qlad\u0131\u011f\u0131 Ramazan t\u0259qvimin\u0259 \u0259sas\u0259n, may\u0131n 15-d\u0259 imsak vaxt\u0131 saat 03:38-d\u0259, iftar vaxt\u0131 is\u0259 20:05-d\u0259dir. 21-ci g\u00fcn\u00fcn imsak vaxt\u0131n\u0131n duas\u0131n\u0131 t\u0259qdim edirik: Duan\u0131n oxunu\u015fu:\u00a0\u201cAllahumm\u0259c-\u0259l li fihi ila m\u0259rzatik\u0259 d\u0259lila. V\u0259 la t\u0259c-\u0259l li\u015f-\u015feytani fihi \u0259leyy\u0259 s\u0259bila. V\u0259c-\u0259lil-c\u0259nn\u0259t\u0259 li m\u0259nzil\u0259n v\u0259 m\u0259qila. Ya qaziy\u0259 h\u0259vaicit-talibin!\u201d. T\u0259rc\u00fcm\u0259si:\u00a0\u201c\u0130lahi, bu g\u00fcn s\u0259nin&hellip;","_links":{"self":[{"href":"https:\/\/arantv.az\/index.php?rest_route=\/wp\/v2\/posts\/165338"}],"collection":[{"href":"https:\/\/arantv.az\/index.php?rest_route=\/wp\/v2\/posts"}],"about":[{"href":"https:\/\/arantv.az\/index.php?rest_route=\/wp\/v2\/types\/post"}],"author":[{"embeddable":true,"href":"https:\/\/arantv.az\/index.php?rest_route=\/wp\/v2\/users\/2"}],"replies":[{"embeddable":true,"href":"https:\/\/arantv.az\/index.php?rest_route=%2Fwp%2Fv2%2Fcomments&post=165338"}],"version-history":[{"count":0,"href":"https:\/\/arantv.az\/index.php?rest_route=\/wp\/v2\/posts\/165338\/revisions"}],"wp:featuredmedia":[{"embeddable":true,"href":"https:\/\/arantv.az\/index.php?rest_route=\/wp\/v2\/media\/165346"}],"wp:attachment":[{"href":"https:\/\/arantv.az\/index.php?rest_route=%2Fwp%2Fv2%2Fmedia&parent=165338"}],"wp:term":[{"taxonomy":"category","embeddable":true,"href":"https:\/\/arantv.az\/index.php?rest_route=%2Fwp%2Fv2%2Fcategories&post=165338"},{"taxonomy":"post_tag","embeddable":true,"href":"https:\/\/arantv.az\/index.php?rest_route=%2Fwp%2Fv2%2Ftags&post=165338"}],"curies":[{"name":"wp","href":"https:\/\/api.w.org\/{rel}","templated":true}]}}