{"id":165349,"date":"2020-05-14T22:31:21","date_gmt":"2020-05-14T19:31:21","guid":{"rendered":"http:\/\/arantv.az\/?p=165349"},"modified":"2020-05-14T22:31:21","modified_gmt":"2020-05-14T19:31:21","slug":"kamran-%c9%99liyev-bu-rayonlarin-prokurorlarini-t%c9%99qaud%c9%99-gond%c9%99rdi","status":"publish","type":"post","link":"https:\/\/arantv.az\/?p=165349","title":{"rendered":"Kamran \u018fliyev bu rayonlar\u0131n prokurorlar\u0131n\u0131 t\u0259qa\u00fcd\u0259 g\u00f6nd\u0259rdi"},"content":{"rendered":"<p>Ba\u015f Prokurorluqda n\u00f6vb\u0259ti kadr d\u0259yi\u015fiklikl\u0259ri olub.<\/p>\n<p>Bununla ba\u011fl\u0131 m\u00fcvafiq \u0259mrl\u0259ri Ba\u015f prokuror Kamran \u018fliyev imzalay\u0131b.<\/p>\n<div id=\"AdviadNativeVideo0\" class=\"AdviadNativeVideo\">\u00a0\u018fmrl\u0259r\u0259 \u0259sas\u0259n, X\u0259tai rayon prokuroru Yusif I\u0307ld\u0131r\u0131mzad\u0259, N\u0259simi rayon prokuroru Salman M\u0259mm\u0259dli v\u0259 Yevlax rayon prokuroru Elxan P\u0259nahov xidm\u0259td\u0259 olman\u0131n son ya\u015f h\u0259ddi il\u0259 t\u0259qa\u00fcd\u0259 g\u00f6nd\u0259rilibl\u0259r.<\/div>\n<p>Qeyd ed\u0259k ki, E.P\u0259nahov M\u0259rk\u0259zi Sec\u0327ki Komissiyas\u0131n\u0131n (MSK) s\u0259dri M\u0259zahir P\u0259nahovun qardas\u0327\u0131d\u0131r.oxu.az<\/p>\n","protected":false},"excerpt":{"rendered":"<p>Ba\u015f Prokurorluqda n\u00f6vb\u0259ti kadr d\u0259yi\u015fiklikl\u0259ri olub. Bununla ba\u011fl\u0131 m\u00fcvafiq \u0259mrl\u0259ri Ba\u015f prokuror Kamran \u018fliyev imzalay\u0131b. \u00a0\u018fmrl\u0259r\u0259 \u0259sas\u0259n, X\u0259tai rayon prokuroru Yusif I\u0307ld\u0131r\u0131mzad\u0259, N\u0259simi rayon prokuroru Salman M\u0259mm\u0259dli v\u0259 Yevlax rayon prokuroru Elxan P\u0259nahov xidm\u0259td\u0259 olman\u0131n son ya\u015f h\u0259ddi il\u0259 t\u0259qa\u00fcd\u0259 g\u00f6nd\u0259rilibl\u0259r. Qeyd ed\u0259k ki, E.P\u0259nahov M\u0259rk\u0259zi Sec\u0327ki Komissiyas\u0131n\u0131n (MSK) s\u0259dri M\u0259zahir P\u0259nahovun qardas\u0327\u0131d\u0131r.oxu.az<\/p>\n","protected":false},"author":2,"featured_media":165354,"comment_status":"closed","ping_status":"closed","sticky":false,"template":"","format":"standard","meta":{"om_disable_all_campaigns":false,"_monsterinsights_skip_tracking":false,"_monsterinsights_sitenote_active":false,"_monsterinsights_sitenote_note":"","_monsterinsights_sitenote_category":0},"categories":[19],"tags":[],"aioseo_notices":[],"gutentor_comment":0,"rttpg_featured_image_url":{"full":["https:\/\/arantv.az\/wp-content\/uploads\/2020\/05\/96805089_166829684758423_5949477522637848576_n.jpg",620,413,false],"landscape":["https:\/\/arantv.az\/wp-content\/uploads\/2020\/05\/96805089_166829684758423_5949477522637848576_n.jpg",620,413,false],"portraits":["https:\/\/arantv.az\/wp-content\/uploads\/2020\/05\/96805089_166829684758423_5949477522637848576_n.jpg",620,413,false],"thumbnail":["https:\/\/arantv.az\/wp-content\/uploads\/2020\/05\/96805089_166829684758423_5949477522637848576_n-150x150.jpg",150,150,true],"medium":["https:\/\/arantv.az\/wp-content\/uploads\/2020\/05\/96805089_166829684758423_5949477522637848576_n-300x200.jpg",300,200,true],"large":["https:\/\/arantv.az\/wp-content\/uploads\/2020\/05\/96805089_166829684758423_5949477522637848576_n.jpg",620,413,false],"1536x1536":["https:\/\/arantv.az\/wp-content\/uploads\/2020\/05\/96805089_166829684758423_5949477522637848576_n.jpg",620,413,false],"2048x2048":["https:\/\/arantv.az\/wp-content\/uploads\/2020\/05\/96805089_166829684758423_5949477522637848576_n.jpg",620,413,false],"post-thumbnail":["https:\/\/arantv.az\/wp-content\/uploads\/2020\/05\/96805089_166829684758423_5949477522637848576_n-240x172.jpg",240,172,true],"advps-thumb-one":["https:\/\/arantv.az\/wp-content\/uploads\/2020\/05\/96805089_166829684758423_5949477522637848576_n.jpg",620,413,false]},"rttpg_author":{"display_name":"V\u00fcsal Rafiqo\u011flu","author_link":"https:\/\/arantv.az\/?author=2"},"rttpg_comment":0,"rttpg_category":"<a href=\"https:\/\/arantv.az\/?cat=19\" rel=\"category\">G\u00fcnd\u0259m<\/a>","rttpg_excerpt":"Ba\u015f Prokurorluqda n\u00f6vb\u0259ti kadr d\u0259yi\u015fiklikl\u0259ri olub. Bununla ba\u011fl\u0131 m\u00fcvafiq \u0259mrl\u0259ri Ba\u015f prokuror Kamran \u018fliyev imzalay\u0131b. \u00a0\u018fmrl\u0259r\u0259 \u0259sas\u0259n, X\u0259tai rayon prokuroru Yusif I\u0307ld\u0131r\u0131mzad\u0259, N\u0259simi rayon prokuroru Salman M\u0259mm\u0259dli v\u0259 Yevlax rayon prokuroru Elxan P\u0259nahov xidm\u0259td\u0259 olman\u0131n son ya\u015f h\u0259ddi il\u0259 t\u0259qa\u00fcd\u0259 g\u00f6nd\u0259rilibl\u0259r. Qeyd ed\u0259k ki, E.P\u0259nahov M\u0259rk\u0259zi Sec\u0327ki Komissiyas\u0131n\u0131n (MSK) s\u0259dri M\u0259zahir P\u0259nahovun qardas\u0327\u0131d\u0131r.oxu.az","_links":{"self":[{"href":"https:\/\/arantv.az\/index.php?rest_route=\/wp\/v2\/posts\/165349"}],"collection":[{"href":"https:\/\/arantv.az\/index.php?rest_route=\/wp\/v2\/posts"}],"about":[{"href":"https:\/\/arantv.az\/index.php?rest_route=\/wp\/v2\/types\/post"}],"author":[{"embeddable":true,"href":"https:\/\/arantv.az\/index.php?rest_route=\/wp\/v2\/users\/2"}],"replies":[{"embeddable":true,"href":"https:\/\/arantv.az\/index.php?rest_route=%2Fwp%2Fv2%2Fcomments&post=165349"}],"version-history":[{"count":0,"href":"https:\/\/arantv.az\/index.php?rest_route=\/wp\/v2\/posts\/165349\/revisions"}],"wp:featuredmedia":[{"embeddable":true,"href":"https:\/\/arantv.az\/index.php?rest_route=\/wp\/v2\/media\/165354"}],"wp:attachment":[{"href":"https:\/\/arantv.az\/index.php?rest_route=%2Fwp%2Fv2%2Fmedia&parent=165349"}],"wp:term":[{"taxonomy":"category","embeddable":true,"href":"https:\/\/arantv.az\/index.php?rest_route=%2Fwp%2Fv2%2Fcategories&post=165349"},{"taxonomy":"post_tag","embeddable":true,"href":"https:\/\/arantv.az\/index.php?rest_route=%2Fwp%2Fv2%2Ftags&post=165349"}],"curies":[{"name":"wp","href":"https:\/\/api.w.org\/{rel}","templated":true}]}}