{"id":165363,"date":"2020-05-14T22:42:30","date_gmt":"2020-05-14T19:42:30","guid":{"rendered":"http:\/\/arantv.az\/?p=165363"},"modified":"2020-05-14T22:42:30","modified_gmt":"2020-05-14T19:42:30","slug":"s%c9%99fir-paradda-istirakina-gor%c9%99-istefa-verm%c9%99li-olub","status":"publish","type":"post","link":"https:\/\/arantv.az\/?p=165363","title":{"rendered":"S\u0259fir paradda i\u015ftirak\u0131na g\u00f6r\u0259 istefa verm\u0259li olub"},"content":{"rendered":"<p><strong>Slovakiyan\u0131n Belarusdak\u0131 s\u0259firi Yozef Miqa\u015f Minskd\u0259 may\u0131n 9-da Q\u0259l\u0259b\u0259 g\u00fcn\u00fc parad\u0131nda i\u015ftirak etdiyi \u00fc\u00e7\u00fcn istefa verm\u0259li olub.<\/strong><\/p>\n<p>Buna s\u0259b\u0259b kimi Miqa\u015f\u0131n paradda i\u015ftirak ed\u0259c\u0259yi il\u0259 ba\u011fl\u0131 qabaqcadan m\u0259rk\u0259zi aparata m\u0259lumat verm\u0259m\u0259si g\u00f6st\u0259rilir. Bel\u0259 ki, s\u0259fir kommunikasiya qaydalar\u0131n\u0131 pozdu\u011fu \u00fc\u00e7\u00fcn istefa verib v\u0259 onun istefas\u0131 Bratislavada q\u0259bul edilib.<\/p>\n<p>Miqa\u015f is\u0259 paradda i\u015ftirak\u0131n\u0131 atas\u0131n\u0131n partizan v\u0259 antifa\u015fist olmas\u0131 il\u0259\u00a0\u0259sasland\u0131r\u0131b.<br \/>\n(Qafqazinfo)<\/p>\n","protected":false},"excerpt":{"rendered":"<p>Slovakiyan\u0131n Belarusdak\u0131 s\u0259firi Yozef Miqa\u015f Minskd\u0259 may\u0131n 9-da Q\u0259l\u0259b\u0259 g\u00fcn\u00fc parad\u0131nda i\u015ftirak etdiyi \u00fc\u00e7\u00fcn istefa verm\u0259li olub. Buna s\u0259b\u0259b kimi Miqa\u015f\u0131n paradda i\u015ftirak ed\u0259c\u0259yi il\u0259 ba\u011fl\u0131 qabaqcadan m\u0259rk\u0259zi aparata m\u0259lumat verm\u0259m\u0259si g\u00f6st\u0259rilir. Bel\u0259 ki, s\u0259fir kommunikasiya qaydalar\u0131n\u0131 pozdu\u011fu \u00fc\u00e7\u00fcn istefa verib v\u0259 onun istefas\u0131 Bratislavada q\u0259bul edilib. Miqa\u015f is\u0259 paradda i\u015ftirak\u0131n\u0131 atas\u0131n\u0131n partizan v\u0259 antifa\u015fist olmas\u0131 il\u0259\u00a0\u0259sasland\u0131r\u0131b. (Qafqazinfo)<\/p>\n","protected":false},"author":2,"featured_media":165367,"comment_status":"closed","ping_status":"closed","sticky":false,"template":"","format":"standard","meta":{"om_disable_all_campaigns":false,"_monsterinsights_skip_tracking":false,"_monsterinsights_sitenote_active":false,"_monsterinsights_sitenote_note":"","_monsterinsights_sitenote_category":0},"categories":[7],"tags":[],"aioseo_notices":[],"gutentor_comment":0,"rttpg_featured_image_url":{"full":["https:\/\/arantv.az\/wp-content\/uploads\/2020\/05\/5c93f4ca108d0826fc446a632d03a703.jpg",450,300,false],"landscape":["https:\/\/arantv.az\/wp-content\/uploads\/2020\/05\/5c93f4ca108d0826fc446a632d03a703.jpg",450,300,false],"portraits":["https:\/\/arantv.az\/wp-content\/uploads\/2020\/05\/5c93f4ca108d0826fc446a632d03a703.jpg",450,300,false],"thumbnail":["https:\/\/arantv.az\/wp-content\/uploads\/2020\/05\/5c93f4ca108d0826fc446a632d03a703-150x150.jpg",150,150,true],"medium":["https:\/\/arantv.az\/wp-content\/uploads\/2020\/05\/5c93f4ca108d0826fc446a632d03a703-300x200.jpg",300,200,true],"large":["https:\/\/arantv.az\/wp-content\/uploads\/2020\/05\/5c93f4ca108d0826fc446a632d03a703.jpg",450,300,false],"1536x1536":["https:\/\/arantv.az\/wp-content\/uploads\/2020\/05\/5c93f4ca108d0826fc446a632d03a703.jpg",450,300,false],"2048x2048":["https:\/\/arantv.az\/wp-content\/uploads\/2020\/05\/5c93f4ca108d0826fc446a632d03a703.jpg",450,300,false],"post-thumbnail":["https:\/\/arantv.az\/wp-content\/uploads\/2020\/05\/5c93f4ca108d0826fc446a632d03a703-240x172.jpg",240,172,true],"advps-thumb-one":["https:\/\/arantv.az\/wp-content\/uploads\/2020\/05\/5c93f4ca108d0826fc446a632d03a703.jpg",450,300,false]},"rttpg_author":{"display_name":"V\u00fcsal Rafiqo\u011flu","author_link":"https:\/\/arantv.az\/?author=2"},"rttpg_comment":0,"rttpg_category":"<a href=\"https:\/\/arantv.az\/?cat=7\" rel=\"category\">D\u00fcnya<\/a>","rttpg_excerpt":"Slovakiyan\u0131n Belarusdak\u0131 s\u0259firi Yozef Miqa\u015f Minskd\u0259 may\u0131n 9-da Q\u0259l\u0259b\u0259 g\u00fcn\u00fc parad\u0131nda i\u015ftirak etdiyi \u00fc\u00e7\u00fcn istefa verm\u0259li olub. Buna s\u0259b\u0259b kimi Miqa\u015f\u0131n paradda i\u015ftirak ed\u0259c\u0259yi il\u0259 ba\u011fl\u0131 qabaqcadan m\u0259rk\u0259zi aparata m\u0259lumat verm\u0259m\u0259si g\u00f6st\u0259rilir. Bel\u0259 ki, s\u0259fir kommunikasiya qaydalar\u0131n\u0131 pozdu\u011fu \u00fc\u00e7\u00fcn istefa verib v\u0259 onun istefas\u0131 Bratislavada q\u0259bul edilib. Miqa\u015f is\u0259 paradda i\u015ftirak\u0131n\u0131 atas\u0131n\u0131n partizan v\u0259 antifa\u015fist&hellip;","_links":{"self":[{"href":"https:\/\/arantv.az\/index.php?rest_route=\/wp\/v2\/posts\/165363"}],"collection":[{"href":"https:\/\/arantv.az\/index.php?rest_route=\/wp\/v2\/posts"}],"about":[{"href":"https:\/\/arantv.az\/index.php?rest_route=\/wp\/v2\/types\/post"}],"author":[{"embeddable":true,"href":"https:\/\/arantv.az\/index.php?rest_route=\/wp\/v2\/users\/2"}],"replies":[{"embeddable":true,"href":"https:\/\/arantv.az\/index.php?rest_route=%2Fwp%2Fv2%2Fcomments&post=165363"}],"version-history":[{"count":0,"href":"https:\/\/arantv.az\/index.php?rest_route=\/wp\/v2\/posts\/165363\/revisions"}],"wp:featuredmedia":[{"embeddable":true,"href":"https:\/\/arantv.az\/index.php?rest_route=\/wp\/v2\/media\/165367"}],"wp:attachment":[{"href":"https:\/\/arantv.az\/index.php?rest_route=%2Fwp%2Fv2%2Fmedia&parent=165363"}],"wp:term":[{"taxonomy":"category","embeddable":true,"href":"https:\/\/arantv.az\/index.php?rest_route=%2Fwp%2Fv2%2Fcategories&post=165363"},{"taxonomy":"post_tag","embeddable":true,"href":"https:\/\/arantv.az\/index.php?rest_route=%2Fwp%2Fv2%2Ftags&post=165363"}],"curies":[{"name":"wp","href":"https:\/\/api.w.org\/{rel}","templated":true}]}}