{"id":165386,"date":"2020-05-14T22:49:48","date_gmt":"2020-05-14T19:49:48","guid":{"rendered":"http:\/\/arantv.az\/?p=165386"},"modified":"2020-05-14T22:49:48","modified_gmt":"2020-05-14T19:49:48","slug":"pkk-nin-r%c9%99hb%c9%99r-s%c9%99xsl%c9%99rind%c9%99n-biri-z%c9%99r%c9%99rsizl%c9%99sdirilib","status":"publish","type":"post","link":"https:\/\/arantv.az\/?p=165386","title":{"rendered":"PKK-n\u0131n r\u0259hb\u0259r \u015f\u0259xsl\u0259rind\u0259n biri z\u0259r\u0259rsizl\u0259\u015fdirilib"},"content":{"rendered":"<p><strong>PKK terror t\u0259\u015fkilat\u0131n\u0131n r\u0259hb\u0259r \u015f\u0259xsl\u0259rind\u0259n biri z\u0259r\u0259rsizl\u0259\u015fdirilib.<\/strong><\/p>\n<p>APA-n\u0131n yerli b\u00fcrosunun x\u0259b\u0259rin\u0259 g\u00f6r\u0259, T\u00fcrkiy\u0259 Milli K\u0259\u015ffiyyat T\u0259\u015fkilat\u0131n\u0131n (M\u0130T) \u0130raq\u0131n \u015fimal\u0131nda Karako\u00e7ak da\u011f\u0131nda ke\u00e7irdiyi \u0259m\u0259liyyat n\u0259tic\u0259sind\u0259 \u201cBerivan Sarya\u201d kod adl\u0131 Galya Bekir z\u0259r\u0259rsizl\u0259\u015fdirilib.<\/p>\n<p>Terror\u00e7u PKK-ya 2002-ci ild\u0259 Suriyadan qat\u0131l\u0131b, \u0130raq v\u0259 Suriyada f\u0259aliyy\u0259t g\u00f6st\u0259rib.<\/p>\n","protected":false},"excerpt":{"rendered":"<p>PKK terror t\u0259\u015fkilat\u0131n\u0131n r\u0259hb\u0259r \u015f\u0259xsl\u0259rind\u0259n biri z\u0259r\u0259rsizl\u0259\u015fdirilib. APA-n\u0131n yerli b\u00fcrosunun x\u0259b\u0259rin\u0259 g\u00f6r\u0259, T\u00fcrkiy\u0259 Milli K\u0259\u015ffiyyat T\u0259\u015fkilat\u0131n\u0131n (M\u0130T) \u0130raq\u0131n \u015fimal\u0131nda Karako\u00e7ak da\u011f\u0131nda ke\u00e7irdiyi \u0259m\u0259liyyat n\u0259tic\u0259sind\u0259 \u201cBerivan Sarya\u201d kod adl\u0131 Galya Bekir z\u0259r\u0259rsizl\u0259\u015fdirilib. Terror\u00e7u PKK-ya 2002-ci ild\u0259 Suriyadan qat\u0131l\u0131b, \u0130raq v\u0259 Suriyada f\u0259aliyy\u0259t g\u00f6st\u0259rib.<\/p>\n","protected":false},"author":2,"featured_media":165388,"comment_status":"closed","ping_status":"closed","sticky":false,"template":"","format":"standard","meta":{"om_disable_all_campaigns":false,"_monsterinsights_skip_tracking":false,"_monsterinsights_sitenote_active":false,"_monsterinsights_sitenote_note":"","_monsterinsights_sitenote_category":0},"categories":[7],"tags":[],"aioseo_notices":[],"gutentor_comment":0,"rttpg_featured_image_url":{"full":["https:\/\/arantv.az\/wp-content\/uploads\/2020\/05\/209b79c62834af9a54a39c3353b65b68.jpg",450,300,false],"landscape":["https:\/\/arantv.az\/wp-content\/uploads\/2020\/05\/209b79c62834af9a54a39c3353b65b68.jpg",450,300,false],"portraits":["https:\/\/arantv.az\/wp-content\/uploads\/2020\/05\/209b79c62834af9a54a39c3353b65b68.jpg",450,300,false],"thumbnail":["https:\/\/arantv.az\/wp-content\/uploads\/2020\/05\/209b79c62834af9a54a39c3353b65b68-150x150.jpg",150,150,true],"medium":["https:\/\/arantv.az\/wp-content\/uploads\/2020\/05\/209b79c62834af9a54a39c3353b65b68-300x200.jpg",300,200,true],"large":["https:\/\/arantv.az\/wp-content\/uploads\/2020\/05\/209b79c62834af9a54a39c3353b65b68.jpg",450,300,false],"1536x1536":["https:\/\/arantv.az\/wp-content\/uploads\/2020\/05\/209b79c62834af9a54a39c3353b65b68.jpg",450,300,false],"2048x2048":["https:\/\/arantv.az\/wp-content\/uploads\/2020\/05\/209b79c62834af9a54a39c3353b65b68.jpg",450,300,false],"post-thumbnail":["https:\/\/arantv.az\/wp-content\/uploads\/2020\/05\/209b79c62834af9a54a39c3353b65b68-240x172.jpg",240,172,true],"advps-thumb-one":["https:\/\/arantv.az\/wp-content\/uploads\/2020\/05\/209b79c62834af9a54a39c3353b65b68.jpg",450,300,false]},"rttpg_author":{"display_name":"V\u00fcsal Rafiqo\u011flu","author_link":"https:\/\/arantv.az\/?author=2"},"rttpg_comment":0,"rttpg_category":"<a href=\"https:\/\/arantv.az\/?cat=7\" rel=\"category\">D\u00fcnya<\/a>","rttpg_excerpt":"PKK terror t\u0259\u015fkilat\u0131n\u0131n r\u0259hb\u0259r \u015f\u0259xsl\u0259rind\u0259n biri z\u0259r\u0259rsizl\u0259\u015fdirilib. APA-n\u0131n yerli b\u00fcrosunun x\u0259b\u0259rin\u0259 g\u00f6r\u0259, T\u00fcrkiy\u0259 Milli K\u0259\u015ffiyyat T\u0259\u015fkilat\u0131n\u0131n (M\u0130T) \u0130raq\u0131n \u015fimal\u0131nda Karako\u00e7ak da\u011f\u0131nda ke\u00e7irdiyi \u0259m\u0259liyyat n\u0259tic\u0259sind\u0259 \u201cBerivan Sarya\u201d kod adl\u0131 Galya Bekir z\u0259r\u0259rsizl\u0259\u015fdirilib. Terror\u00e7u PKK-ya 2002-ci ild\u0259 Suriyadan qat\u0131l\u0131b, \u0130raq v\u0259 Suriyada f\u0259aliyy\u0259t g\u00f6st\u0259rib.","_links":{"self":[{"href":"https:\/\/arantv.az\/index.php?rest_route=\/wp\/v2\/posts\/165386"}],"collection":[{"href":"https:\/\/arantv.az\/index.php?rest_route=\/wp\/v2\/posts"}],"about":[{"href":"https:\/\/arantv.az\/index.php?rest_route=\/wp\/v2\/types\/post"}],"author":[{"embeddable":true,"href":"https:\/\/arantv.az\/index.php?rest_route=\/wp\/v2\/users\/2"}],"replies":[{"embeddable":true,"href":"https:\/\/arantv.az\/index.php?rest_route=%2Fwp%2Fv2%2Fcomments&post=165386"}],"version-history":[{"count":0,"href":"https:\/\/arantv.az\/index.php?rest_route=\/wp\/v2\/posts\/165386\/revisions"}],"wp:featuredmedia":[{"embeddable":true,"href":"https:\/\/arantv.az\/index.php?rest_route=\/wp\/v2\/media\/165388"}],"wp:attachment":[{"href":"https:\/\/arantv.az\/index.php?rest_route=%2Fwp%2Fv2%2Fmedia&parent=165386"}],"wp:term":[{"taxonomy":"category","embeddable":true,"href":"https:\/\/arantv.az\/index.php?rest_route=%2Fwp%2Fv2%2Fcategories&post=165386"},{"taxonomy":"post_tag","embeddable":true,"href":"https:\/\/arantv.az\/index.php?rest_route=%2Fwp%2Fv2%2Ftags&post=165386"}],"curies":[{"name":"wp","href":"https:\/\/api.w.org\/{rel}","templated":true}]}}