{"id":165387,"date":"2020-05-14T23:44:37","date_gmt":"2020-05-14T20:44:37","guid":{"rendered":"http:\/\/arantv.az\/?p=165387"},"modified":"2020-05-14T23:44:37","modified_gmt":"2020-05-14T20:44:37","slug":"karantind%c9%99n-sonra-restoranlarda-qiym%c9%99tl%c9%99r-bahalasacaqmi-video","status":"publish","type":"post","link":"https:\/\/arantv.az\/?p=165387","title":{"rendered":"Karantind\u0259n sonra restoranlarda qiym\u0259tl\u0259r bahala\u015facaqm\u0131? &#8211; V\u0130DEO"},"content":{"rendered":"<article class=\"news\">\n<div class=\"news-inner\">\n<p>Karant\u0131n m\u00fcdd\u0259ti may ay\u0131n\u0131n 31-n\u0259 kimi uzad\u0131lsa da, bu, qar\u015f\u0131dak\u0131 g\u00fcnl\u0259rd\u0259 n\u00f6vb\u0259ti yum\u015fald\u0131lman\u0131n olmas\u0131 ehtimal\u0131n\u0131 inkar etmir.<\/p>\n<p>S\u0131rada is\u0259 bu yum\u015fald\u0131lman\u0131n onlara \u015famil olunmas\u0131n\u0131 s\u0259birsizlikl\u0259 g\u00f6zl\u0259y\u0259n restoran sahibl\u0259ri var. Hans\u0131 ki, yerind\u0259 xidm\u0259t \u00fc\u00e7\u00fcn s\u0259birsizl\u0259ns\u0259l\u0259r d\u0259, h\u0259m d\u0259 t\u0259la\u015fl\u0131d\u0131rlar. Deyirl\u0259r, biz d\u0259 ist\u0259yirik qoyulan qaydalara riay\u0259t ed\u0259k. Amma onsuz da gerid\u0259 qoydu\u011fumuz bu m\u00fcdd\u0259td\u0259 xeyli itkil\u0259rimiz olub. Etm\u0259y\u0259 m\u0259cbur oldu\u011fumuz yeni qaydalar is\u0259 biz\u0259 \u0259lav\u0259 x\u0259rc dem\u0259kdir.<\/p>\n<div id=\"AdviadNativeVideo0\" class=\"AdviadNativeVideo\"><\/div>\n<p>\u201cBu m\u00fcdd\u0259t bizim \u00fc\u00e7\u00fcn xeyli a\u011f\u0131r oldu. \u0130\u015f\u00e7il\u0259rimizin yar\u0131s\u0131n\u0131 ev\u0259 g\u00f6nd\u0259rdik. Yar\u0131s\u0131 is\u0259 onlayn \u00e7atd\u0131rma i\u015fi il\u0259 m\u0259\u015f\u011ful oldu. Bu sah\u0259 el\u0259dir ki, g\u0259r\u0259k i\u015f\u00e7iy\u0259 g\u00fcnd\u0259lik maa\u015f ver\u0259s\u0259n\u201d, \u2013 dey\u0259 sahibkar v\u0259ziyy\u0259ti izah edir.<\/p>\n<p>M\u00f6vcud v\u0259ziyy\u0259td\u0259n \u00e7\u0131x\u0131\u015f kimi is\u0259 sahibkar\u0131n da a\u011fl\u0131na g\u0259l\u0259n ilk variant qiym\u0259tl\u0259rin qald\u0131r\u0131lmas\u0131d\u0131r. Restoranlar v\u0259 oteller asossiasiyan\u0131n s\u0259dri Samir D\u00fcb\u0259ndi deyir ki, \u0259g\u0259r tibbi l\u0259vazimatlar, dezinfeksiyaedici madd\u0259l\u0259r d\u00f6vl\u0259t yaxud h\u0259r hans\u0131 m\u0259rk\u0259z t\u0259r\u0259find\u0259n restoranlara verils\u0259, bahala\u015fman\u0131n qar\u015f\u0131s\u0131n\u0131 almaq olar:<\/p>\n<p>\u201cAncaq real v\u0259ziyy\u0259td\u0259 bel\u0259, pandemiyan\u0131n f\u0259sadlar\u0131na tab g\u0259tirm\u0259yib m\u00fcflis olmu\u015f obyektl\u0259r var v\u0259 v\u0259ziyy\u0259t t\u0259\u0259ss\u00fcf ki, pandemiyadan sonra da davam ed\u0259c\u0259k. H\u0259r halda indi sahibkarlar\u0131n pul qazanmas\u0131 onlara bir az daha baha ba\u015fa g\u0259l\u0259c\u0259k. Pandemiya is\u0259 z\u0259ifl\u0259ri s\u0131radan \u00e7\u0131xaracaq. Ancaq s\u00f6hb\u0259t insan sa\u011flaml\u0131\u011f\u0131ndan gedirs\u0259, t\u0259labata cavab verm\u0259y\u0259n restoran el\u0259 xidm\u0259t g\u00f6st\u0259rm\u0259s\u0259, yax\u015f\u0131d\u0131r\u201d.<\/p>\n<div><iframe loading=\"lazy\" src=\"https:\/\/player.baku.tv\/embed\/18675\" width=\"560\" height=\"315\" frameborder=\"0\" allowfullscreen=\"allowfullscreen\" data-mce-fragment=\"1\"><\/iframe><\/div>\n<\/div>\n<\/article>\n<h2 class=\"news-share-title\"><\/h2>\n","protected":false},"excerpt":{"rendered":"<p>Karant\u0131n m\u00fcdd\u0259ti may ay\u0131n\u0131n 31-n\u0259 kimi uzad\u0131lsa da, bu, qar\u015f\u0131dak\u0131 g\u00fcnl\u0259rd\u0259 n\u00f6vb\u0259ti yum\u015fald\u0131lman\u0131n olmas\u0131 ehtimal\u0131n\u0131 inkar etmir. S\u0131rada is\u0259 bu yum\u015fald\u0131lman\u0131n onlara \u015famil olunmas\u0131n\u0131 s\u0259birsizlikl\u0259 g\u00f6zl\u0259y\u0259n restoran sahibl\u0259ri var. Hans\u0131 ki, yerind\u0259 xidm\u0259t \u00fc\u00e7\u00fcn s\u0259birsizl\u0259ns\u0259l\u0259r d\u0259, h\u0259m d\u0259 t\u0259la\u015fl\u0131d\u0131rlar. Deyirl\u0259r, biz d\u0259 ist\u0259yirik qoyulan qaydalara riay\u0259t ed\u0259k. Amma onsuz da gerid\u0259 qoydu\u011fumuz bu m\u00fcdd\u0259td\u0259 xeyli itkil\u0259rimiz olub. Etm\u0259y\u0259 m\u0259cbur oldu\u011fumuz yeni qaydalar is\u0259 biz\u0259 \u0259lav\u0259 x\u0259rc dem\u0259kdir. \u201cBu m\u00fcdd\u0259t bizim \u00fc\u00e7\u00fcn xeyli a\u011f\u0131r oldu. \u0130\u015f\u00e7il\u0259rimizin yar\u0131s\u0131n\u0131 ev\u0259 g\u00f6nd\u0259rdik. Yar\u0131s\u0131 is\u0259 onlayn \u00e7atd\u0131rma i\u015fi il\u0259 m\u0259\u015f\u011ful oldu. Bu sah\u0259 el\u0259dir ki,&hellip;<\/p>\n","protected":false},"author":2,"featured_media":165392,"comment_status":"closed","ping_status":"closed","sticky":false,"template":"","format":"standard","meta":{"om_disable_all_campaigns":false,"_monsterinsights_skip_tracking":false,"_monsterinsights_sitenote_active":false,"_monsterinsights_sitenote_note":"","_monsterinsights_sitenote_category":0},"categories":[26],"tags":[],"aioseo_notices":[],"gutentor_comment":0,"rttpg_featured_image_url":{"full":["https:\/\/arantv.az\/wp-content\/uploads\/2020\/05\/97021221_2616283305252295_4992814295218651136_n.jpg",620,349,false],"landscape":["https:\/\/arantv.az\/wp-content\/uploads\/2020\/05\/97021221_2616283305252295_4992814295218651136_n.jpg",620,349,false],"portraits":["https:\/\/arantv.az\/wp-content\/uploads\/2020\/05\/97021221_2616283305252295_4992814295218651136_n.jpg",620,349,false],"thumbnail":["https:\/\/arantv.az\/wp-content\/uploads\/2020\/05\/97021221_2616283305252295_4992814295218651136_n-150x150.jpg",150,150,true],"medium":["https:\/\/arantv.az\/wp-content\/uploads\/2020\/05\/97021221_2616283305252295_4992814295218651136_n-300x169.jpg",300,169,true],"large":["https:\/\/arantv.az\/wp-content\/uploads\/2020\/05\/97021221_2616283305252295_4992814295218651136_n.jpg",620,349,false],"1536x1536":["https:\/\/arantv.az\/wp-content\/uploads\/2020\/05\/97021221_2616283305252295_4992814295218651136_n.jpg",620,349,false],"2048x2048":["https:\/\/arantv.az\/wp-content\/uploads\/2020\/05\/97021221_2616283305252295_4992814295218651136_n.jpg",620,349,false],"post-thumbnail":["https:\/\/arantv.az\/wp-content\/uploads\/2020\/05\/97021221_2616283305252295_4992814295218651136_n-240x172.jpg",240,172,true],"advps-thumb-one":["https:\/\/arantv.az\/wp-content\/uploads\/2020\/05\/97021221_2616283305252295_4992814295218651136_n.jpg",620,349,false]},"rttpg_author":{"display_name":"V\u00fcsal Rafiqo\u011flu","author_link":"https:\/\/arantv.az\/?author=2"},"rttpg_comment":0,"rttpg_category":"<a href=\"https:\/\/arantv.az\/?cat=26\" rel=\"category\">Sosial<\/a>","rttpg_excerpt":"Karant\u0131n m\u00fcdd\u0259ti may ay\u0131n\u0131n 31-n\u0259 kimi uzad\u0131lsa da, bu, qar\u015f\u0131dak\u0131 g\u00fcnl\u0259rd\u0259 n\u00f6vb\u0259ti yum\u015fald\u0131lman\u0131n olmas\u0131 ehtimal\u0131n\u0131 inkar etmir. S\u0131rada is\u0259 bu yum\u015fald\u0131lman\u0131n onlara \u015famil olunmas\u0131n\u0131 s\u0259birsizlikl\u0259 g\u00f6zl\u0259y\u0259n restoran sahibl\u0259ri var. Hans\u0131 ki, yerind\u0259 xidm\u0259t \u00fc\u00e7\u00fcn s\u0259birsizl\u0259ns\u0259l\u0259r d\u0259, h\u0259m d\u0259 t\u0259la\u015fl\u0131d\u0131rlar. Deyirl\u0259r, biz d\u0259 ist\u0259yirik qoyulan qaydalara riay\u0259t ed\u0259k. Amma onsuz da gerid\u0259 qoydu\u011fumuz bu m\u00fcdd\u0259td\u0259 xeyli&hellip;","_links":{"self":[{"href":"https:\/\/arantv.az\/index.php?rest_route=\/wp\/v2\/posts\/165387"}],"collection":[{"href":"https:\/\/arantv.az\/index.php?rest_route=\/wp\/v2\/posts"}],"about":[{"href":"https:\/\/arantv.az\/index.php?rest_route=\/wp\/v2\/types\/post"}],"author":[{"embeddable":true,"href":"https:\/\/arantv.az\/index.php?rest_route=\/wp\/v2\/users\/2"}],"replies":[{"embeddable":true,"href":"https:\/\/arantv.az\/index.php?rest_route=%2Fwp%2Fv2%2Fcomments&post=165387"}],"version-history":[{"count":0,"href":"https:\/\/arantv.az\/index.php?rest_route=\/wp\/v2\/posts\/165387\/revisions"}],"wp:featuredmedia":[{"embeddable":true,"href":"https:\/\/arantv.az\/index.php?rest_route=\/wp\/v2\/media\/165392"}],"wp:attachment":[{"href":"https:\/\/arantv.az\/index.php?rest_route=%2Fwp%2Fv2%2Fmedia&parent=165387"}],"wp:term":[{"taxonomy":"category","embeddable":true,"href":"https:\/\/arantv.az\/index.php?rest_route=%2Fwp%2Fv2%2Fcategories&post=165387"},{"taxonomy":"post_tag","embeddable":true,"href":"https:\/\/arantv.az\/index.php?rest_route=%2Fwp%2Fv2%2Ftags&post=165387"}],"curies":[{"name":"wp","href":"https:\/\/api.w.org\/{rel}","templated":true}]}}