{"id":16539,"date":"2018-10-02T09:25:03","date_gmt":"2018-10-02T06:25:03","guid":{"rendered":"http:\/\/arantv.az\/?p=16539"},"modified":"2018-10-02T09:25:03","modified_gmt":"2018-10-02T06:25:03","slug":"prokurorluq-iscil%c9%99rinin-pes%c9%99-bayrami-gunu-v%c9%99-milli-prokurorlugun-yaradilmasinin-100-illik-yubileyi-genis-qeyd-olunub","status":"publish","type":"post","link":"https:\/\/arantv.az\/?p=16539","title":{"rendered":"Prokurorluq i\u015f\u00e7il\u0259rinin pe\u015f\u0259 bayram\u0131 g\u00fcn\u00fc v\u0259 Milli Prokurorlu\u011fun yarad\u0131lmas\u0131n\u0131n 100 illik yubileyi geni\u015f qeyd olunub"},"content":{"rendered":"<p><strong>ARANTV.AZ<\/strong> x\u0259b\u0259r verir ki, Xalq\u0131m\u0131z\u0131n \u00fcmummilli lideri Heyd\u0259r \u018fliyevin 1998-ci il 17 iyul tarixli S\u0259r\u0259ncam\u0131na \u0259sas\u0259n h\u0259min ild\u0259n etibar\u0259n h\u0259r il \u00f6z pe\u015f\u0259 bayramlar\u0131n\u0131 qeyd etm\u0259k imkan\u0131 \u0259ld\u0259 ed\u0259n Az\u0259rbaycan Respublikas\u0131 Prokurorlu\u011funun kollektivi bu g\u00fcn milli prokurorluq orqanlar\u0131n\u0131n yarad\u0131lmas\u0131n\u0131n 100 illik yubileyini v\u0259 n\u00f6vb\u0259ti pe\u015f\u0259 bayram\u0131n\u0131 qeyd edir.<\/p>\n<p>Oktyabr\u0131n 1-d\u0259 Az\u0259rbaycan Respublikas\u0131n\u0131n Ba\u015f Prokurorlu\u011funda 1 oktyabr &#8211; Az\u0259rbaycan Respublikas\u0131 Prokurorlu\u011fu i\u015f\u00e7il\u0259rinin pe\u015f\u0259 bayram\u0131 g\u00fcn\u00fc v\u0259 Milli Prokurorlu\u011fun yarad\u0131lmas\u0131n\u0131n 100 illik yubileyin\u0259 h\u0259sr olunmu\u015f t\u0259nt\u0259n\u0259li m\u0259rasim ke\u00e7irilib.<\/p>\n<p>Az\u0259rbaycan Respublikas\u0131n\u0131n d\u00f6vl\u0259t himni s\u0259sl\u0259ndirildikd\u0259n sonra Az\u0259rbaycan Respublikas\u0131 Prezidentinin h\u00fcquq m\u00fchafiz\u0259 orqanlar\u0131 il\u0259 i\u015f v\u0259 h\u0259rbi m\u0259s\u0259l\u0259l\u0259r \u00fczr\u0259 k\u00f6m\u0259k\u00e7isi-\u015f\u00f6b\u0259 m\u00fcdiri Fuad \u018fl\u0259sg\u0259rov prokurorluq i\u015f\u00e7il\u0259rinin pe\u015f\u0259 bayram\u0131 g\u00fcn\u00fc v\u0259 Az\u0259rbaycan Prokurorlu\u011funun 100 illik yubileyi m\u00fcnasib\u0259til\u0259 d\u00f6vl\u0259timizin ba\u015f\u00e7\u0131s\u0131 \u0130lham \u018fliyevin t\u0259brik m\u0259ktubunu oxuyub.<\/p>\n<p>T\u0259dbird\u0259 \u00e7\u0131x\u0131\u015f ed\u0259n ba\u015f prokuror Zakir Qaralov Az\u0259rbaycan Prokurorlu\u011funun 100 illik yubileyi v\u0259 pe\u015f\u0259 bayram\u0131 g\u00fcn\u00fc m\u00fcnasib\u0259til\u0259 Ba\u015f Prokurorlu\u011fun kollegiyas\u0131 ad\u0131ndan prokurorluq orqanlar\u0131nda \u00e7al\u0131\u015fan b\u00fct\u00fcn \u0259m\u0259kda\u015flar\u0131, veteranlar\u0131, onlar\u0131n ail\u0259 \u00fczvl\u0259rini s\u0259mimi q\u0259lbd\u0259n t\u0259brik ed\u0259r\u0259k bildirib ki, Az\u0259rbaycan Prokurorlu\u011funun demokratik m\u0259zmunda tamamil\u0259 yenid\u0259n formala\u015fmas\u0131, mili maraqlar\u0131m\u0131za xidm\u0259t ed\u0259n bir d\u00f6vl\u0259t t\u0259sisat\u0131 kimi h\u0259rt\u0259r\u0259fli t\u0259kmill\u0259\u015fm\u0259si v\u0259 m\u00fcasirl\u0259\u015fm\u0259si m\u0259hz ulu \u00f6nd\u0259r Heyd\u0259r \u018fliyevin h\u0259yata ke\u00e7irdiyi d\u00f6vl\u0259t\u00e7ilik siyas\u0259ti v\u0259 onun g\u00fcnd\u0259lik qay\u011f\u0131s\u0131 n\u0259tic\u0259sind\u0259 m\u00fcmk\u00fcn olub.<\/p>\n<p>Bildirilib ki, xalq\u0131m\u0131z\u0131n t\u0259kidli t\u0259l\u0259bi il\u0259 siyasi hakimiyy\u0259t\u0259 qay\u0131dan Heyd\u0259r \u018fliyevin h\u0259yata ke\u00e7irdiyi m\u00fcdrik d\u00f6vl\u0259t\u00e7ilik siyas\u0259tinin n\u0259tic\u0259si olaraq, b\u00fct\u00fcn dig\u0259r qurumlarla yana\u015f\u0131, Az\u0259rbaycan Prokurorlu\u011fu da d\u00f6vl\u0259t t\u0259sisat\u0131 kimi tamamil\u0259 yenid\u0259n formala\u015fd\u0131r\u0131laraq, d\u00f6vl\u0259t\u00e7iliyimizin m\u00fch\u00fcm s\u00fctunlar\u0131ndan birin\u0259 \u00e7evrilib, onun d\u00f6vl\u0259t\u00e7iliy\u0259 s\u0259daq\u0259ti il\u0259 se\u00e7il\u0259n kadr korpusu yarad\u0131l\u0131b. Az\u0259rbaycan Respublikas\u0131nda realla\u015fd\u0131r\u0131lan m\u00fct\u0259r\u0259qqi m\u0259hk\u0259m\u0259-h\u00fcquq islahatlar\u0131 \u00e7\u0259r\u00e7iv\u0259sind\u0259 milli prokurorluq orqanlar\u0131 m\u00fcasir m\u0259zmunda yenil\u0259\u015fdirilm\u0259kl\u0259 c\u0259miyy\u0259td\u0259 statusuna uy\u011fun yerini tutub.<\/p>\n<p>Az\u0259rbaycan Respublikas\u0131n\u0131n Prezidenti \u0130lham \u018fliyevin yubiley m\u00fcnasib\u0259til\u0259 prokurorluq \u0259m\u0259kda\u015flar\u0131na v\u0259 veteranlara \u00fcnvanlanm\u0131\u015f t\u0259brikinin \u0259h\u0259miyy\u0259tini vur\u011fulayan ba\u015f prokuror bildirib ki, Az\u0259rbaycan Prokurorlu\u011funun 100 illik tarixi \u0259rzind\u0259 ke\u00e7diyi inki\u015faf yoluna, Az\u0259rbaycan Xalq C\u00fcmhuriyy\u0259ti d\u00f6vr\u00fcnd\u0259 v\u0259 ondan sonrak\u0131 tarixi m\u0259rh\u0259l\u0259l\u0259rd\u0259ki f\u0259aliyy\u0259tin\u0259 qiym\u0259t ver\u0259n h\u0259min m\u00fcraci\u0259td\u0259 \u00dcmummilli Liderin r\u0259hb\u0259rliyi il\u0259 milli prokurorlu\u011fun sa\u011flamla\u015fd\u0131r\u0131lmas\u0131 v\u0259 m\u00fcasirl\u0259\u015fdirilm\u0259si istiqam\u0259tind\u0259 g\u00f6r\u00fcl\u0259n i\u015fl\u0259r, c\u0259miyy\u0259timizin v\u0259 d\u00f6vl\u0259t\u00e7iliyimizin maraqlar\u0131n\u0131n qorunmas\u0131, cinay\u0259tkarl\u0131\u011fa qar\u015f\u0131 m\u00fcbariz\u0259 sah\u0259sind\u0259 h\u0259yata ke\u00e7iril\u0259n t\u0259dbirl\u0259r diqq\u0259t\u0259 \u00e7atd\u0131r\u0131l\u0131b, m\u00fcasir d\u00f6vrd\u0259 prokurorluq orqanlar\u0131n\u0131n qar\u015f\u0131s\u0131nda duran v\u0259zif\u0259l\u0259r m\u00fc\u0259yy\u0259nl\u0259\u015fdirilib. Eyni zamanda, minn\u0259tdarl\u0131q hissi il\u0259 qeyd edilib ki, yubiley \u0259r\u0259f\u0259sind\u0259 d\u00f6vl\u0259timizin ba\u015f\u00e7\u0131s\u0131 \u0130lham \u018fliyevin imzalad\u0131\u011f\u0131 S\u0259r\u0259ncamla bir qrup prokurorluq \u0259m\u0259kda\u015f\u0131n\u0131n y\u00fcks\u0259k d\u00f6vl\u0259t m\u00fckafatlar\u0131 &#8211; orden v\u0259 medallarla t\u0259ltif edilm\u0259si kollektivin b\u00f6y\u00fck sevincin\u0259 s\u0259b\u0259b olub.<\/p>\n<p>\u00dcmummilli Liderin m\u00fc\u0259yy\u0259n etdiyi strateji inki\u015faf konsepsiyas\u0131n\u0131 u\u011furla realla\u015fd\u0131ran v\u0259 keyfiyy\u0259tc\u0259 yeni m\u00fcst\u0259viy\u0259 qald\u0131ran Prezident \u0130lham \u018fliyevin \u00f6lk\u0259mizd\u0259 h\u00fcquqi d\u00f6vl\u0259t v\u0259 v\u0259t\u0259nda\u015f c\u0259miyy\u0259ti quruculu\u011fu istiqam\u0259tind\u0259 g\u00f6r\u00fcl\u0259n i\u015fl\u0259ri diqq\u0259t\u0259 \u00e7atd\u0131ran ba\u015f prokuror vur\u011fulay\u0131b ki, son d\u00f6vrl\u0259rd\u0259 Az\u0259rbaycan Respublikas\u0131nda ard\u0131c\u0131l v\u0259 sistemli \u015f\u0259kild\u0259 h\u0259yata ke\u00e7iril\u0259n sosial-iqtisadi islahatlar\u0131n realla\u015fd\u0131r\u0131lmas\u0131, h\u0259rt\u0259r\u0259fli d\u00fc\u015f\u00fcn\u00fclm\u00fc\u015f d\u00f6vl\u0259t siyas\u0259tinin h\u0259yata ke\u00e7irilm\u0259si, ictimai-siyasi sabitliyin t\u0259min olunmas\u0131 n\u0259tic\u0259sind\u0259 Az\u0259rbaycan beyn\u0259lxalq birliyin tamh\u00fcquqlu \u00fczv\u00fc kimi layiq oldu\u011fu yerini tutub.<\/p>\n<p>Qeyd edilib ki, Prezident \u0130lham \u018fliyevin r\u0259hb\u0259rliyi il\u0259 \u00f6lk\u0259mizin d\u00fcnyada iqtisadi v\u0259 maliyy\u0259 b\u00f6hranlar\u0131n\u0131n h\u00f6km s\u00fcrm\u0259sin\u0259 baxmayaraq, sabit v\u0259 t\u0259hl\u00fck\u0259siz \u015f\u0259raitd\u0259 sosial-iqtisadi t\u0259r\u0259qqisinin t\u0259min edilm\u0259si, iqtisadi r\u0259qab\u0259tqabiliyy\u0259tliliyin\u0259 g\u00f6r\u0259 n\u00fcfuzlu beyn\u0259lxalq hesabatlarda y\u00fcks\u0259k pill\u0259l\u0259rd\u0259 q\u0259rarla\u015fmas\u0131, n\u0259h\u0259ng qlobal enerji v\u0259 n\u0259qliyyat layih\u0259l\u0259rinin bilavasit\u0259 t\u0259\u015f\u0259bb\u00fcskar\u0131 olmaqla ger\u00e7\u0259kl\u0259\u015fdirilm\u0259si, d\u00fcnyada n\u00fcfuzunun artmas\u0131, respublikam\u0131z\u0131n \u0259n m\u00f6t\u0259b\u0259r t\u0259dbirl\u0259r\u0259, o c\u00fcml\u0259d\u0259n humanitar, siyasi, iqtisadi, m\u0259d\u0259ni forumlara, m\u00f6ht\u0259\u015f\u0259m idman yar\u0131\u015flar\u0131na u\u011furla ev sahibliyi etm\u0259si h\u0259r bir az\u0259rbaycanl\u0131n\u0131 g\u0259l\u0259c\u0259y\u0259 ruhland\u0131r\u0131r.<\/p>\n<p>Vur\u011fulan\u0131b ki, ulu \u00f6nd\u0259r Heyd\u0259r \u018fliyevin prokurorluq orqanlar\u0131n\u0131n r\u0259hb\u0259r i\u015f\u00e7il\u0259ri il\u0259 2000-ci il aprelin 26-da ke\u00e7irdiyi tarixi g\u00f6r\u00fc\u015fd\u0259n sonra Az\u0259rbaycan Prokurorlu\u011funda h\u0259rt\u0259r\u0259fli v\u0259 b\u00fct\u00fcn sah\u0259l\u0259ri \u0259hat\u0259 ed\u0259n islahatlar apar\u0131lmaqla f\u0259aliyy\u0259ti \u00fc\u00e7\u00fcn z\u0259ruri normativ h\u00fcquqi bazas\u0131 yarad\u0131l\u0131b, \u201cProkurorluq haqq\u0131nda\u201d Qanunda n\u0259z\u0259rd\u0259 tutulmu\u015f istiqam\u0259tl\u0259r \u00fczr\u0259 i\u015fin s\u0259m\u0259r\u0259li t\u0259\u015fkili, y\u00fcks\u0259k t\u0259l\u0259bl\u0259r s\u0259viyy\u0259sind\u0259 i\u015fl\u0259m\u0259k bacar\u0131\u011f\u0131 olan kadr korpusu formala\u015fd\u0131r\u0131l\u0131b.<\/p>\n<p>Bir \u00e7ox d\u00f6vl\u0259t t\u0259sisat\u0131 kimi prokurorluq orqanlar\u0131n\u0131n da yarad\u0131lmas\u0131 Az\u0259rbaycan Xalq C\u00fcmhuriyy\u0259tinin f\u0259aliyy\u0259t s\u00fcrd\u00fcy\u00fc 23 ayl\u0131q d\u00f6vr\u0259 t\u0259sad\u00fcf edir. 1918-ci il 1 oktyabr tarixli q\u0259rarla Bak\u0131 Dair\u0259 M\u0259hk\u0259m\u0259sinin t\u0259rkibind\u0259 yarad\u0131lmaqla \u0259sas\u0131 qoyulmu\u015f milli prokurorluq orqanlar\u0131 \u00f6z 100 illik tarixi \u0259rzind\u0259 xalq\u0131m\u0131z\u0131n m\u00fcst\u0259qilliyi u\u011frunda apard\u0131\u011f\u0131 m\u00fcbariz\u0259nin tarixi il\u0259 b\u0259rab\u0259r \u015f\u0259kild\u0259 \u00e7\u0259tin v\u0259 m\u00fcr\u0259kk\u0259b, eyni zamanda, \u015f\u0259r\u0259fli bir inki\u015faf yolu ke\u00e7\u0259r\u0259k, bug\u00fcnk\u00fc \u015f\u0259kild\u0259 formala\u015f\u0131b, f\u0259aliyy\u0259t g\u00f6st\u0259rdiyi b\u00fct\u00fcn d\u00f6vrl\u0259rd\u0259 mill\u0259tin\u0259 v\u0259 d\u00f6vl\u0259t\u00e7ilik ideyalar\u0131na s\u0259daq\u0259tl\u0259 qulluq edib, qanun\u00e7ulu\u011fun m\u00f6hk\u0259ml\u0259ndirilm\u0259si v\u0259 cinay\u0259tkarl\u0131\u011fa qar\u015f\u0131 m\u00fcbariz\u0259 i\u015find\u0259 \u00f6z xidm\u0259tl\u0259rini g\u00f6st\u0259rib.<\/p>\n<p>X\u00fcsusi vur\u011fulan\u0131b ki, d\u00f6vl\u0259t s\u0259viyy\u0259sind\u0259 g\u00f6st\u0259ril\u0259n y\u00fcks\u0259k diqq\u0259tin n\u0259tic\u0259si olaraq, ixtisasla\u015fd\u0131r\u0131lm\u0131\u015f qurum kimi Ba\u015f Prokuror yan\u0131nda Korrupsiyaya Qar\u015f\u0131 M\u00fcbariz\u0259 Ba\u015f \u0130dar\u0259sinin f\u0259aliyy\u0259ti \u00fc\u00e7\u00fcn normal \u015f\u0259raitin yarad\u0131lmas\u0131, \u0259m\u0259kda\u015flar\u0131n\u0131n say\u0131n\u0131n \u0259h\u0259miyy\u0259tli d\u0259r\u0259c\u0259d\u0259 art\u0131r\u0131lmaqla \u00e7evik f\u0259aliyy\u0259ti t\u0259min etm\u0259y\u0259 qadir yeni strukturun formala\u015fd\u0131r\u0131lmas\u0131, MDB m\u0259kan\u0131nda, habel\u0259 Az\u0259rbaycan tarixind\u0259 ilk d\u0259f\u0259 olaraq, bu quruma \u0259m\u0259liyyat-axtar\u0131\u015f f\u0259aliyy\u0259tinin h\u0259yata ke\u00e7irilm\u0259si s\u0259lahiyy\u0259tinin verilm\u0259si, i\u015f\u00e7il\u0259rin sosial m\u00fcdafi\u0259sinin g\u00fccl\u0259ndirilm\u0259si v\u0259 dig\u0259r bu kimi islahat t\u0259dbirl\u0259ri korrupsiya hallar\u0131n\u0131n qar\u015f\u0131s\u0131n\u0131n al\u0131nmas\u0131 v\u0259 onlar\u0131 do\u011furan s\u0259b\u0259bl\u0259rin aradan qald\u0131r\u0131lmas\u0131 istiqam\u0259tind\u0259 qabaqlay\u0131c\u0131 t\u0259dbirl\u0259rin s\u0259m\u0259r\u0259liliyini daha da art\u0131r\u0131b, profilaktiki f\u0259aliyy\u0259t daha da g\u00fccl\u0259ndirilib.<\/p>\n<p>Az\u0259rbaycan Prezidenti \u0130lham \u018fliyevin 2004-c\u00fc il 3 mart tarixli \u201cKorrupsiyaya qar\u015f\u0131 m\u00fcbariz\u0259 haqq\u0131nda\u201d Qanunun t\u0259tbiq edilm\u0259si bar\u0259d\u0259 S\u0259r\u0259ncam\u0131na \u0259sas\u0259n Az\u0259rbaycan Respublikas\u0131n\u0131n Ba\u015f Prokuroru yan\u0131nda Korrupsiyaya Qar\u015f\u0131 M\u00fcbariz\u0259 Ba\u015f \u0130dar\u0259sinin yarad\u0131lmas\u0131 v\u0259 sonrak\u0131 ill\u0259rd\u0259 f\u0259aliyy\u0259tinin t\u0259kmill\u0259\u015fdirilm\u0259si korrupsiyaya qar\u015f\u0131 m\u00fcbariz\u0259 sah\u0259sind\u0259 siyasi irad\u0259nin \u0259n y\u00fcks\u0259k t\u0259zah\u00fcr\u00fc v\u0259 \u00f6lk\u0259 r\u0259hb\u0259rliyinin prokurorluq orqanlar\u0131n\u0131n c\u0259miyy\u0259td\u0259ki roluna, funksiyalar\u0131na v\u0259 f\u0259aliyy\u0259tin\u0259 veril\u0259n inam v\u0259 etimad\u0131n t\u0259c\u0259ss\u00fcm\u00fc kimi d\u0259y\u0259rl\u0259ndirilib.<\/p>\n<p>M\u0259rasimd\u0259 qeyd edilib ki, \u00f6t\u0259n d\u00f6vrl\u0259r \u0259rzind\u0259 \u201cProkurorluq haqq\u0131nda\u201d qanunda n\u0259z\u0259rd\u0259 tutulmu\u015f f\u0259aliyy\u0259t istiqam\u0259tl\u0259ri \u00fczr\u0259 i\u015fin d\u00fczg\u00fcn t\u0259\u015fkili, istintaq f\u0259aliyy\u0259tinin t\u0259kmill\u0259\u015fdirilm\u0259si, habel\u0259 ibtidai ara\u015fd\u0131rmaya prosessual r\u0259hb\u0259rliyin v\u0259 istintaq \u00fcz\u0259rind\u0259 prokuror n\u0259zar\u0259ti, d\u00f6vl\u0259t ittiham\u0131n\u0131n m\u00fcdafi\u0259si, v\u0259t\u0259nda\u015flar\u0131n m\u00fcraci\u0259tl\u0259rin\u0259 bax\u0131lmas\u0131 v\u0259 onlar\u0131n q\u0259bulu i\u015finin s\u0259m\u0259r\u0259liliyinin y\u00fcks\u0259ldilm\u0259si, m\u00f6vcud \u00e7at\u0131\u015fmazl\u0131qlar\u0131n t\u0259xir\u0259sal\u0131nmadan aradan qald\u0131r\u0131lmaqla ciddi n\u0259zar\u0259t mexanizminin yarad\u0131lmas\u0131, xidm\u0259ti, icra v\u0259 \u0259m\u0259k intizam\u0131n\u0131n daha da m\u00f6hk\u0259ml\u0259ndirilm\u0259si istiqam\u0259tind\u0259 z\u0259ruri t\u0259dbirl\u0259r g\u00f6r\u00fcl\u00fcb.<\/p>\n<p>Diqq\u0259t\u0259 \u00e7atd\u0131r\u0131l\u0131b ki, d\u00f6vl\u0259timizin ba\u015f\u00e7\u0131s\u0131 t\u0259r\u0259find\u0259n prokurorluq orqanlar\u0131na daim y\u00fcks\u0259k diqq\u0259t v\u0259 qay\u011f\u0131 g\u00f6st\u0259ril\u0259r\u0259k prokurorluq orqanlar\u0131n\u0131n f\u0259aliyy\u0259tinin v\u0259 strukturunun t\u0259kmill\u0259\u015fdirilm\u0259si, kadr potensial\u0131n\u0131n g\u00fccl\u0259ndirilm\u0259si, yeni n\u0259sil prokurorlar\u0131n formala\u015fd\u0131r\u0131lmas\u0131 v\u0259 pe\u015f\u0259karl\u0131\u011f\u0131n\u0131n art\u0131r\u0131lmas\u0131, habel\u0259 prokurorlu\u011fun maddi-texniki bazas\u0131n\u0131n m\u00f6hk\u0259ml\u0259ndirilm\u0259si v\u0259 i\u015f\u00e7il\u0259rin sosial m\u00fcdafi\u0259sinin y\u00fcks\u0259ldilm\u0259si m\u0259qs\u0259dil\u0259 2008-ci il 27 sentyabr tarixli S\u0259r\u0259ncamla t\u0259sdiq edilmi\u015f \u201cAz\u0259rbaycan Respublikas\u0131 Prokurorlu\u011funun f\u0259aliyy\u0259tinin m\u00fcasirl\u0259\u015fdirilm\u0259sin\u0259 dair 2009-2011-ci ill\u0259r \u00fc\u00e7\u00fcn D\u00f6vl\u0259t Proqram\u0131\u201dn\u0131n Az\u0259rbaycan Prokurorlu\u011funun 100 illik tarixind\u0259 \u0259n \u00f6n\u0259mli hadis\u0259l\u0259rd\u0259n biri olmaqla yeni t\u0259kmill\u0259\u015fm\u0259 v\u0259 inki\u015faf, h\u0259rt\u0259r\u0259fli m\u00fcasirl\u0259\u015fdirm\u0259 d\u00f6vr\u00fcn\u00fcn \u0259sas\u0131n\u0131 qoyub.<\/p>\n<p>Prokurorluq orqanlar\u0131n\u0131n f\u0259aliyy\u0259tinin s\u0259m\u0259r\u0259liliyinin art\u0131r\u0131lmas\u0131nda m\u00fcst\u0259sna \u0259h\u0259miyy\u0259t\u0259 malik olmu\u015f D\u00f6vl\u0259t Proqram\u0131nda n\u0259z\u0259rd\u0259 tutulan t\u0259dbirl\u0259rin realla\u015fd\u0131r\u0131lmas\u0131 n\u0259tic\u0259sind\u0259 prokurorlu\u011fun i\u015find\u0259 m\u00fcasir elmi-texniki nailiyy\u0259tl\u0259rd\u0259n geni\u015f istifad\u0259 olunmas\u0131, m\u0259rk\u0259zl\u0259\u015fdirilmi\u015f informasiya-kommunikasiya sisteminin qurulmas\u0131 \u00fc\u00e7\u00fcn h\u0259rt\u0259r\u0259fli z\u0259min yarad\u0131l\u0131b, el\u0259c\u0259 d\u0259 prokurorluq i\u015f\u00e7il\u0259rinin sosial m\u00fcdafi\u0259si g\u00fccl\u0259ndiril\u0259r\u0259k prokurorlu\u011fun maddi-texniki t\u0259minat\u0131 yax\u015f\u0131la\u015fd\u0131r\u0131l\u0131b. Prokurorlu\u011fun maddi-texniki bazas\u0131n\u0131n m\u00f6hk\u0259ml\u0259ndirilm\u0259si istiqam\u0259tind\u0259 g\u00f6r\u00fcl\u0259n i\u015fl\u0259r s\u0131ras\u0131nda G\u0259nc\u0259 v\u0259 Sumqay\u0131t \u015e\u0259h\u0259r prokurorluqlar\u0131n\u0131n \u0259n m\u00fcasir standartlara cavab ver\u0259n yeni inzibati binalar\u0131n\u0131n tikil\u0259r\u0259k yubiley \u0259r\u0259f\u0259sind\u0259 \u0259m\u0259kda\u015flar\u0131n istifad\u0259sin\u0259 verilm\u0259si x\u00fcsusi qeyd edilib.<\/p>\n<p>Bildirilib ki, \u00f6lk\u0259mizd\u0259 realla\u015fd\u0131r\u0131lan d\u00f6vl\u0259t g\u0259ncl\u0259r siyas\u0259tinin t\u0259l\u0259bl\u0259rin\u0259 m\u00fcvafiq olaraq, m\u00fct\u0259r\u0259qqi v\u0259 \u015f\u0259ffaf prosedurlar \u0259sas\u0131nda prokurorlu\u011fun kadr korpusunun yenil\u0259\u015fdirilm\u0259si istiqam\u0259tind\u0259 apar\u0131lan m\u0259qs\u0259dy\u00f6nl\u00fc i\u015fl\u0259rin n\u0259tic\u0259si kimi, 2002-ci ild\u0259n ba\u015flayaraq ke\u00e7iril\u0259n 19 m\u00fcsabiq\u0259 n\u0259tic\u0259sind\u0259 qullu\u011fa q\u0259bul edil\u0259n 873 g\u0259nc h\u00fcquq\u015f\u00fcnas\u0131n Az\u0259rbaycan Respublikas\u0131 Prokurorlu\u011funun kadr korpusunun 67 faizini t\u0259\u015fkil etm\u0259si, m\u00fcxt\u0259lif sah\u0259l\u0259rd\u0259 s\u0259m\u0259r\u0259li f\u0259aliyy\u0259ti, h\u0259min g\u0259ncl\u0259rin bir \u00e7oxunun r\u0259hb\u0259r v\u0259 yuxar\u0131 t\u0259snifatlar \u00fczr\u0259 v\u0259zif\u0259l\u0259r\u0259 ir\u0259li \u00e7\u0259kilm\u0259si, alternativi olmayan m\u00fcsabiq\u0259 yolu il\u0259 qullu\u011fa q\u0259bulun bundan sonra da davam etdiril\u0259c\u0259yin\u0259 \u0259minlik yarad\u0131b.<\/p>\n<p>T\u0259dbird\u0259 \u00e7\u0131x\u0131\u015f ed\u0259n prokurorlu\u011fun veteran\u0131 Q\u0259nim\u0259t S\u0259f\u0259rov prokurorluq orqanlar\u0131n\u0131n ke\u00e7diyi \u015f\u0259r\u0259fli yoldan, Ba\u015f Prokurorlu\u011fun h\u00fcquqi t\u0259minat idar\u0259sinin prokuroru V\u00fcsal Mehr\u0259liyev is\u0259 prokurorlu\u011fa qullu\u011fa q\u0259bul edilmi\u015f g\u0259ncl\u0259r\u0259 g\u00f6st\u0259ril\u0259n d\u00f6vl\u0259t qay\u011f\u0131s\u0131ndan \u0259trafl\u0131 s\u00f6z a\u00e7\u0131blar.<\/p>\n<p>\u00c7\u0131x\u0131\u015flarda q\u0259ti inam ifad\u0259 olunub ki, bu g\u00fcn \u00f6z pe\u015f\u0259 bayram\u0131n\u0131 v\u0259 100 illik yubileyini qeyd ed\u0259n Az\u0259rbaycan Prokurorlu\u011funun kollektivi \u00f6z m\u0259suliyy\u0259tini d\u0259rind\u0259n d\u0259rk etm\u0259kl\u0259, f\u0259aliyy\u0259tinin d\u00f6vl\u0259t t\u0259r\u0259find\u0259n g\u00f6st\u0259ril\u0259n etimada layiq s\u0259viyy\u0259d\u0259 qurulmas\u0131 \u00fc\u00e7\u00fcn z\u0259ruri t\u0259dbirl\u0259rin g\u00f6r\u00fclm\u0259sini t\u0259min ed\u0259c\u0259k, respublikam\u0131z\u0131n dinamik inki\u015faf\u0131na istiqam\u0259tl\u0259ndirilmi\u015f yeni m\u0259zmunlu d\u00f6vl\u0259t\u00e7ilik siyas\u0259tinin realla\u015fd\u0131r\u0131lmas\u0131nda \u00f6z xidm\u0259tl\u0259rini g\u00f6st\u0259r\u0259c\u0259k.<\/p>\n<p>M\u0259rasimd\u0259 xidm\u0259td\u0259 f\u0259rql\u0259ndikl\u0259rin\u0259 g\u00f6r\u0259 m\u00fckafatland\u0131r\u0131lm\u0131\u015f prokurorluq \u0259m\u0259kda\u015flar\u0131n\u0131n bir qismin\u0259 ba\u015f prokuror t\u0259r\u0259find\u0259n \u201cAz\u0259rbaycan Prokurorlu\u011funun 100 illiyi\u201d yubiley medal\u0131, \u201cProkurorlu\u011fun f\u0259xri i\u015f\u00e7isi\u201d d\u00f6\u015f ni\u015fan\u0131, f\u0259xri f\u0259rmanlar v\u0259 dig\u0259r t\u0259ltifl\u0259r t\u0259qdim edilib.<\/p>\n<p>T\u0259dbirin yekununda Az\u0259rbaycan Respublikas\u0131 Prokurorlu\u011funun kollektivi ad\u0131ndan Prezident \u0130lham \u018fliyev\u0259 m\u00fcraci\u0259t q\u0259bul edilib.<\/p>\n","protected":false},"excerpt":{"rendered":"<p>ARANTV.AZ x\u0259b\u0259r verir ki, Xalq\u0131m\u0131z\u0131n \u00fcmummilli lideri Heyd\u0259r \u018fliyevin 1998-ci il 17 iyul tarixli S\u0259r\u0259ncam\u0131na \u0259sas\u0259n h\u0259min ild\u0259n etibar\u0259n h\u0259r il \u00f6z pe\u015f\u0259 bayramlar\u0131n\u0131 qeyd etm\u0259k imkan\u0131 \u0259ld\u0259 ed\u0259n Az\u0259rbaycan Respublikas\u0131 Prokurorlu\u011funun kollektivi bu g\u00fcn milli prokurorluq orqanlar\u0131n\u0131n yarad\u0131lmas\u0131n\u0131n 100 illik yubileyini v\u0259 n\u00f6vb\u0259ti pe\u015f\u0259 bayram\u0131n\u0131 qeyd edir. Oktyabr\u0131n 1-d\u0259 Az\u0259rbaycan Respublikas\u0131n\u0131n Ba\u015f Prokurorlu\u011funda 1 oktyabr &#8211; Az\u0259rbaycan Respublikas\u0131 Prokurorlu\u011fu i\u015f\u00e7il\u0259rinin pe\u015f\u0259 bayram\u0131 g\u00fcn\u00fc v\u0259 Milli Prokurorlu\u011fun yarad\u0131lmas\u0131n\u0131n 100 illik yubileyin\u0259 h\u0259sr olunmu\u015f t\u0259nt\u0259n\u0259li m\u0259rasim ke\u00e7irilib. Az\u0259rbaycan Respublikas\u0131n\u0131n d\u00f6vl\u0259t himni s\u0259sl\u0259ndirildikd\u0259n sonra Az\u0259rbaycan Respublikas\u0131 Prezidentinin h\u00fcquq m\u00fchafiz\u0259 orqanlar\u0131 il\u0259 i\u015f&hellip;<\/p>\n","protected":false},"author":2,"featured_media":16540,"comment_status":"closed","ping_status":"closed","sticky":false,"template":"","format":"standard","meta":{"om_disable_all_campaigns":false,"_monsterinsights_skip_tracking":false,"_monsterinsights_sitenote_active":false,"_monsterinsights_sitenote_note":"","_monsterinsights_sitenote_category":0},"categories":[1],"tags":[],"aioseo_notices":[],"gutentor_comment":0,"rttpg_featured_image_url":{"full":["https:\/\/arantv.az\/wp-content\/uploads\/2018\/10\/b9m0edlckhsobmef9636aabnt2prok.jpg",1000,666,false],"landscape":["https:\/\/arantv.az\/wp-content\/uploads\/2018\/10\/b9m0edlckhsobmef9636aabnt2prok.jpg",1000,666,false],"portraits":["https:\/\/arantv.az\/wp-content\/uploads\/2018\/10\/b9m0edlckhsobmef9636aabnt2prok.jpg",1000,666,false],"thumbnail":["https:\/\/arantv.az\/wp-content\/uploads\/2018\/10\/b9m0edlckhsobmef9636aabnt2prok-150x150.jpg",150,150,true],"medium":["https:\/\/arantv.az\/wp-content\/uploads\/2018\/10\/b9m0edlckhsobmef9636aabnt2prok-300x200.jpg",300,200,true],"large":["https:\/\/arantv.az\/wp-content\/uploads\/2018\/10\/b9m0edlckhsobmef9636aabnt2prok.jpg",640,426,false],"1536x1536":["https:\/\/arantv.az\/wp-content\/uploads\/2018\/10\/b9m0edlckhsobmef9636aabnt2prok.jpg",1000,666,false],"2048x2048":["https:\/\/arantv.az\/wp-content\/uploads\/2018\/10\/b9m0edlckhsobmef9636aabnt2prok.jpg",1000,666,false],"post-thumbnail":["https:\/\/arantv.az\/wp-content\/uploads\/2018\/10\/b9m0edlckhsobmef9636aabnt2prok-240x172.jpg",240,172,true],"advps-thumb-one":["https:\/\/arantv.az\/wp-content\/uploads\/2018\/10\/b9m0edlckhsobmef9636aabnt2prok-1000x620.jpg",1000,620,true]},"rttpg_author":{"display_name":"V\u00fcsal Rafiqo\u011flu","author_link":"https:\/\/arantv.az\/?author=2"},"rttpg_comment":0,"rttpg_category":"<a href=\"https:\/\/arantv.az\/?cat=1\" rel=\"category\">C\u0259miyy\u0259t<\/a>","rttpg_excerpt":"ARANTV.AZ x\u0259b\u0259r verir ki, Xalq\u0131m\u0131z\u0131n \u00fcmummilli lideri Heyd\u0259r \u018fliyevin 1998-ci il 17 iyul tarixli S\u0259r\u0259ncam\u0131na \u0259sas\u0259n h\u0259min ild\u0259n etibar\u0259n h\u0259r il \u00f6z pe\u015f\u0259 bayramlar\u0131n\u0131 qeyd etm\u0259k imkan\u0131 \u0259ld\u0259 ed\u0259n Az\u0259rbaycan Respublikas\u0131 Prokurorlu\u011funun kollektivi bu g\u00fcn milli prokurorluq orqanlar\u0131n\u0131n yarad\u0131lmas\u0131n\u0131n 100 illik yubileyini v\u0259 n\u00f6vb\u0259ti pe\u015f\u0259 bayram\u0131n\u0131 qeyd edir. Oktyabr\u0131n 1-d\u0259 Az\u0259rbaycan Respublikas\u0131n\u0131n Ba\u015f Prokurorlu\u011funda 1&hellip;","_links":{"self":[{"href":"https:\/\/arantv.az\/index.php?rest_route=\/wp\/v2\/posts\/16539"}],"collection":[{"href":"https:\/\/arantv.az\/index.php?rest_route=\/wp\/v2\/posts"}],"about":[{"href":"https:\/\/arantv.az\/index.php?rest_route=\/wp\/v2\/types\/post"}],"author":[{"embeddable":true,"href":"https:\/\/arantv.az\/index.php?rest_route=\/wp\/v2\/users\/2"}],"replies":[{"embeddable":true,"href":"https:\/\/arantv.az\/index.php?rest_route=%2Fwp%2Fv2%2Fcomments&post=16539"}],"version-history":[{"count":0,"href":"https:\/\/arantv.az\/index.php?rest_route=\/wp\/v2\/posts\/16539\/revisions"}],"wp:featuredmedia":[{"embeddable":true,"href":"https:\/\/arantv.az\/index.php?rest_route=\/wp\/v2\/media\/16540"}],"wp:attachment":[{"href":"https:\/\/arantv.az\/index.php?rest_route=%2Fwp%2Fv2%2Fmedia&parent=16539"}],"wp:term":[{"taxonomy":"category","embeddable":true,"href":"https:\/\/arantv.az\/index.php?rest_route=%2Fwp%2Fv2%2Fcategories&post=16539"},{"taxonomy":"post_tag","embeddable":true,"href":"https:\/\/arantv.az\/index.php?rest_route=%2Fwp%2Fv2%2Ftags&post=16539"}],"curies":[{"name":"wp","href":"https:\/\/api.w.org\/{rel}","templated":true}]}}