{"id":165391,"date":"2020-05-14T23:45:08","date_gmt":"2020-05-14T20:45:08","guid":{"rendered":"http:\/\/arantv.az\/?p=165391"},"modified":"2020-05-14T23:45:08","modified_gmt":"2020-05-14T20:45:08","slug":"s%c9%99firlik-polsada-qalmis-az%c9%99rbaycan-v%c9%99t%c9%99ndaslarina-muraci%c9%99t-edib","status":"publish","type":"post","link":"https:\/\/arantv.az\/?p=165391","title":{"rendered":"S\u0259firlik Pol\u015fada qalm\u0131\u015f Az\u0259rbaycan v\u0259t\u0259nda\u015flar\u0131na m\u00fcraci\u0259t edib"},"content":{"rendered":"<p>Az\u0259rbaycan Respublikas\u0131n\u0131n Pol\u015fadak\u0131 s\u0259firliyi bu \u00f6lk\u0259d\u0259 ya\u015fayan v\u0259t\u0259nda\u015flara m\u00fcraci\u0259t edib.<\/p>\n<p>M\u00fcraci\u0259td\u0259 bildirilib ki, qlobal pandemiya d\u00f6vr\u00fcnd\u0259 Pol\u015fa \u0259razisind\u0259ki Az\u0259rbaycan v\u0259t\u0259nda\u015flar\u0131n\u0131n etibarl\u0131l\u0131q m\u00fcdd\u0259ti bitmi\u015f v\u0259 bitm\u0259kd\u0259 olan pasportlar\u0131n\u0131n yenisi il\u0259 \u0259v\u0259z edilm\u0259sind\u0259 qar\u015f\u0131la\u015fd\u0131qlar\u0131 \u00e7\u0259tinlikl\u0259ri n\u0259z\u0259r\u0259 alaraq a\u015fa\u011f\u0131dak\u0131 m\u0259lumatlar\u0131 v\u0259t\u0259nda\u015flar\u0131n diqq\u0259tin\u0259 \u00e7atd\u0131r\u0131l\u0131b:<\/p>\n<div id=\"AdviadNativeVideo0\" class=\"AdviadNativeVideo\">\u00a0\u201cPol\u015fa \u0259razisind\u0259ki Az\u0259rbaycan v\u0259t\u0259nad\u015flar\u0131n\u0131n qanunsuz miqrant statusuna d\u00fc\u015fm\u0259m\u0259l\u0259ri v\u0259 f\u0259aliyy\u0259tl\u0259rinin h\u00fcquqi t\u0259nziml\u0259nm\u0259si \u00fc\u00e7\u00fcn etibarl\u0131l\u0131q m\u00fcdd\u0259ti 1 yanvar 2020-ci il tarixind\u0259n etibar\u0259n bitmi\u015f v\u0259 ya bit\u0259c\u0259k olan \u00fcmumv\u0259t\u0259nda\u015f pasportlar\u0131n\u0131n etibarl\u0131l\u0131q m\u00fcdd\u0259ti 31 dekabr 2020-ci il tarixin\u0259d\u0259k uzad\u0131lm\u0131\u015f hesab edilir.<\/div>\n<p>Pol\u015fada pasportlar\u0131n\u0131n etibarl\u0131l\u0131q m\u00fcdd\u0259ti bitmi\u015f Az\u0259rbaycan v\u0259t\u0259nda\u015flar\u0131 V\u0259t\u0259n\u0259 qay\u0131tmaq ist\u0259dikl\u0259ri t\u0259qdird\u0259 S\u0259firlik t\u0259r\u0259find\u0259n qay\u0131d\u0131\u015f \u015f\u0259had\u0259tnam\u0259si il\u0259 t\u0259min olunacaqlar\u201d.<\/p>\n","protected":false},"excerpt":{"rendered":"<p>Az\u0259rbaycan Respublikas\u0131n\u0131n Pol\u015fadak\u0131 s\u0259firliyi bu \u00f6lk\u0259d\u0259 ya\u015fayan v\u0259t\u0259nda\u015flara m\u00fcraci\u0259t edib. M\u00fcraci\u0259td\u0259 bildirilib ki, qlobal pandemiya d\u00f6vr\u00fcnd\u0259 Pol\u015fa \u0259razisind\u0259ki Az\u0259rbaycan v\u0259t\u0259nda\u015flar\u0131n\u0131n etibarl\u0131l\u0131q m\u00fcdd\u0259ti bitmi\u015f v\u0259 bitm\u0259kd\u0259 olan pasportlar\u0131n\u0131n yenisi il\u0259 \u0259v\u0259z edilm\u0259sind\u0259 qar\u015f\u0131la\u015fd\u0131qlar\u0131 \u00e7\u0259tinlikl\u0259ri n\u0259z\u0259r\u0259 alaraq a\u015fa\u011f\u0131dak\u0131 m\u0259lumatlar\u0131 v\u0259t\u0259nda\u015flar\u0131n diqq\u0259tin\u0259 \u00e7atd\u0131r\u0131l\u0131b: \u00a0\u201cPol\u015fa \u0259razisind\u0259ki Az\u0259rbaycan v\u0259t\u0259nad\u015flar\u0131n\u0131n qanunsuz miqrant statusuna d\u00fc\u015fm\u0259m\u0259l\u0259ri v\u0259 f\u0259aliyy\u0259tl\u0259rinin h\u00fcquqi t\u0259nziml\u0259nm\u0259si \u00fc\u00e7\u00fcn etibarl\u0131l\u0131q m\u00fcdd\u0259ti 1 yanvar 2020-ci il tarixind\u0259n etibar\u0259n bitmi\u015f v\u0259 ya bit\u0259c\u0259k olan \u00fcmumv\u0259t\u0259nda\u015f pasportlar\u0131n\u0131n etibarl\u0131l\u0131q m\u00fcdd\u0259ti 31 dekabr 2020-ci il tarixin\u0259d\u0259k uzad\u0131lm\u0131\u015f hesab edilir. Pol\u015fada pasportlar\u0131n\u0131n etibarl\u0131l\u0131q m\u00fcdd\u0259ti bitmi\u015f Az\u0259rbaycan v\u0259t\u0259nda\u015flar\u0131 V\u0259t\u0259n\u0259 qay\u0131tmaq ist\u0259dikl\u0259ri t\u0259qdird\u0259 S\u0259firlik&hellip;<\/p>\n","protected":false},"author":2,"featured_media":165395,"comment_status":"closed","ping_status":"closed","sticky":false,"template":"","format":"standard","meta":{"om_disable_all_campaigns":false,"_monsterinsights_skip_tracking":false,"_monsterinsights_sitenote_active":false,"_monsterinsights_sitenote_note":"","_monsterinsights_sitenote_category":0},"categories":[19],"tags":[],"aioseo_notices":[],"gutentor_comment":0,"rttpg_featured_image_url":{"full":["https:\/\/arantv.az\/wp-content\/uploads\/2020\/05\/azerbaijan_passport_140317_2.jpg",620,409,false],"landscape":["https:\/\/arantv.az\/wp-content\/uploads\/2020\/05\/azerbaijan_passport_140317_2.jpg",620,409,false],"portraits":["https:\/\/arantv.az\/wp-content\/uploads\/2020\/05\/azerbaijan_passport_140317_2.jpg",620,409,false],"thumbnail":["https:\/\/arantv.az\/wp-content\/uploads\/2020\/05\/azerbaijan_passport_140317_2-150x150.jpg",150,150,true],"medium":["https:\/\/arantv.az\/wp-content\/uploads\/2020\/05\/azerbaijan_passport_140317_2-300x198.jpg",300,198,true],"large":["https:\/\/arantv.az\/wp-content\/uploads\/2020\/05\/azerbaijan_passport_140317_2.jpg",620,409,false],"1536x1536":["https:\/\/arantv.az\/wp-content\/uploads\/2020\/05\/azerbaijan_passport_140317_2.jpg",620,409,false],"2048x2048":["https:\/\/arantv.az\/wp-content\/uploads\/2020\/05\/azerbaijan_passport_140317_2.jpg",620,409,false],"post-thumbnail":["https:\/\/arantv.az\/wp-content\/uploads\/2020\/05\/azerbaijan_passport_140317_2-240x172.jpg",240,172,true],"advps-thumb-one":["https:\/\/arantv.az\/wp-content\/uploads\/2020\/05\/azerbaijan_passport_140317_2.jpg",620,409,false]},"rttpg_author":{"display_name":"V\u00fcsal Rafiqo\u011flu","author_link":"https:\/\/arantv.az\/?author=2"},"rttpg_comment":0,"rttpg_category":"<a href=\"https:\/\/arantv.az\/?cat=19\" rel=\"category\">G\u00fcnd\u0259m<\/a>","rttpg_excerpt":"Az\u0259rbaycan Respublikas\u0131n\u0131n Pol\u015fadak\u0131 s\u0259firliyi bu \u00f6lk\u0259d\u0259 ya\u015fayan v\u0259t\u0259nda\u015flara m\u00fcraci\u0259t edib. M\u00fcraci\u0259td\u0259 bildirilib ki, qlobal pandemiya d\u00f6vr\u00fcnd\u0259 Pol\u015fa \u0259razisind\u0259ki Az\u0259rbaycan v\u0259t\u0259nda\u015flar\u0131n\u0131n etibarl\u0131l\u0131q m\u00fcdd\u0259ti bitmi\u015f v\u0259 bitm\u0259kd\u0259 olan pasportlar\u0131n\u0131n yenisi il\u0259 \u0259v\u0259z edilm\u0259sind\u0259 qar\u015f\u0131la\u015fd\u0131qlar\u0131 \u00e7\u0259tinlikl\u0259ri n\u0259z\u0259r\u0259 alaraq a\u015fa\u011f\u0131dak\u0131 m\u0259lumatlar\u0131 v\u0259t\u0259nda\u015flar\u0131n diqq\u0259tin\u0259 \u00e7atd\u0131r\u0131l\u0131b: \u00a0\u201cPol\u015fa \u0259razisind\u0259ki Az\u0259rbaycan v\u0259t\u0259nad\u015flar\u0131n\u0131n qanunsuz miqrant statusuna d\u00fc\u015fm\u0259m\u0259l\u0259ri v\u0259 f\u0259aliyy\u0259tl\u0259rinin h\u00fcquqi t\u0259nziml\u0259nm\u0259si \u00fc\u00e7\u00fcn etibarl\u0131l\u0131q m\u00fcdd\u0259ti&hellip;","_links":{"self":[{"href":"https:\/\/arantv.az\/index.php?rest_route=\/wp\/v2\/posts\/165391"}],"collection":[{"href":"https:\/\/arantv.az\/index.php?rest_route=\/wp\/v2\/posts"}],"about":[{"href":"https:\/\/arantv.az\/index.php?rest_route=\/wp\/v2\/types\/post"}],"author":[{"embeddable":true,"href":"https:\/\/arantv.az\/index.php?rest_route=\/wp\/v2\/users\/2"}],"replies":[{"embeddable":true,"href":"https:\/\/arantv.az\/index.php?rest_route=%2Fwp%2Fv2%2Fcomments&post=165391"}],"version-history":[{"count":0,"href":"https:\/\/arantv.az\/index.php?rest_route=\/wp\/v2\/posts\/165391\/revisions"}],"wp:featuredmedia":[{"embeddable":true,"href":"https:\/\/arantv.az\/index.php?rest_route=\/wp\/v2\/media\/165395"}],"wp:attachment":[{"href":"https:\/\/arantv.az\/index.php?rest_route=%2Fwp%2Fv2%2Fmedia&parent=165391"}],"wp:term":[{"taxonomy":"category","embeddable":true,"href":"https:\/\/arantv.az\/index.php?rest_route=%2Fwp%2Fv2%2Fcategories&post=165391"},{"taxonomy":"post_tag","embeddable":true,"href":"https:\/\/arantv.az\/index.php?rest_route=%2Fwp%2Fv2%2Ftags&post=165391"}],"curies":[{"name":"wp","href":"https:\/\/api.w.org\/{rel}","templated":true}]}}