{"id":16543,"date":"2018-10-02T09:36:08","date_gmt":"2018-10-02T06:36:08","guid":{"rendered":"http:\/\/arantv.az\/?p=16543"},"modified":"2018-10-02T09:36:08","modified_gmt":"2018-10-02T06:36:08","slug":"dahi-b%c9%99st%c9%99kar-qara-qarayevin-ev-muzeyinin-acilis-m%c9%99rasimi-olub","status":"publish","type":"post","link":"https:\/\/arantv.az\/?p=16543","title":{"rendered":"Dahi b\u0259st\u0259kar Qara Qarayevin ev muzeyinin a\u00e7\u0131l\u0131\u015f m\u0259rasimi olub"},"content":{"rendered":"<p><strong>ARANTV.AZ<\/strong> x\u0259b\u0259r verir ki, Az\u0259rbaycan\u0131n b\u00f6y\u00fck b\u0259st\u0259kar\u0131, g\u00f6rk\u0259mli alim-pedaqoq, SSR\u0130 Xalq artisti Qara Qarayevin 100 illik yubileyi m\u00fcnasib\u0259til\u0259\u00a0 ictimai xadimin\u00a0 Nizami 47 \u00fcnvan\u0131nda yerl\u0259\u015f\u0259n ev muzeyinin a\u00e7\u0131l\u0131\u015f\u0131 olub.<\/p>\n<p>\u201cYeddi g\u00f6z\u0259l\u201d, \u201c\u0130ld\u0131r\u0131ml\u0131 yollarla\u201d baletl\u0259rinin, \u201cLeyli v\u0259 M\u0259cnun\u201d simfonik poemas\u0131n\u0131n, \u201cDon Kixot\u201d simfonik qrav\u00fcr\u00fcn\u00fcn v\u0259 y\u00fczl\u0259rl\u0259 m\u00fcxt\u0259lif janrlarda yaz\u0131lm\u0131\u015f \u0259s\u0259rl\u0259rin m\u00fc\u0259llifi olan Qara Qarayev Az\u0259rbaycan b\u0259st\u0259karl\u0131q m\u0259kt\u0259binin inki\u015faf\u0131na t\u0259sir g\u00f6st\u0259rmi\u015f, \u00f6z\u00fcn\u0259m\u0259xsus yarad\u0131c\u0131l\u0131q yolu ke\u00e7mi\u015f, yeni n\u0259f\u0259s, yeni fikir g\u0259tirib.\u201d Bu bar\u0259d\u0259 s\u0259n\u0259tkar\u0131n ev muzeyinin a\u00e7\u0131l\u0131\u015f\u0131nda bildirildi. M\u0259d\u0259niyy\u0259t naziri \u018fb\u00fclf\u0259s Qarayev\u00a0 Prezident \u0130lham \u018fliyevin g\u00f6rk\u0259mli b\u0259st\u0259kar\u0131n 100 illik yubileyinin ke\u00e7irilm\u0259si haqq\u0131nda imzalad\u0131\u011f\u0131 s\u0259r\u0259ncam\u0131 xat\u0131rladaraq vur\u011fulad\u0131 ki, yubiley ili \u00e7\u0259r\u00e7iv\u0259sind\u0259\u00a0 Az\u0259rbaycanla yana\u015f\u0131, d\u00fcnyan\u0131n bir \u00e7ox \u00f6lk\u0259l\u0259rind\u0259 m\u00fcxt\u0259lif t\u0259dbirl\u0259r ke\u00e7irilir. Qara Qarayevin t\u0259l\u0259b\u0259si, B\u0259st\u0259karlar ittifaq\u0131n\u0131n s\u0259dri, xalq\u00a0 artisti Fir\u0259ngiz \u018flizad\u0259 s\u0259n\u0259tkarla ba\u011fl\u0131 xatir\u0259l\u0259rini b\u00f6l\u00fc\u015fd\u00fc. Xalq yaz\u0131\u00e7\u0131s\u0131 Anar da Qara Qarayevin Az\u0259rbaycan klassik musiqisinin inki\u015faf\u0131ndak\u0131 \u0259v\u0259zsiz xidm\u0259tl\u0259rind\u0259n dan\u0131\u015fd\u0131.<\/p>\n<p>Qara Qarayev m\u0259hz Nizami 47 \u00fcnvan\u0131nda yerl\u0259\u015f\u0259n bu evind\u0259 ilk \u0259s\u0259rini yazm\u0131\u015fd\u0131. EvMuzeyi il\u0259 tan\u0131\u015fl\u0131q zaman\u0131 m\u0259lumat verildi ki, burada s\u0259n\u0259tkar\u0131n h\u0259yat v\u0259 yarad\u0131c\u0131l\u0131q yolunu \u0259ks etdir\u0259n nadir materiallar-s\u0259n\u0259dl\u0259r, \u0259lyazmalar, foto\u015f\u0259kill\u0259r, tama\u015fa v\u0259 konsert afi\u015falar\u0131, b\u0259st\u0259kar\u0131n \u015f\u0259xsi \u0259\u015fyalar\u0131 t\u0259qdim edilir. Muzeyin kolleksiyas\u0131na 300-d\u0259n art\u0131q eksponat daxil edilib. Sonra prezident \u0130lham \u018fliyevin \u201cAz\u0259rbaycan Xalq C\u00fcmhuriyy\u0259tinin 100\u201d illik yubileyi m\u00fcnasib\u0259ti il\u0259 t\u0259ltif olunan F\u0259r\u0259c Qarayev\u0259\u00a0 &#8220;Xalq artisti\u201d v\u0259siq\u0259si t\u0259qdim olundu. Sonda g\u00f6rk\u0259mli b\u0259st\u0259kar Qara Qarayevin \u0259s\u0259rl\u0259ri s\u0259sl\u0259ndirildi.<\/p>\n","protected":false},"excerpt":{"rendered":"<p>ARANTV.AZ x\u0259b\u0259r verir ki, Az\u0259rbaycan\u0131n b\u00f6y\u00fck b\u0259st\u0259kar\u0131, g\u00f6rk\u0259mli alim-pedaqoq, SSR\u0130 Xalq artisti Qara Qarayevin 100 illik yubileyi m\u00fcnasib\u0259til\u0259\u00a0 ictimai xadimin\u00a0 Nizami 47 \u00fcnvan\u0131nda yerl\u0259\u015f\u0259n ev muzeyinin a\u00e7\u0131l\u0131\u015f\u0131 olub. \u201cYeddi g\u00f6z\u0259l\u201d, \u201c\u0130ld\u0131r\u0131ml\u0131 yollarla\u201d baletl\u0259rinin, \u201cLeyli v\u0259 M\u0259cnun\u201d simfonik poemas\u0131n\u0131n, \u201cDon Kixot\u201d simfonik qrav\u00fcr\u00fcn\u00fcn v\u0259 y\u00fczl\u0259rl\u0259 m\u00fcxt\u0259lif janrlarda yaz\u0131lm\u0131\u015f \u0259s\u0259rl\u0259rin m\u00fc\u0259llifi olan Qara Qarayev Az\u0259rbaycan b\u0259st\u0259karl\u0131q m\u0259kt\u0259binin inki\u015faf\u0131na t\u0259sir g\u00f6st\u0259rmi\u015f, \u00f6z\u00fcn\u0259m\u0259xsus yarad\u0131c\u0131l\u0131q yolu ke\u00e7mi\u015f, yeni n\u0259f\u0259s, yeni fikir g\u0259tirib.\u201d Bu bar\u0259d\u0259 s\u0259n\u0259tkar\u0131n ev muzeyinin a\u00e7\u0131l\u0131\u015f\u0131nda bildirildi. M\u0259d\u0259niyy\u0259t naziri \u018fb\u00fclf\u0259s Qarayev\u00a0 Prezident \u0130lham \u018fliyevin g\u00f6rk\u0259mli b\u0259st\u0259kar\u0131n 100 illik yubileyinin ke\u00e7irilm\u0259si haqq\u0131nda imzalad\u0131\u011f\u0131 s\u0259r\u0259ncam\u0131&hellip;<\/p>\n","protected":false},"author":2,"featured_media":16545,"comment_status":"closed","ping_status":"closed","sticky":false,"template":"","format":"standard","meta":{"om_disable_all_campaigns":false,"_monsterinsights_skip_tracking":false,"_monsterinsights_sitenote_active":false,"_monsterinsights_sitenote_note":"","_monsterinsights_sitenote_category":0},"categories":[11],"tags":[],"aioseo_notices":[],"gutentor_comment":0,"rttpg_featured_image_url":{"full":["https:\/\/arantv.az\/wp-content\/uploads\/2018\/10\/b9m0edlckhsobmef9636aabnt2qara-1.jpg",945,669,false],"landscape":["https:\/\/arantv.az\/wp-content\/uploads\/2018\/10\/b9m0edlckhsobmef9636aabnt2qara-1.jpg",945,669,false],"portraits":["https:\/\/arantv.az\/wp-content\/uploads\/2018\/10\/b9m0edlckhsobmef9636aabnt2qara-1.jpg",945,669,false],"thumbnail":["https:\/\/arantv.az\/wp-content\/uploads\/2018\/10\/b9m0edlckhsobmef9636aabnt2qara-1-150x150.jpg",150,150,true],"medium":["https:\/\/arantv.az\/wp-content\/uploads\/2018\/10\/b9m0edlckhsobmef9636aabnt2qara-1-300x212.jpg",300,212,true],"large":["https:\/\/arantv.az\/wp-content\/uploads\/2018\/10\/b9m0edlckhsobmef9636aabnt2qara-1.jpg",640,453,false],"1536x1536":["https:\/\/arantv.az\/wp-content\/uploads\/2018\/10\/b9m0edlckhsobmef9636aabnt2qara-1.jpg",945,669,false],"2048x2048":["https:\/\/arantv.az\/wp-content\/uploads\/2018\/10\/b9m0edlckhsobmef9636aabnt2qara-1.jpg",945,669,false],"post-thumbnail":["https:\/\/arantv.az\/wp-content\/uploads\/2018\/10\/b9m0edlckhsobmef9636aabnt2qara-1-240x172.jpg",240,172,true],"advps-thumb-one":["https:\/\/arantv.az\/wp-content\/uploads\/2018\/10\/b9m0edlckhsobmef9636aabnt2qara-1-945x620.jpg",945,620,true]},"rttpg_author":{"display_name":"V\u00fcsal Rafiqo\u011flu","author_link":"https:\/\/arantv.az\/?author=2"},"rttpg_comment":0,"rttpg_category":"<a href=\"https:\/\/arantv.az\/?cat=11\" rel=\"category\">Manset<\/a>","rttpg_excerpt":"ARANTV.AZ x\u0259b\u0259r verir ki, Az\u0259rbaycan\u0131n b\u00f6y\u00fck b\u0259st\u0259kar\u0131, g\u00f6rk\u0259mli alim-pedaqoq, SSR\u0130 Xalq artisti Qara Qarayevin 100 illik yubileyi m\u00fcnasib\u0259til\u0259\u00a0 ictimai xadimin\u00a0 Nizami 47 \u00fcnvan\u0131nda yerl\u0259\u015f\u0259n ev muzeyinin a\u00e7\u0131l\u0131\u015f\u0131 olub. \u201cYeddi g\u00f6z\u0259l\u201d, \u201c\u0130ld\u0131r\u0131ml\u0131 yollarla\u201d baletl\u0259rinin, \u201cLeyli v\u0259 M\u0259cnun\u201d simfonik poemas\u0131n\u0131n, \u201cDon Kixot\u201d simfonik qrav\u00fcr\u00fcn\u00fcn v\u0259 y\u00fczl\u0259rl\u0259 m\u00fcxt\u0259lif janrlarda yaz\u0131lm\u0131\u015f \u0259s\u0259rl\u0259rin m\u00fc\u0259llifi olan Qara Qarayev Az\u0259rbaycan b\u0259st\u0259karl\u0131q m\u0259kt\u0259binin&hellip;","_links":{"self":[{"href":"https:\/\/arantv.az\/index.php?rest_route=\/wp\/v2\/posts\/16543"}],"collection":[{"href":"https:\/\/arantv.az\/index.php?rest_route=\/wp\/v2\/posts"}],"about":[{"href":"https:\/\/arantv.az\/index.php?rest_route=\/wp\/v2\/types\/post"}],"author":[{"embeddable":true,"href":"https:\/\/arantv.az\/index.php?rest_route=\/wp\/v2\/users\/2"}],"replies":[{"embeddable":true,"href":"https:\/\/arantv.az\/index.php?rest_route=%2Fwp%2Fv2%2Fcomments&post=16543"}],"version-history":[{"count":0,"href":"https:\/\/arantv.az\/index.php?rest_route=\/wp\/v2\/posts\/16543\/revisions"}],"wp:featuredmedia":[{"embeddable":true,"href":"https:\/\/arantv.az\/index.php?rest_route=\/wp\/v2\/media\/16545"}],"wp:attachment":[{"href":"https:\/\/arantv.az\/index.php?rest_route=%2Fwp%2Fv2%2Fmedia&parent=16543"}],"wp:term":[{"taxonomy":"category","embeddable":true,"href":"https:\/\/arantv.az\/index.php?rest_route=%2Fwp%2Fv2%2Fcategories&post=16543"},{"taxonomy":"post_tag","embeddable":true,"href":"https:\/\/arantv.az\/index.php?rest_route=%2Fwp%2Fv2%2Ftags&post=16543"}],"curies":[{"name":"wp","href":"https:\/\/api.w.org\/{rel}","templated":true}]}}