{"id":16547,"date":"2018-10-02T09:39:55","date_gmt":"2018-10-02T06:39:55","guid":{"rendered":"http:\/\/arantv.az\/?p=16547"},"modified":"2018-10-02T09:39:55","modified_gmt":"2018-10-02T06:39:55","slug":"birinci-vitse-prezident-mehriban-%c9%99liyevanin-italiyaya-r%c9%99smi-s%c9%99f%c9%99ri-bu-olk%c9%99nin-kiv-l%c9%99rind%c9%99-genis-isiqlandirilib","status":"publish","type":"post","link":"https:\/\/arantv.az\/?p=16547","title":{"rendered":"Birinci vitse-prezident Mehriban \u018fliyevan\u0131n \u0130taliyaya r\u0259smi s\u0259f\u0259ri bu \u00f6lk\u0259nin K\u0130V-l\u0259rind\u0259 geni\u015f i\u015f\u0131qland\u0131r\u0131l\u0131b"},"content":{"rendered":"<p><strong>ARANTV.AZ<\/strong> x\u0259b\u0259r verir ki, Az\u0259rbaycan Respublikas\u0131n\u0131n Birinci vitse-prezidenti Mehriban \u018fliyevan\u0131n \u0130taliyaya r\u0259smi s\u0259f\u0259ri bu \u00f6lk\u0259nin \u00e7oxsayl\u0131 k\u00fctl\u0259vi informasiya vasit\u0259l\u0259ri t\u0259r\u0259find\u0259n geni\u015f i\u015f\u0131qland\u0131r\u0131l\u0131b.<\/p>\n<p>\u0130taliyan\u0131n \u201cIl Messaggero\u201d, \u201cAskanews\u201d, \u201c9colonne\u201d, \u201cAgenzia Nova\u201d, \u201cRadioradicale\u201d, \u201cNotizie Yahoo\u201d, \u201cComunicazione Inform\u201d, \u201cAgvivelino\u201d, \u201cPrealpina\u201d, \u201cRete Sole\u201d v\u0259 \u201cRete7\u201d kimi k\u00fctl\u0259vi informasiya vasit\u0259l\u0259ri s\u0259f\u0259r \u00e7\u0259r\u00e7iv\u0259sind\u0259 Birinci vitse-prezident Mehriban \u018fliyevan\u0131n \u0130taliya Respublikas\u0131n\u0131n Prezidenti Sercio Mattarella v\u0259 Senat\u0131n s\u0259dri xan\u0131m Maria Elisabetta Alberti Kasellati il\u0259 ke\u00e7irdiyi g\u00f6r\u00fc\u015fl\u0259r\u0259 yer veribl\u0259r.<\/p>\n<p>Yaz\u0131larda \u0130taliya Senat\u0131n\u0131n Custiniani saray\u0131nda t\u0259\u015fkil olunmu\u015f \u201cAz\u0259rbaycan Xalq C\u00fcmhuriyy\u0259tinin yaranmas\u0131n\u0131n 100 illiyi v\u0259 Az\u0259rbaycan Respublikas\u0131 il\u0259 \u0130taliya Respublikas\u0131 aras\u0131nda strateji t\u0259r\u0259fda\u015fl\u0131q m\u00fcnasib\u0259tl\u0259ri\u201d adl\u0131 konfransda Birinci vitse-prezident Mehriban \u018fliyevan\u0131n v\u0259 Senat\u0131n s\u0259dri Maria Elisabetta Alberti Kasellatinin \u00e7\u0131x\u0131\u015flar\u0131ndak\u0131 fikirl\u0259r\u0259 istinad olunub, Az\u0259rbaycan Xalq C\u00fcmhuriyy\u0259tinin tarixi, Az\u0259rbaycan\u0131n m\u00fcst\u0259qillik ill\u0259rind\u0259 ke\u00e7diyi yol, \u0259ld\u0259 etdiyi nailiyy\u0259tl\u0259r v\u0259 Az\u0259rbaycan-\u0130taliya strateji t\u0259r\u0259fda\u015fl\u0131\u011f\u0131, Heyd\u0259r \u018fliyev Fondunun iki \u00f6lk\u0259 aras\u0131nda humanitar \u0259laq\u0259l\u0259rin inki\u015faf\u0131ndak\u0131 rolundan b\u0259hs edilib.<\/p>\n<p>H\u0259m\u00e7inin \u0130taliya K\u0130V-l\u0259ri Az\u0259rbaycan Xalq C\u00fcmhuriyy\u0259tinin yaranmas\u0131n\u0131n 100 illiyi m\u00fcnasib\u0259til\u0259 Roman\u0131n Milli M\u00fcasir v\u0259 \u00c7a\u011fda\u015f \u0130nc\u0259s\u0259n\u0259t Qalereyas\u0131nda t\u0259\u015fkil olunmu\u015f r\u0259smi ziyaf\u0259t bar\u0259d\u0259 m\u0259lumat verib. Ziyaf\u0259td\u0259 Birinci vitse-prezident Mehriban \u018fliyevan\u0131n v\u0259 \u0130taliya h\u00f6kum\u0259ti ad\u0131ndan \u00e7\u0131x\u0131\u015f etmi\u015f iqtisadiyyat v\u0259 maliyy\u0259 naziri Covanni Trian\u0131n fikirl\u0259rin\u0259 yer verilib. T\u0259dbird\u0259 Az\u0259rbaycan Xalq C\u00fcmhuriyy\u0259tin\u0259 dair s\u0259rgi v\u0259 s\u0259n\u0259dli filmin n\u00fcmayi\u015f olunmas\u0131 da qeyd edilib.<\/p>\n","protected":false},"excerpt":{"rendered":"<p>ARANTV.AZ x\u0259b\u0259r verir ki, Az\u0259rbaycan Respublikas\u0131n\u0131n Birinci vitse-prezidenti Mehriban \u018fliyevan\u0131n \u0130taliyaya r\u0259smi s\u0259f\u0259ri bu \u00f6lk\u0259nin \u00e7oxsayl\u0131 k\u00fctl\u0259vi informasiya vasit\u0259l\u0259ri t\u0259r\u0259find\u0259n geni\u015f i\u015f\u0131qland\u0131r\u0131l\u0131b. \u0130taliyan\u0131n \u201cIl Messaggero\u201d, \u201cAskanews\u201d, \u201c9colonne\u201d, \u201cAgenzia Nova\u201d, \u201cRadioradicale\u201d, \u201cNotizie Yahoo\u201d, \u201cComunicazione Inform\u201d, \u201cAgvivelino\u201d, \u201cPrealpina\u201d, \u201cRete Sole\u201d v\u0259 \u201cRete7\u201d kimi k\u00fctl\u0259vi informasiya vasit\u0259l\u0259ri s\u0259f\u0259r \u00e7\u0259r\u00e7iv\u0259sind\u0259 Birinci vitse-prezident Mehriban \u018fliyevan\u0131n \u0130taliya Respublikas\u0131n\u0131n Prezidenti Sercio Mattarella v\u0259 Senat\u0131n s\u0259dri xan\u0131m Maria Elisabetta Alberti Kasellati il\u0259 ke\u00e7irdiyi g\u00f6r\u00fc\u015fl\u0259r\u0259 yer veribl\u0259r. Yaz\u0131larda \u0130taliya Senat\u0131n\u0131n Custiniani saray\u0131nda t\u0259\u015fkil olunmu\u015f \u201cAz\u0259rbaycan Xalq C\u00fcmhuriyy\u0259tinin yaranmas\u0131n\u0131n 100 illiyi v\u0259 Az\u0259rbaycan Respublikas\u0131 il\u0259 \u0130taliya Respublikas\u0131 aras\u0131nda strateji t\u0259r\u0259fda\u015fl\u0131q&hellip;<\/p>\n","protected":false},"author":2,"featured_media":16548,"comment_status":"closed","ping_status":"closed","sticky":false,"template":"","format":"standard","meta":{"om_disable_all_campaigns":false,"_monsterinsights_skip_tracking":false,"_monsterinsights_sitenote_active":false,"_monsterinsights_sitenote_note":"","_monsterinsights_sitenote_category":0},"categories":[4],"tags":[],"aioseo_notices":[],"gutentor_comment":0,"rttpg_featured_image_url":{"full":["https:\/\/arantv.az\/wp-content\/uploads\/2018\/10\/b9m0edlckhsobmef9636aabnt2meh-00.jpg",752,473,false],"landscape":["https:\/\/arantv.az\/wp-content\/uploads\/2018\/10\/b9m0edlckhsobmef9636aabnt2meh-00.jpg",752,473,false],"portraits":["https:\/\/arantv.az\/wp-content\/uploads\/2018\/10\/b9m0edlckhsobmef9636aabnt2meh-00.jpg",752,473,false],"thumbnail":["https:\/\/arantv.az\/wp-content\/uploads\/2018\/10\/b9m0edlckhsobmef9636aabnt2meh-00-150x150.jpg",150,150,true],"medium":["https:\/\/arantv.az\/wp-content\/uploads\/2018\/10\/b9m0edlckhsobmef9636aabnt2meh-00-300x189.jpg",300,189,true],"large":["https:\/\/arantv.az\/wp-content\/uploads\/2018\/10\/b9m0edlckhsobmef9636aabnt2meh-00.jpg",640,403,false],"1536x1536":["https:\/\/arantv.az\/wp-content\/uploads\/2018\/10\/b9m0edlckhsobmef9636aabnt2meh-00.jpg",752,473,false],"2048x2048":["https:\/\/arantv.az\/wp-content\/uploads\/2018\/10\/b9m0edlckhsobmef9636aabnt2meh-00.jpg",752,473,false],"post-thumbnail":["https:\/\/arantv.az\/wp-content\/uploads\/2018\/10\/b9m0edlckhsobmef9636aabnt2meh-00-240x172.jpg",240,172,true],"advps-thumb-one":["https:\/\/arantv.az\/wp-content\/uploads\/2018\/10\/b9m0edlckhsobmef9636aabnt2meh-00.jpg",752,473,false]},"rttpg_author":{"display_name":"V\u00fcsal Rafiqo\u011flu","author_link":"https:\/\/arantv.az\/?author=2"},"rttpg_comment":0,"rttpg_category":"<a href=\"https:\/\/arantv.az\/?cat=4\" rel=\"category\">Siyas\u0259t<\/a>","rttpg_excerpt":"ARANTV.AZ x\u0259b\u0259r verir ki, Az\u0259rbaycan Respublikas\u0131n\u0131n Birinci vitse-prezidenti Mehriban \u018fliyevan\u0131n \u0130taliyaya r\u0259smi s\u0259f\u0259ri bu \u00f6lk\u0259nin \u00e7oxsayl\u0131 k\u00fctl\u0259vi informasiya vasit\u0259l\u0259ri t\u0259r\u0259find\u0259n geni\u015f i\u015f\u0131qland\u0131r\u0131l\u0131b. \u0130taliyan\u0131n \u201cIl Messaggero\u201d, \u201cAskanews\u201d, \u201c9colonne\u201d, \u201cAgenzia Nova\u201d, \u201cRadioradicale\u201d, \u201cNotizie Yahoo\u201d, \u201cComunicazione Inform\u201d, \u201cAgvivelino\u201d, \u201cPrealpina\u201d, \u201cRete Sole\u201d v\u0259 \u201cRete7\u201d kimi k\u00fctl\u0259vi informasiya vasit\u0259l\u0259ri s\u0259f\u0259r \u00e7\u0259r\u00e7iv\u0259sind\u0259 Birinci vitse-prezident Mehriban \u018fliyevan\u0131n \u0130taliya Respublikas\u0131n\u0131n Prezidenti Sercio Mattarella&hellip;","_links":{"self":[{"href":"https:\/\/arantv.az\/index.php?rest_route=\/wp\/v2\/posts\/16547"}],"collection":[{"href":"https:\/\/arantv.az\/index.php?rest_route=\/wp\/v2\/posts"}],"about":[{"href":"https:\/\/arantv.az\/index.php?rest_route=\/wp\/v2\/types\/post"}],"author":[{"embeddable":true,"href":"https:\/\/arantv.az\/index.php?rest_route=\/wp\/v2\/users\/2"}],"replies":[{"embeddable":true,"href":"https:\/\/arantv.az\/index.php?rest_route=%2Fwp%2Fv2%2Fcomments&post=16547"}],"version-history":[{"count":0,"href":"https:\/\/arantv.az\/index.php?rest_route=\/wp\/v2\/posts\/16547\/revisions"}],"wp:featuredmedia":[{"embeddable":true,"href":"https:\/\/arantv.az\/index.php?rest_route=\/wp\/v2\/media\/16548"}],"wp:attachment":[{"href":"https:\/\/arantv.az\/index.php?rest_route=%2Fwp%2Fv2%2Fmedia&parent=16547"}],"wp:term":[{"taxonomy":"category","embeddable":true,"href":"https:\/\/arantv.az\/index.php?rest_route=%2Fwp%2Fv2%2Fcategories&post=16547"},{"taxonomy":"post_tag","embeddable":true,"href":"https:\/\/arantv.az\/index.php?rest_route=%2Fwp%2Fv2%2Ftags&post=16547"}],"curies":[{"name":"wp","href":"https:\/\/api.w.org\/{rel}","templated":true}]}}