{"id":166411,"date":"2020-05-16T14:28:30","date_gmt":"2020-05-16T11:28:30","guid":{"rendered":"http:\/\/arantv.az\/?p=166411"},"modified":"2020-05-16T14:28:30","modified_gmt":"2020-05-16T11:28:30","slug":"baki-kuc%c9%99l%c9%99ri-bel%c9%99-yuyuldu-fotolar","status":"publish","type":"post","link":"https:\/\/arantv.az\/?p=166411","title":{"rendered":"Bak\u0131 k\u00fc\u00e7\u0259l\u0259ri bel\u0259 yuyuldu &#8211; FOTOLAR"},"content":{"rendered":"<div class=\"row\">\n<div class=\"post single\">\n<div class=\"post_content page_margin_top_section clearfix\">\n<div class=\"content_box\">\n<div class=\"text\">\n<p><strong>Prezident \u0130lham \u018fliyev v\u0259 Birinci vitse-prezident Mehriban xan\u0131m \u018fliyevan\u0131n tap\u015f\u0131r\u0131q v\u0259 g\u00f6st\u0259ri\u015fl\u0259rin\u0259 uy\u011fun olaraq Bak\u0131 \u015e\u0259h\u0259r \u0130cra Hakimiyy\u0259ti t\u0259r\u0259find\u0259n paytaxtda koronovirus (COVID-19) pandemiyas\u0131na qar\u015f\u0131 m\u00fcbariz\u0259nin daha da geni\u015fl\u0259ndirilm\u0259si m\u0259qs\u0259di il\u0259 \u015f\u0259h\u0259rin b\u00fct\u00fcn rayonlar\u0131nda h\u0259yata ke\u00e7irdiyi t\u0259dbirl\u0259r davam edir.<\/strong><\/p>\n<p><strong>ARANTV.AZ\u00a0<\/strong> x\u0259b\u0259r verir ki, t\u0259dbirl\u0259r \u00e7\u0259r\u00e7iv\u0259sind\u0259 Bak\u0131 \u015e\u0259h\u0259r \u0130cra Hakimiyy\u0259tinin strukturlar\u0131 t\u0259r\u0259find\u0259n may\u0131n 16-da s\u0259h\u0259r saatlar\u0131ndan ba\u015flayaraq paytaxtdak\u0131 300-d\u0259n \u00e7ox \u0259sas k\u00fc\u00e7\u0259 v\u0259 prospektl\u0259rd\u0259 kommunal t\u0259s\u0259rr\u00fcfat xidm\u0259tl\u0259rinin 40 \u0259d\u0259d x\u00fcsusi texnikas\u0131 v\u0259 \u0259m\u0259kda\u015flar\u0131 t\u0259r\u0259find\u0259n x\u00fcsusi kimy\u0259vi madd\u0259l\u0259rl\u0259 son bir ay \u0259rzind\u0259 art\u0131q 3-c\u00fc d\u0259f\u0259 \u0259lav\u0259 g\u00fccl\u0259ndirilmi\u015f dezindeksiya i\u015fl\u0259ri h\u0259yata ke\u00e7irilib.<\/p>\n<p>M\u0259rk\u0259zi k\u00fc\u00e7\u0259l\u0259rl\u0259 yana\u015f\u0131 paytaxt\u0131n q\u0259s\u0259b\u0259 v\u0259 ya\u015fay\u0131\u015f massivl\u0259rind\u0259ki k\u00fc\u015f\u0259l\u0259rd\u0259 d\u0259 dezinfeksiya i\u015fl\u0259ri apar\u0131l\u0131b. Bu zaman istifad\u0259 edil\u0259n madd\u0259l\u0259rin q\u0259bul olunmu\u015f m\u00fc\u0259yy\u0259n toksikliyini n\u0259z\u0259r\u0259 alaraq paytaxt sakinl\u0259ri ciddi z\u0259rur\u0259t yaranmad\u0131\u011f\u0131 t\u0259qdird\u0259 h\u0259min g\u00fcn k\u00fc\u00e7\u0259y\u0259 \u00e7\u0131xmamalar\u0131 bar\u0259d\u0259 bir g\u00fcn \u0259vv\u0259l K\u0130V-l\u0259r vasit\u0259si il\u0259 x\u0259b\u0259rdarl\u0131q edilibl\u0259r.<\/p>\n<p>Daxili \u0130\u015fl\u0259r Nazirliyinin \u015f\u0259xsi hey\u0259ti ke\u00e7iril\u0259n n\u00f6vb\u0259ti geni\u015fmiqyasl\u0131 dezinfeksiya i\u015fl\u0259rin\u0259 \u0259n\u0259n\u0259vi olaraq d\u0259st\u0259k vermi\u015f, nazirliyin 20 \u0259d\u0259d x\u00fcsusi t\u0259yinatl\u0131 avton\u0259qliyyat vasit\u0259l\u0259ri dezinfeksiya t\u0259dbirl\u0259rind\u0259 f\u0259al i\u015ftirak etmi\u015fl\u0259r.<\/p>\n<p>G\u00fcn \u0259rzind\u0259 paytaxt\u0131n kommunal xidm\u0259tl\u0259rinin 2000 n\u0259f\u0259rd\u0259n \u00e7ox \u0259m\u0259kda\u015f\u0131 t\u0259r\u0259find\u0259n dezinfeksiyaedici aparatlarla s\u0259kil\u0259rd\u0259, yol k\u0259narlar\u0131nda, park v\u0259 meydanlarda, obyektl\u0259rin qar\u015f\u0131s\u0131nda, yol k\u0259nar\u0131 m\u0259h\u0259cc\u0259rl\u0259rd\u0259 d\u0259 tibbi-profilaktiki i\u015fl\u0259r g\u00f6rm\u00fc\u015fl\u0259r.<\/p>\n<p>Eyni zamanda Bak\u0131 \u015f\u0259h\u0259r v\u0259 el\u0259c\u0259 d\u0259 paytaxt rayonlar\u0131 \u0130cra Hakimiyy\u0259tl\u0259rinin \u0259m\u0259kda\u015flar\u0131, rayonlarda yarad\u0131lan Operativ Q\u0259rargahlar\u0131n \u00fczvl\u0259ri, k\u00f6n\u00fcll\u00fcl\u0259r paytaxt\u0131n b\u00fct\u00fcn rayonlar\u0131nda sakinl\u0259rin daha \u00e7ox topland\u0131\u011f\u0131 k\u00fc\u00e7\u0259 v\u0259 prospektl\u0259rd\u0259 maarifl\u0259ndirici reydl\u0259r ke\u00e7ir\u0259r\u0259k v\u0259t\u0259nda\u015flara tibbi maskalar paylam\u0131\u015f, x\u0259st\u0259liy\u0259 yoluxmamaq \u00fc\u00e7\u00fcn laz\u0131m\u0131 t\u0259dbirl\u0259rin g\u00f6r\u00fclm\u0259si yollar\u0131 izah edilmi\u015fdir.<\/p>\n<p>Bununla yana\u015f\u0131 M\u0259nzil-Kommunal T\u0259s\u0259rr\u00fcfat\u0131 Departamentinin balans\u0131nda olan ya\u015fay\u0131\u015f binalar\u0131nda, h\u0259y\u0259t v\u0259 ya\u015fay\u0131\u015f m\u0259h\u0259ll\u0259l\u0259rind\u0259, buradak\u0131 idman-\u0259yl\u0259nc\u0259 qur\u011fular\u0131nda, m\u0259i\u015f\u0259t tullant\u0131lar\u0131n\u0131n at\u0131ld\u0131\u011f\u0131 konteyner meydan\u00e7alar\u0131nda da tibbi-profilaktik v\u0259 dezinfeksiyaedici t\u0259dbirl\u0259r g\u00f6r\u00fcl\u00fcr.<\/p>\n<p>Qeyd edilm\u0259lidir ki, \u00f6lk\u0259 ba\u015f\u00e7\u0131s\u0131n\u0131n diqq\u0259t v\u0259 qay\u011f\u0131s\u0131 n\u0259tic\u0259sind\u0259 Bak\u0131 \u015e\u0259h\u0259r \u0130cra Hakimiyy\u0259tinin strukturlar\u0131 yeni x\u00fcsusi t\u0259yinatl\u0131 avton\u0259qliyyat v\u0259 dig\u0259r texnika il\u0259 t\u0259min olunub v\u0259 yax\u0131n vaxtlarda n\u00f6vb\u0259ti ma\u015f\u0131n v\u0259 texnika Bak\u0131ya g\u0259tiril\u0259c\u0259kdir.<\/p>\n<p>Paytaxtda tibbi-profilaktik v\u0259 dezinfeksiya i\u015fl\u0259ri g\u00fcnd\u0259lik olaraq g\u00fccl\u0259ndirilmi\u015f qaydada davam etdiril\u0259c\u0259kdir.<\/p>\n<\/div>\n<\/div>\n<\/div>\n<div class=\"social_like\">\n<div>\n<div class=\"fb-like fb_iframe_widget\" data-href=\"\" data-layout=\"button_count\" data-action=\"recommend\" data-size=\"small\" data-show-faces=\"false\" data-share=\"false\"><\/div>\n<\/div>\n<div><\/div>\n<\/div>\n<\/div>\n<\/div>\n<div class=\"row page_margin_top\">\n<div id=\"news_media_gallery\" class=\"eagle-gallery img600 in as1\">\n<div class=\"eagle-medium-wrap\">\n<div class=\"scale-ico\"><\/div>\n<p><a class=\"eagle-view-medium-img\"><img src=\"https:\/\/publika.az\/storage\/2020\/05\/16\/dsc_0100.jpg\" alt=\"\" \/><\/a><\/div>\n<div class=\"owl-carousel mini-slider\">\n<div class=\"owl-wrapper-outer\">\n<div class=\"owl-wrapper\">\n<div class=\"owl-item\"><img src=\"https:\/\/publika.az\/storage\/2020\/05\/16\/250x250f\/dsc_9951.jpg\" alt=\"\" data-medium-img=\"https:\/\/publika.az\/storage\/2020\/05\/16\/dsc_9951.jpg\" data-big-img=\"https:\/\/publika.az\/storage\/2020\/05\/16\/dsc_9951.jpg\" data-title=\"\" \/><\/div>\n<div class=\"owl-item active\"><img src=\"https:\/\/publika.az\/storage\/2020\/05\/16\/250x250f\/dsc_0100.jpg\" alt=\"\" data-medium-img=\"https:\/\/publika.az\/storage\/2020\/05\/16\/dsc_0100.jpg\" data-big-img=\"https:\/\/publika.az\/storage\/2020\/05\/16\/dsc_0100.jpg\" data-title=\"\" \/><\/div>\n<div class=\"owl-item\"><img src=\"https:\/\/publika.az\/storage\/2020\/05\/16\/250x250f\/dsc_0097.jpg\" alt=\"\" data-medium-img=\"https:\/\/publika.az\/storage\/2020\/05\/16\/dsc_0097.jpg\" data-big-img=\"https:\/\/publika.az\/storage\/2020\/05\/16\/dsc_0097.jpg\" data-title=\"\" \/><\/div>\n<div class=\"owl-item\"><img src=\"https:\/\/publika.az\/storage\/2020\/05\/16\/250x250f\/dsc_0093.jpg\" alt=\"\" data-medium-img=\"https:\/\/publika.az\/storage\/2020\/05\/16\/dsc_0093.jpg\" data-big-img=\"https:\/\/publika.az\/storage\/2020\/05\/16\/dsc_0093.jpg\" data-title=\"\" \/><\/div>\n<div class=\"owl-item\"><img src=\"https:\/\/publika.az\/storage\/2020\/05\/16\/250x250f\/dsc_0084.jpg\" alt=\"\" data-medium-img=\"https:\/\/publika.az\/storage\/2020\/05\/16\/dsc_0084.jpg\" data-big-img=\"https:\/\/publika.az\/storage\/2020\/05\/16\/dsc_0084.jpg\" data-title=\"\" \/><\/div>\n<\/div>\n<div>Publika.az<\/div>\n<\/div>\n<\/div>\n<\/div>\n<\/div>\n","protected":false},"excerpt":{"rendered":"<p>Prezident \u0130lham \u018fliyev v\u0259 Birinci vitse-prezident Mehriban xan\u0131m \u018fliyevan\u0131n tap\u015f\u0131r\u0131q v\u0259 g\u00f6st\u0259ri\u015fl\u0259rin\u0259 uy\u011fun olaraq Bak\u0131 \u015e\u0259h\u0259r \u0130cra Hakimiyy\u0259ti t\u0259r\u0259find\u0259n paytaxtda koronovirus (COVID-19) pandemiyas\u0131na qar\u015f\u0131 m\u00fcbariz\u0259nin daha da geni\u015fl\u0259ndirilm\u0259si m\u0259qs\u0259di il\u0259 \u015f\u0259h\u0259rin b\u00fct\u00fcn rayonlar\u0131nda h\u0259yata ke\u00e7irdiyi t\u0259dbirl\u0259r davam edir. ARANTV.AZ\u00a0 x\u0259b\u0259r verir ki, t\u0259dbirl\u0259r \u00e7\u0259r\u00e7iv\u0259sind\u0259 Bak\u0131 \u015e\u0259h\u0259r \u0130cra Hakimiyy\u0259tinin strukturlar\u0131 t\u0259r\u0259find\u0259n may\u0131n 16-da s\u0259h\u0259r saatlar\u0131ndan ba\u015flayaraq paytaxtdak\u0131 300-d\u0259n \u00e7ox \u0259sas k\u00fc\u00e7\u0259 v\u0259 prospektl\u0259rd\u0259 kommunal t\u0259s\u0259rr\u00fcfat xidm\u0259tl\u0259rinin 40 \u0259d\u0259d x\u00fcsusi texnikas\u0131 v\u0259 \u0259m\u0259kda\u015flar\u0131 t\u0259r\u0259find\u0259n x\u00fcsusi kimy\u0259vi madd\u0259l\u0259rl\u0259 son bir ay \u0259rzind\u0259 art\u0131q 3-c\u00fc d\u0259f\u0259 \u0259lav\u0259 g\u00fccl\u0259ndirilmi\u015f dezindeksiya i\u015fl\u0259ri h\u0259yata ke\u00e7irilib. M\u0259rk\u0259zi k\u00fc\u00e7\u0259l\u0259rl\u0259&hellip;<\/p>\n","protected":false},"author":2,"featured_media":166412,"comment_status":"closed","ping_status":"closed","sticky":false,"template":"","format":"standard","meta":{"om_disable_all_campaigns":false,"_monsterinsights_skip_tracking":false,"_monsterinsights_sitenote_active":false,"_monsterinsights_sitenote_note":"","_monsterinsights_sitenote_category":0},"categories":[26],"tags":[],"aioseo_notices":[],"gutentor_comment":0,"rttpg_featured_image_url":{"full":["https:\/\/arantv.az\/wp-content\/uploads\/2020\/05\/dsc_0022.jpg",800,450,false],"landscape":["https:\/\/arantv.az\/wp-content\/uploads\/2020\/05\/dsc_0022.jpg",800,450,false],"portraits":["https:\/\/arantv.az\/wp-content\/uploads\/2020\/05\/dsc_0022.jpg",800,450,false],"thumbnail":["https:\/\/arantv.az\/wp-content\/uploads\/2020\/05\/dsc_0022-150x150.jpg",150,150,true],"medium":["https:\/\/arantv.az\/wp-content\/uploads\/2020\/05\/dsc_0022-300x169.jpg",300,169,true],"large":["https:\/\/arantv.az\/wp-content\/uploads\/2020\/05\/dsc_0022.jpg",640,360,false],"1536x1536":["https:\/\/arantv.az\/wp-content\/uploads\/2020\/05\/dsc_0022.jpg",800,450,false],"2048x2048":["https:\/\/arantv.az\/wp-content\/uploads\/2020\/05\/dsc_0022.jpg",800,450,false],"post-thumbnail":["https:\/\/arantv.az\/wp-content\/uploads\/2020\/05\/dsc_0022-240x172.jpg",240,172,true],"advps-thumb-one":["https:\/\/arantv.az\/wp-content\/uploads\/2020\/05\/dsc_0022.jpg",800,450,false]},"rttpg_author":{"display_name":"V\u00fcsal Rafiqo\u011flu","author_link":"https:\/\/arantv.az\/?author=2"},"rttpg_comment":0,"rttpg_category":"<a href=\"https:\/\/arantv.az\/?cat=26\" rel=\"category\">Sosial<\/a>","rttpg_excerpt":"Prezident \u0130lham \u018fliyev v\u0259 Birinci vitse-prezident Mehriban xan\u0131m \u018fliyevan\u0131n tap\u015f\u0131r\u0131q v\u0259 g\u00f6st\u0259ri\u015fl\u0259rin\u0259 uy\u011fun olaraq Bak\u0131 \u015e\u0259h\u0259r \u0130cra Hakimiyy\u0259ti t\u0259r\u0259find\u0259n paytaxtda koronovirus (COVID-19) pandemiyas\u0131na qar\u015f\u0131 m\u00fcbariz\u0259nin daha da geni\u015fl\u0259ndirilm\u0259si m\u0259qs\u0259di il\u0259 \u015f\u0259h\u0259rin b\u00fct\u00fcn rayonlar\u0131nda h\u0259yata ke\u00e7irdiyi t\u0259dbirl\u0259r davam edir. ARANTV.AZ\u00a0 x\u0259b\u0259r verir ki, t\u0259dbirl\u0259r \u00e7\u0259r\u00e7iv\u0259sind\u0259 Bak\u0131 \u015e\u0259h\u0259r \u0130cra Hakimiyy\u0259tinin strukturlar\u0131 t\u0259r\u0259find\u0259n may\u0131n 16-da s\u0259h\u0259r saatlar\u0131ndan ba\u015flayaraq&hellip;","_links":{"self":[{"href":"https:\/\/arantv.az\/index.php?rest_route=\/wp\/v2\/posts\/166411"}],"collection":[{"href":"https:\/\/arantv.az\/index.php?rest_route=\/wp\/v2\/posts"}],"about":[{"href":"https:\/\/arantv.az\/index.php?rest_route=\/wp\/v2\/types\/post"}],"author":[{"embeddable":true,"href":"https:\/\/arantv.az\/index.php?rest_route=\/wp\/v2\/users\/2"}],"replies":[{"embeddable":true,"href":"https:\/\/arantv.az\/index.php?rest_route=%2Fwp%2Fv2%2Fcomments&post=166411"}],"version-history":[{"count":0,"href":"https:\/\/arantv.az\/index.php?rest_route=\/wp\/v2\/posts\/166411\/revisions"}],"wp:featuredmedia":[{"embeddable":true,"href":"https:\/\/arantv.az\/index.php?rest_route=\/wp\/v2\/media\/166412"}],"wp:attachment":[{"href":"https:\/\/arantv.az\/index.php?rest_route=%2Fwp%2Fv2%2Fmedia&parent=166411"}],"wp:term":[{"taxonomy":"category","embeddable":true,"href":"https:\/\/arantv.az\/index.php?rest_route=%2Fwp%2Fv2%2Fcategories&post=166411"},{"taxonomy":"post_tag","embeddable":true,"href":"https:\/\/arantv.az\/index.php?rest_route=%2Fwp%2Fv2%2Ftags&post=166411"}],"curies":[{"name":"wp","href":"https:\/\/api.w.org\/{rel}","templated":true}]}}