{"id":166427,"date":"2020-05-16T14:41:02","date_gmt":"2020-05-16T11:41:02","guid":{"rendered":"http:\/\/arantv.az\/?p=166427"},"modified":"2020-05-16T14:41:02","modified_gmt":"2020-05-16T11:41:02","slug":"lacin-g%c9%99misi-az%c9%99rbaycan-bayragi-altinda-xarici-sularda-uz%c9%99c%c9%99k-foto","status":"publish","type":"post","link":"https:\/\/arantv.az\/?p=166427","title":{"rendered":"\u201cLa\u00e7\u0131n\u201d g\u0259misi Az\u0259rbaycan bayra\u011f\u0131 alt\u0131nda xarici sularda \u00fcz\u0259c\u0259k &#8211; FOTO"},"content":{"rendered":"<p>Prezident \u0130lham \u018fliyevin tap\u015f\u0131r\u0131\u011f\u0131na \u0259sas\u0259n, \u201cAz\u0259rbaycan X\u0259z\u0259r D\u0259niz G\u0259mi\u00e7iliyi\u201d QSC-nin (ASCO) X\u0259z\u0259rd\u0259 apar\u0131c\u0131 m\u00f6vqeyinin qorunub saxlan\u0131lmas\u0131 il\u0259 yana\u015f\u0131, bir bazardan as\u0131l\u0131l\u0131\u011f\u0131n\u0131n aradan qald\u0131r\u0131lmas\u0131 \u00fc\u00e7\u00fcn xarici sularda f\u0259aliyy\u0259ti d\u0259 daim diqq\u0259t m\u0259rk\u0259zind\u0259 saxlan\u0131l\u0131r.<\/p>\n<p>Bu bar\u0259d\u0259 ASCO-nun a\u00e7\u0131qlamas\u0131nda bildirilir.<\/p>\n<p>M\u0259lumatda deyilir ki, bu istiqam\u0259td\u0259 daha bir add\u0131m at\u0131l\u0131b. \u00d6t\u0259n ilin dekabr\u0131nda Prezident \u0130lham \u018fliyevin i\u015ftirak\u0131 il\u0259 istismara veril\u0259n v\u0259 ilk milli istehsal\u0131m\u0131z olan tanker tipli \u201cLa\u00e7\u0131n\u201d g\u0259misinin Az\u0259rbaycan bayra\u011f\u0131 alt\u0131nda xarici sularda f\u0259aliyy\u0259t g\u00f6st\u0259rm\u0259sin\u0259 q\u0259rar verilib.<\/p>\n<div id=\"AdviadNativeVideo0\" class=\"AdviadNativeVideo\"><\/div>\n<p>Art\u0131q dizel yanaca\u011f\u0131 il\u0259 y\u00fckl\u0259nmi\u015f \u201cLa\u00e7\u0131n\u201d tankeri ilk s\u0259f\u0259rin\u0259 haz\u0131rd\u0131r. G\u0259mi Bak\u0131 liman\u0131ndan \u00fcz\u00fc G\u00fcrc\u00fcstan\u0131n Kulevi liman\u0131 istiqam\u0259tind\u0259 s\u0259f\u0259r\u0259 yollanacaq. Volqa-Don kanal\u0131 il\u0259 Rusiyan\u0131n daxili sular\u0131ndan ke\u00e7\u0259r\u0259k Kulevid\u0259 d\u0259 \u0259lav\u0259 y\u00fckl\u0259nm\u0259 olduqdan sonra T\u00fcrkiy\u0259y\u0259 do\u011fru istiqam\u0259t alacaq. \u201cLa\u00e7\u0131n\u201d\u0131n apard\u0131\u011f\u0131 y\u00fck\u00fcn T\u00fcrkiy\u0259nin Gebze liman\u0131na \u00e7atd\u0131r\u0131lmas\u0131 planla\u015fd\u0131r\u0131l\u0131r.<\/p>\n<p>Daimi hey\u0259ti 11 n\u0259f\u0259rd\u0259n ibar\u0259t g\u0259mi bundan sonra Qara v\u0259 Aral\u0131q d\u0259nizl\u0259ri h\u00f6vz\u0259l\u0259rind\u0259 maye y\u00fckda\u015f\u0131malar h\u0259yata ke\u00e7ir\u0259c\u0259k. Uzunlu\u011fu 141, eni 16,9 metr olan yeni n\u0259sil \u201cLa\u00e7\u0131n\u201d tankeri t\u0259kc\u0259 Az\u0259rbaycan\u0131n beyn\u0259lxalq y\u00fckda\u015f\u0131malarda m\u00f6vqeyinin m\u00f6hk\u0259ml\u0259nm\u0259sind\u0259 deyil, xarici sularda \u00f6lk\u0259mizin t\u0259msil v\u0259 t\u0259bli\u011find\u0259 d\u0259 m\u00fch\u00fcm rol oynayacaq.<\/p>\n<p>Xat\u0131rladaq ki, ASCO-nun X\u0259z\u0259rd\u0259nk\u0259nar beyn\u0259lxalq sularda f\u0259aliyy\u0259ti uzun fasil\u0259d\u0259n sonra Prezident \u0130lham \u018fliyevin tap\u015f\u0131r\u0131\u011f\u0131 il\u0259 2014-c\u00fc ild\u0259 \u201c\u00dczeyir Hac\u0131b\u0259yli\u201d v\u0259 \u201cNat\u0259van\u201d g\u0259mil\u0259rinin al\u0131nmas\u0131 il\u0259 b\u0259rpa olunub. \u201cLa\u00e7\u0131n\u201d g\u0259misinin istismar\u0131na ba\u015flanmas\u0131 il\u0259 G\u0259mi\u00e7iliyin X\u0259z\u0259rd\u0259n k\u0259narda \u00fcz\u0259n g\u0259mil\u0259rinin say\u0131 15-\u0259 \u00e7at\u0131b. Onlardan 12-i quru y\u00fck, \u00fc\u00e7\u00fc tankerdir.<\/p>\n<div class=\"gallery\">\n<div class=\"gallery-i\"><img src=\"https:\/\/cdn.oxu.az\/uploads\/W1siZiIsIjIwMjAvMDUvMTYvMTUvMTIvMTIvYzg5ZGQ1YjAtZWM5NS00MWU5LWIyMjEtZGFkZmQ1YmFmOTgzLzEuanBnIl0sWyJwIiwiZW5jb2RlIiwianBnIiwiLXF1YWxpdHkgODAiXSxbInAiLCJ0aHVtYiIsIjU5MHg1OTBcdTAwM2UiXV0?sha=425d6498a0154d0c\" alt=\"\" \/><\/p>\n<div class=\"gallery-i-caption\"><\/div>\n<\/div>\n<div class=\"gallery-i\"><img src=\"https:\/\/cdn.oxu.az\/uploads\/W1siZiIsIjIwMjAvMDUvMTYvMTUvMTIvMTIvMGVjNzcyNDctNGZhMS00N2EzLWJmOWQtNDI1NzhkODhmOWRjLzIuanBnIl0sWyJwIiwiZW5jb2RlIiwianBnIiwiLXF1YWxpdHkgODAiXSxbInAiLCJ0aHVtYiIsIjU5MHg1OTBcdTAwM2UiXV0?sha=d58de2c4ae3d8f5f\" alt=\"\" \/><\/p>\n<div class=\"gallery-i-caption\"><\/div>\n<\/div>\n<div class=\"gallery-i\"><img src=\"https:\/\/cdn.oxu.az\/uploads\/W1siZiIsIjIwMjAvMDUvMTYvMTUvMTIvMTIvMDVhOWI2N2YtYzJjOC00YzA3LThiZjYtZDA1OGEzNzVmMDMwLzMuanBnIl0sWyJwIiwiZW5jb2RlIiwianBnIiwiLXF1YWxpdHkgODAiXSxbInAiLCJ0aHVtYiIsIjU5MHg1OTBcdTAwM2UiXV0?sha=9b78fcf19bdaa87e\" alt=\"\" \/><\/p>\n<div class=\"gallery-i-caption\"><\/div>\n<\/div>\n<div class=\"gallery-i\"><img src=\"https:\/\/cdn.oxu.az\/uploads\/W1siZiIsIjIwMjAvMDUvMTYvMTUvMTIvMTIvNTQ1YWMzMGMtZWYyNy00MTg4LTk1YzAtYjUxNzQ2NTRhY2I4LzUuanBnIl0sWyJwIiwiZW5jb2RlIiwianBnIiwiLXF1YWxpdHkgODAiXSxbInAiLCJ0aHVtYiIsIjU5MHg1OTBcdTAwM2UiXV0?sha=b59667e99f2994c0\" alt=\"\" \/><\/div>\n<\/div>\n","protected":false},"excerpt":{"rendered":"<p>Prezident \u0130lham \u018fliyevin tap\u015f\u0131r\u0131\u011f\u0131na \u0259sas\u0259n, \u201cAz\u0259rbaycan X\u0259z\u0259r D\u0259niz G\u0259mi\u00e7iliyi\u201d QSC-nin (ASCO) X\u0259z\u0259rd\u0259 apar\u0131c\u0131 m\u00f6vqeyinin qorunub saxlan\u0131lmas\u0131 il\u0259 yana\u015f\u0131, bir bazardan as\u0131l\u0131l\u0131\u011f\u0131n\u0131n aradan qald\u0131r\u0131lmas\u0131 \u00fc\u00e7\u00fcn xarici sularda f\u0259aliyy\u0259ti d\u0259 daim diqq\u0259t m\u0259rk\u0259zind\u0259 saxlan\u0131l\u0131r. Bu bar\u0259d\u0259 ASCO-nun a\u00e7\u0131qlamas\u0131nda bildirilir. M\u0259lumatda deyilir ki, bu istiqam\u0259td\u0259 daha bir add\u0131m at\u0131l\u0131b. \u00d6t\u0259n ilin dekabr\u0131nda Prezident \u0130lham \u018fliyevin i\u015ftirak\u0131 il\u0259 istismara veril\u0259n v\u0259 ilk milli istehsal\u0131m\u0131z olan tanker tipli \u201cLa\u00e7\u0131n\u201d g\u0259misinin Az\u0259rbaycan bayra\u011f\u0131 alt\u0131nda xarici sularda f\u0259aliyy\u0259t g\u00f6st\u0259rm\u0259sin\u0259 q\u0259rar verilib. Art\u0131q dizel yanaca\u011f\u0131 il\u0259 y\u00fckl\u0259nmi\u015f \u201cLa\u00e7\u0131n\u201d tankeri ilk s\u0259f\u0259rin\u0259 haz\u0131rd\u0131r. G\u0259mi Bak\u0131 liman\u0131ndan \u00fcz\u00fc G\u00fcrc\u00fcstan\u0131n Kulevi&hellip;<\/p>\n","protected":false},"author":2,"featured_media":166428,"comment_status":"closed","ping_status":"closed","sticky":false,"template":"","format":"standard","meta":{"om_disable_all_campaigns":false,"_monsterinsights_skip_tracking":false,"_monsterinsights_sitenote_active":false,"_monsterinsights_sitenote_note":"","_monsterinsights_sitenote_category":0},"categories":[19],"tags":[],"aioseo_notices":[],"gutentor_comment":0,"rttpg_featured_image_url":{"full":["https:\/\/arantv.az\/wp-content\/uploads\/2020\/05\/4-2.jpg",620,413,false],"landscape":["https:\/\/arantv.az\/wp-content\/uploads\/2020\/05\/4-2.jpg",620,413,false],"portraits":["https:\/\/arantv.az\/wp-content\/uploads\/2020\/05\/4-2.jpg",620,413,false],"thumbnail":["https:\/\/arantv.az\/wp-content\/uploads\/2020\/05\/4-2-150x150.jpg",150,150,true],"medium":["https:\/\/arantv.az\/wp-content\/uploads\/2020\/05\/4-2-300x200.jpg",300,200,true],"large":["https:\/\/arantv.az\/wp-content\/uploads\/2020\/05\/4-2.jpg",620,413,false],"1536x1536":["https:\/\/arantv.az\/wp-content\/uploads\/2020\/05\/4-2.jpg",620,413,false],"2048x2048":["https:\/\/arantv.az\/wp-content\/uploads\/2020\/05\/4-2.jpg",620,413,false],"post-thumbnail":["https:\/\/arantv.az\/wp-content\/uploads\/2020\/05\/4-2-240x172.jpg",240,172,true],"advps-thumb-one":["https:\/\/arantv.az\/wp-content\/uploads\/2020\/05\/4-2.jpg",620,413,false]},"rttpg_author":{"display_name":"V\u00fcsal Rafiqo\u011flu","author_link":"https:\/\/arantv.az\/?author=2"},"rttpg_comment":0,"rttpg_category":"<a href=\"https:\/\/arantv.az\/?cat=19\" rel=\"category\">G\u00fcnd\u0259m<\/a>","rttpg_excerpt":"Prezident \u0130lham \u018fliyevin tap\u015f\u0131r\u0131\u011f\u0131na \u0259sas\u0259n, \u201cAz\u0259rbaycan X\u0259z\u0259r D\u0259niz G\u0259mi\u00e7iliyi\u201d QSC-nin (ASCO) X\u0259z\u0259rd\u0259 apar\u0131c\u0131 m\u00f6vqeyinin qorunub saxlan\u0131lmas\u0131 il\u0259 yana\u015f\u0131, bir bazardan as\u0131l\u0131l\u0131\u011f\u0131n\u0131n aradan qald\u0131r\u0131lmas\u0131 \u00fc\u00e7\u00fcn xarici sularda f\u0259aliyy\u0259ti d\u0259 daim diqq\u0259t m\u0259rk\u0259zind\u0259 saxlan\u0131l\u0131r. Bu bar\u0259d\u0259 ASCO-nun a\u00e7\u0131qlamas\u0131nda bildirilir. M\u0259lumatda deyilir ki, bu istiqam\u0259td\u0259 daha bir add\u0131m at\u0131l\u0131b. \u00d6t\u0259n ilin dekabr\u0131nda Prezident \u0130lham \u018fliyevin i\u015ftirak\u0131 il\u0259 istismara&hellip;","_links":{"self":[{"href":"https:\/\/arantv.az\/index.php?rest_route=\/wp\/v2\/posts\/166427"}],"collection":[{"href":"https:\/\/arantv.az\/index.php?rest_route=\/wp\/v2\/posts"}],"about":[{"href":"https:\/\/arantv.az\/index.php?rest_route=\/wp\/v2\/types\/post"}],"author":[{"embeddable":true,"href":"https:\/\/arantv.az\/index.php?rest_route=\/wp\/v2\/users\/2"}],"replies":[{"embeddable":true,"href":"https:\/\/arantv.az\/index.php?rest_route=%2Fwp%2Fv2%2Fcomments&post=166427"}],"version-history":[{"count":0,"href":"https:\/\/arantv.az\/index.php?rest_route=\/wp\/v2\/posts\/166427\/revisions"}],"wp:featuredmedia":[{"embeddable":true,"href":"https:\/\/arantv.az\/index.php?rest_route=\/wp\/v2\/media\/166428"}],"wp:attachment":[{"href":"https:\/\/arantv.az\/index.php?rest_route=%2Fwp%2Fv2%2Fmedia&parent=166427"}],"wp:term":[{"taxonomy":"category","embeddable":true,"href":"https:\/\/arantv.az\/index.php?rest_route=%2Fwp%2Fv2%2Fcategories&post=166427"},{"taxonomy":"post_tag","embeddable":true,"href":"https:\/\/arantv.az\/index.php?rest_route=%2Fwp%2Fv2%2Ftags&post=166427"}],"curies":[{"name":"wp","href":"https:\/\/api.w.org\/{rel}","templated":true}]}}