{"id":166515,"date":"2020-05-16T19:21:05","date_gmt":"2020-05-16T16:21:05","guid":{"rendered":"http:\/\/arantv.az\/?p=166515"},"modified":"2020-05-16T19:21:05","modified_gmt":"2020-05-16T16:21:05","slug":"mikayil-cabbarov-bu-s%c9%99xsl%c9%99ri-kollektiv%c9%99-t%c9%99qdim-edib","status":"publish","type":"post","link":"https:\/\/arantv.az\/?p=166515","title":{"rendered":"Mikay\u0131l Cabbarov bu \u015f\u0259xsl\u0259ri kollektiv\u0259 t\u0259qdim edib"},"content":{"rendered":"<p>\u0130qtisadiyyat naziri Mikay\u0131l Cabbarov Prezident \u0130lham \u018fliyevin f\u0259rman\u0131 il\u0259 r\u0259hb\u0259rlik etdiyi qurumun d\u00f6vl\u0259t xidm\u0259tl\u0259rin\u0259 yeni t\u0259yin edilmi\u015f r\u0259hb\u0259r kadrlar\u0131\u00a0kollektiv\u0259 t\u0259qdim edib.<\/p>\n<p>Bu bar\u0259d\u0259 \u0130qtisadiyyat Nazirliyinin a\u00e7\u0131qlamas\u0131nda bildirilir.<\/p>\n<div id=\"AdviadNativeVideo0\" class=\"AdviadNativeVideo\"><\/div>\n<p>M\u0259lumatda h\u0259m\u00e7inin deyilir ki, nazir \u00f6lk\u0259 r\u0259hb\u0259rliyinin qar\u015f\u0131ya qoydu\u011fu v\u0259zif\u0259l\u0259ri vur\u011fulayaraq xidm\u0259tl\u0259rin f\u0259aliyy\u0259tinin h\u0259yata ke\u00e7iril\u0259n sosial-iqtisadi strategiyan\u0131n h\u0259d\u0259fl\u0259rin\u0259 xidm\u0259t etm\u0259li oldu\u011funu qeyd edib v\u0259 bildirib ki, yeni t\u0259yin edilmi\u015f kadrlar d\u00f6vl\u0259t ba\u015f\u00e7\u0131s\u0131n\u0131n etimad\u0131n\u0131 do\u011frultmal\u0131d\u0131rlar.<\/p>\n<p>Xat\u0131rladaq ki, \u00f6lk\u0259 Prezidentinin s\u0259r\u0259ncamlar\u0131 il\u0259 Orxan N\u0259z\u0259rli \u0130qtisadiyyat Nazirliyi yan\u0131nda D\u00f6vl\u0259t Vergi Xidm\u0259tin\u0259, M\u0259tin Eynullayev \u0130qtisadiyyat Nazirliyi yan\u0131nda \u018fmlak M\u0259s\u0259l\u0259l\u0259ri D\u00f6vl\u0259t Xidm\u0259tin\u0259, Sahib M\u0259mm\u0259dov is\u0259 \u0130qtisadiyyat Nazirliyi yan\u0131nda Antiinhisar v\u0259 \u0130stehlak Bazar\u0131na N\u0259zar\u0259t D\u00f6vl\u0259t Xidm\u0259tin\u0259 r\u0259is m\u00fcavini t\u0259yin edilib. Onlar m\u00fcvafiq d\u00f6vl\u0259t xidm\u0259tl\u0259rinin r\u0259isi v\u0259zif\u0259l\u0259rini d\u0259 icra ed\u0259c\u0259kl\u0259r.<\/p>\n","protected":false},"excerpt":{"rendered":"<p>\u0130qtisadiyyat naziri Mikay\u0131l Cabbarov Prezident \u0130lham \u018fliyevin f\u0259rman\u0131 il\u0259 r\u0259hb\u0259rlik etdiyi qurumun d\u00f6vl\u0259t xidm\u0259tl\u0259rin\u0259 yeni t\u0259yin edilmi\u015f r\u0259hb\u0259r kadrlar\u0131\u00a0kollektiv\u0259 t\u0259qdim edib. Bu bar\u0259d\u0259 \u0130qtisadiyyat Nazirliyinin a\u00e7\u0131qlamas\u0131nda bildirilir. M\u0259lumatda h\u0259m\u00e7inin deyilir ki, nazir \u00f6lk\u0259 r\u0259hb\u0259rliyinin qar\u015f\u0131ya qoydu\u011fu v\u0259zif\u0259l\u0259ri vur\u011fulayaraq xidm\u0259tl\u0259rin f\u0259aliyy\u0259tinin h\u0259yata ke\u00e7iril\u0259n sosial-iqtisadi strategiyan\u0131n h\u0259d\u0259fl\u0259rin\u0259 xidm\u0259t etm\u0259li oldu\u011funu qeyd edib v\u0259 bildirib ki, yeni t\u0259yin edilmi\u015f kadrlar d\u00f6vl\u0259t ba\u015f\u00e7\u0131s\u0131n\u0131n etimad\u0131n\u0131 do\u011frultmal\u0131d\u0131rlar. Xat\u0131rladaq ki, \u00f6lk\u0259 Prezidentinin s\u0259r\u0259ncamlar\u0131 il\u0259 Orxan N\u0259z\u0259rli \u0130qtisadiyyat Nazirliyi yan\u0131nda D\u00f6vl\u0259t Vergi Xidm\u0259tin\u0259, M\u0259tin Eynullayev \u0130qtisadiyyat Nazirliyi yan\u0131nda \u018fmlak M\u0259s\u0259l\u0259l\u0259ri D\u00f6vl\u0259t Xidm\u0259tin\u0259, Sahib M\u0259mm\u0259dov is\u0259 \u0130qtisadiyyat Nazirliyi yan\u0131nda&hellip;<\/p>\n","protected":false},"author":2,"featured_media":166516,"comment_status":"closed","ping_status":"closed","sticky":false,"template":"","format":"standard","meta":{"om_disable_all_campaigns":false,"_monsterinsights_skip_tracking":false,"_monsterinsights_sitenote_active":false,"_monsterinsights_sitenote_note":"","_monsterinsights_sitenote_category":0},"categories":[19],"tags":[],"aioseo_notices":[],"gutentor_comment":0,"rttpg_featured_image_url":{"full":["https:\/\/arantv.az\/wp-content\/uploads\/2020\/05\/mikayil.jpg",620,395,false],"landscape":["https:\/\/arantv.az\/wp-content\/uploads\/2020\/05\/mikayil.jpg",620,395,false],"portraits":["https:\/\/arantv.az\/wp-content\/uploads\/2020\/05\/mikayil.jpg",620,395,false],"thumbnail":["https:\/\/arantv.az\/wp-content\/uploads\/2020\/05\/mikayil-150x150.jpg",150,150,true],"medium":["https:\/\/arantv.az\/wp-content\/uploads\/2020\/05\/mikayil-300x191.jpg",300,191,true],"large":["https:\/\/arantv.az\/wp-content\/uploads\/2020\/05\/mikayil.jpg",620,395,false],"1536x1536":["https:\/\/arantv.az\/wp-content\/uploads\/2020\/05\/mikayil.jpg",620,395,false],"2048x2048":["https:\/\/arantv.az\/wp-content\/uploads\/2020\/05\/mikayil.jpg",620,395,false],"post-thumbnail":["https:\/\/arantv.az\/wp-content\/uploads\/2020\/05\/mikayil-240x172.jpg",240,172,true],"advps-thumb-one":["https:\/\/arantv.az\/wp-content\/uploads\/2020\/05\/mikayil.jpg",620,395,false]},"rttpg_author":{"display_name":"V\u00fcsal Rafiqo\u011flu","author_link":"https:\/\/arantv.az\/?author=2"},"rttpg_comment":0,"rttpg_category":"<a href=\"https:\/\/arantv.az\/?cat=19\" rel=\"category\">G\u00fcnd\u0259m<\/a>","rttpg_excerpt":"\u0130qtisadiyyat naziri Mikay\u0131l Cabbarov Prezident \u0130lham \u018fliyevin f\u0259rman\u0131 il\u0259 r\u0259hb\u0259rlik etdiyi qurumun d\u00f6vl\u0259t xidm\u0259tl\u0259rin\u0259 yeni t\u0259yin edilmi\u015f r\u0259hb\u0259r kadrlar\u0131\u00a0kollektiv\u0259 t\u0259qdim edib. Bu bar\u0259d\u0259 \u0130qtisadiyyat Nazirliyinin a\u00e7\u0131qlamas\u0131nda bildirilir. M\u0259lumatda h\u0259m\u00e7inin deyilir ki, nazir \u00f6lk\u0259 r\u0259hb\u0259rliyinin qar\u015f\u0131ya qoydu\u011fu v\u0259zif\u0259l\u0259ri vur\u011fulayaraq xidm\u0259tl\u0259rin f\u0259aliyy\u0259tinin h\u0259yata ke\u00e7iril\u0259n sosial-iqtisadi strategiyan\u0131n h\u0259d\u0259fl\u0259rin\u0259 xidm\u0259t etm\u0259li oldu\u011funu qeyd edib v\u0259 bildirib ki, yeni t\u0259yin&hellip;","_links":{"self":[{"href":"https:\/\/arantv.az\/index.php?rest_route=\/wp\/v2\/posts\/166515"}],"collection":[{"href":"https:\/\/arantv.az\/index.php?rest_route=\/wp\/v2\/posts"}],"about":[{"href":"https:\/\/arantv.az\/index.php?rest_route=\/wp\/v2\/types\/post"}],"author":[{"embeddable":true,"href":"https:\/\/arantv.az\/index.php?rest_route=\/wp\/v2\/users\/2"}],"replies":[{"embeddable":true,"href":"https:\/\/arantv.az\/index.php?rest_route=%2Fwp%2Fv2%2Fcomments&post=166515"}],"version-history":[{"count":0,"href":"https:\/\/arantv.az\/index.php?rest_route=\/wp\/v2\/posts\/166515\/revisions"}],"wp:featuredmedia":[{"embeddable":true,"href":"https:\/\/arantv.az\/index.php?rest_route=\/wp\/v2\/media\/166516"}],"wp:attachment":[{"href":"https:\/\/arantv.az\/index.php?rest_route=%2Fwp%2Fv2%2Fmedia&parent=166515"}],"wp:term":[{"taxonomy":"category","embeddable":true,"href":"https:\/\/arantv.az\/index.php?rest_route=%2Fwp%2Fv2%2Fcategories&post=166515"},{"taxonomy":"post_tag","embeddable":true,"href":"https:\/\/arantv.az\/index.php?rest_route=%2Fwp%2Fv2%2Ftags&post=166515"}],"curies":[{"name":"wp","href":"https:\/\/api.w.org\/{rel}","templated":true}]}}