{"id":166520,"date":"2020-05-16T19:22:21","date_gmt":"2020-05-16T16:22:21","guid":{"rendered":"http:\/\/arantv.az\/?p=166520"},"modified":"2020-05-16T19:22:21","modified_gmt":"2020-05-16T16:22:21","slug":"bas-nazird%c9%99n-karantin-dovrund%c9%99-isl%c9%99y%c9%99n-s%c9%99xsl%c9%99rl%c9%99-bagli-muhum-q%c9%99rar","status":"publish","type":"post","link":"https:\/\/arantv.az\/?p=166520","title":{"rendered":"Ba\u015f nazird\u0259n karantin d\u00f6vr\u00fcnd\u0259 i\u015fl\u0259y\u0259n \u015f\u0259xsl\u0259rl\u0259 ba\u011fl\u0131 M\u00dcH\u00dcM Q\u018fRAR"},"content":{"rendered":"<p>Nazirl\u0259r Kabineti x\u00fcsusi karantin rejimi d\u00f6vr\u00fcnd\u0259 sosial xidm\u0259tl\u0259r g\u00f6st\u0259rilm\u0259sind\u0259 i\u015ftirak ed\u0259n i\u015f\u00e7il\u0259rin \u0259hat\u0259 dair\u0259sinin v\u0259 \u0259lav\u0259nin \u00f6d\u0259nilm\u0259 m\u00fcdd\u0259tinin m\u00fc\u0259yy\u0259n edilm\u0259si bar\u0259d\u0259 q\u0259rar verib.<\/p>\n<p>Bununla ba\u011fl\u0131 Ba\u015f Nazir \u018fli \u018fs\u0259dov q\u0259rar imzalay\u0131b.<\/p>\n<p>Q\u0259rara \u0259sas\u0259n, x\u00fcsusi karantin rejimi d\u00f6vr\u00fcnd\u0259 sosial xidm\u0259tl\u0259r g\u00f6st\u0259rilm\u0259sind\u0259 i\u015ftirak ed\u0259n i\u015f\u00e7il\u0259rin \u0259hat\u0259 dair\u0259si a\u015fa\u011f\u0131dak\u0131 kimi m\u00fc\u0259yy\u0259n edilib:<\/p>\n<div id=\"AdviadNativeVideo0\" class=\"AdviadNativeVideo\"><\/div>\n<p>&#8211; \u018fm\u0259k v\u0259 \u018fhalinin Sosial M\u00fcdafi\u0259si Nazirliyinin yan\u0131nda D\u00f6vl\u0259t Sosial M\u00fcdafi\u0259 Fondunun rayon (\u015f\u0259h\u0259r) \u015f\u00f6b\u0259l\u0259rinin sosial xidm\u0259t sektorunda \u00e7al\u0131\u015fan i\u015f\u00e7il\u0259r;<\/p>\n<p>&#8211; \u018fm\u0259k v\u0259 \u018fhalinin Sosial M\u00fcdafi\u0259si Nazirliyinin yan\u0131nda D\u00f6vl\u0259t Sosial M\u00fcdafi\u0259 Fondunun tabeliyind\u0259 olan psixonevroloji, sa\u011flaml\u0131q imkanlar\u0131 m\u0259hdud u\u015faqlar \u00fc\u00e7\u00fcn, pensiya ya\u015f\u0131na \u00e7atm\u0131\u015f \u015f\u0259xsl\u0259r \u00fc\u00e7\u00fcn sosial xidm\u0259t m\u00fc\u0259ssis\u0259l\u0259rinin, habel\u0259 h\u0259ssas \u0259hali qruplar\u0131ndan olan \u015f\u0259xsl\u0259r \u00fc\u00e7\u00fcn S\u0131\u011f\u0131nacaq v\u0259 Sosial Reabilitasiya M\u00fc\u0259ssis\u0259sinin v\u0259 penitensiar m\u00fc\u0259ssis\u0259l\u0259rd\u0259 c\u0259za \u00e7\u0259km\u0259kd\u0259n azad edilmi\u015f \u015f\u0259xsl\u0259r \u00fc\u00e7\u00fcn Sosial Adaptasiya M\u0259rk\u0259zind\u0259 \u00e7al\u0131\u015fan i\u015f\u00e7il\u0259r.<\/p>\n<p>M\u00fcdd\u0259tli \u0259lav\u0259 2020-ci il aprelin 1-d\u0259n iyunun 1-d\u0259k olan m\u00fcdd\u0259t \u00fc\u00e7\u00fcn i\u015f vaxt\u0131na m\u00fct\u0259nasib olaraq \u00f6d\u0259nilir.<\/p>\n","protected":false},"excerpt":{"rendered":"<p>Nazirl\u0259r Kabineti x\u00fcsusi karantin rejimi d\u00f6vr\u00fcnd\u0259 sosial xidm\u0259tl\u0259r g\u00f6st\u0259rilm\u0259sind\u0259 i\u015ftirak ed\u0259n i\u015f\u00e7il\u0259rin \u0259hat\u0259 dair\u0259sinin v\u0259 \u0259lav\u0259nin \u00f6d\u0259nilm\u0259 m\u00fcdd\u0259tinin m\u00fc\u0259yy\u0259n edilm\u0259si bar\u0259d\u0259 q\u0259rar verib. Bununla ba\u011fl\u0131 Ba\u015f Nazir \u018fli \u018fs\u0259dov q\u0259rar imzalay\u0131b. Q\u0259rara \u0259sas\u0259n, x\u00fcsusi karantin rejimi d\u00f6vr\u00fcnd\u0259 sosial xidm\u0259tl\u0259r g\u00f6st\u0259rilm\u0259sind\u0259 i\u015ftirak ed\u0259n i\u015f\u00e7il\u0259rin \u0259hat\u0259 dair\u0259si a\u015fa\u011f\u0131dak\u0131 kimi m\u00fc\u0259yy\u0259n edilib: &#8211; \u018fm\u0259k v\u0259 \u018fhalinin Sosial M\u00fcdafi\u0259si Nazirliyinin yan\u0131nda D\u00f6vl\u0259t Sosial M\u00fcdafi\u0259 Fondunun rayon (\u015f\u0259h\u0259r) \u015f\u00f6b\u0259l\u0259rinin sosial xidm\u0259t sektorunda \u00e7al\u0131\u015fan i\u015f\u00e7il\u0259r; &#8211; \u018fm\u0259k v\u0259 \u018fhalinin Sosial M\u00fcdafi\u0259si Nazirliyinin yan\u0131nda D\u00f6vl\u0259t Sosial M\u00fcdafi\u0259 Fondunun tabeliyind\u0259 olan psixonevroloji, sa\u011flaml\u0131q imkanlar\u0131 m\u0259hdud u\u015faqlar \u00fc\u00e7\u00fcn, pensiya&hellip;<\/p>\n","protected":false},"author":2,"featured_media":166524,"comment_status":"closed","ping_status":"closed","sticky":false,"template":"","format":"standard","meta":{"om_disable_all_campaigns":false,"_monsterinsights_skip_tracking":false,"_monsterinsights_sitenote_active":false,"_monsterinsights_sitenote_note":"","_monsterinsights_sitenote_category":0},"categories":[1],"tags":[],"aioseo_notices":[],"gutentor_comment":0,"rttpg_featured_image_url":{"full":["https:\/\/arantv.az\/wp-content\/uploads\/2020\/05\/aZx.jpg",620,419,false],"landscape":["https:\/\/arantv.az\/wp-content\/uploads\/2020\/05\/aZx.jpg",620,419,false],"portraits":["https:\/\/arantv.az\/wp-content\/uploads\/2020\/05\/aZx.jpg",620,419,false],"thumbnail":["https:\/\/arantv.az\/wp-content\/uploads\/2020\/05\/aZx-150x150.jpg",150,150,true],"medium":["https:\/\/arantv.az\/wp-content\/uploads\/2020\/05\/aZx-300x203.jpg",300,203,true],"large":["https:\/\/arantv.az\/wp-content\/uploads\/2020\/05\/aZx.jpg",620,419,false],"1536x1536":["https:\/\/arantv.az\/wp-content\/uploads\/2020\/05\/aZx.jpg",620,419,false],"2048x2048":["https:\/\/arantv.az\/wp-content\/uploads\/2020\/05\/aZx.jpg",620,419,false],"post-thumbnail":["https:\/\/arantv.az\/wp-content\/uploads\/2020\/05\/aZx-240x172.jpg",240,172,true],"advps-thumb-one":["https:\/\/arantv.az\/wp-content\/uploads\/2020\/05\/aZx.jpg",620,419,false]},"rttpg_author":{"display_name":"V\u00fcsal Rafiqo\u011flu","author_link":"https:\/\/arantv.az\/?author=2"},"rttpg_comment":0,"rttpg_category":"<a href=\"https:\/\/arantv.az\/?cat=1\" rel=\"category\">C\u0259miyy\u0259t<\/a>","rttpg_excerpt":"Nazirl\u0259r Kabineti x\u00fcsusi karantin rejimi d\u00f6vr\u00fcnd\u0259 sosial xidm\u0259tl\u0259r g\u00f6st\u0259rilm\u0259sind\u0259 i\u015ftirak ed\u0259n i\u015f\u00e7il\u0259rin \u0259hat\u0259 dair\u0259sinin v\u0259 \u0259lav\u0259nin \u00f6d\u0259nilm\u0259 m\u00fcdd\u0259tinin m\u00fc\u0259yy\u0259n edilm\u0259si bar\u0259d\u0259 q\u0259rar verib. Bununla ba\u011fl\u0131 Ba\u015f Nazir \u018fli \u018fs\u0259dov q\u0259rar imzalay\u0131b. Q\u0259rara \u0259sas\u0259n, x\u00fcsusi karantin rejimi d\u00f6vr\u00fcnd\u0259 sosial xidm\u0259tl\u0259r g\u00f6st\u0259rilm\u0259sind\u0259 i\u015ftirak ed\u0259n i\u015f\u00e7il\u0259rin \u0259hat\u0259 dair\u0259si a\u015fa\u011f\u0131dak\u0131 kimi m\u00fc\u0259yy\u0259n edilib: &#8211; \u018fm\u0259k v\u0259 \u018fhalinin Sosial M\u00fcdafi\u0259si&hellip;","_links":{"self":[{"href":"https:\/\/arantv.az\/index.php?rest_route=\/wp\/v2\/posts\/166520"}],"collection":[{"href":"https:\/\/arantv.az\/index.php?rest_route=\/wp\/v2\/posts"}],"about":[{"href":"https:\/\/arantv.az\/index.php?rest_route=\/wp\/v2\/types\/post"}],"author":[{"embeddable":true,"href":"https:\/\/arantv.az\/index.php?rest_route=\/wp\/v2\/users\/2"}],"replies":[{"embeddable":true,"href":"https:\/\/arantv.az\/index.php?rest_route=%2Fwp%2Fv2%2Fcomments&post=166520"}],"version-history":[{"count":0,"href":"https:\/\/arantv.az\/index.php?rest_route=\/wp\/v2\/posts\/166520\/revisions"}],"wp:featuredmedia":[{"embeddable":true,"href":"https:\/\/arantv.az\/index.php?rest_route=\/wp\/v2\/media\/166524"}],"wp:attachment":[{"href":"https:\/\/arantv.az\/index.php?rest_route=%2Fwp%2Fv2%2Fmedia&parent=166520"}],"wp:term":[{"taxonomy":"category","embeddable":true,"href":"https:\/\/arantv.az\/index.php?rest_route=%2Fwp%2Fv2%2Fcategories&post=166520"},{"taxonomy":"post_tag","embeddable":true,"href":"https:\/\/arantv.az\/index.php?rest_route=%2Fwp%2Fv2%2Ftags&post=166520"}],"curies":[{"name":"wp","href":"https:\/\/api.w.org\/{rel}","templated":true}]}}