{"id":166527,"date":"2020-05-16T19:36:38","date_gmt":"2020-05-16T16:36:38","guid":{"rendered":"http:\/\/arantv.az\/?p=166527"},"modified":"2020-05-16T19:36:38","modified_gmt":"2020-05-16T16:36:38","slug":"r%c9%99sulzad%c9%99-pasinyanin-babasi-v%c9%99-qaregin-njde-kimi-h%c9%99rbi-cinay%c9%99tl%c9%99rd%c9%99-istirak-etm%c9%99yib-asim-mollazad%c9%99","status":"publish","type":"post","link":"https:\/\/arantv.az\/?p=166527","title":{"rendered":"&#8220;R\u0259sulzad\u0259 Pa\u015finyan\u0131n babas\u0131 v\u0259 Qaregin Njde kimi h\u0259rbi cinay\u0259tl\u0259rd\u0259 i\u015ftirak etm\u0259yib&#8221; &#8211; Asim Mollazad\u0259"},"content":{"rendered":"<p>&#8220;R\u0259sulzad\u0259 SS-d\u0259 i\u015ftirak etm\u0259yib, Pa\u015finyan\u0131n babas\u0131 v\u0259 Qaregin Njde kimi fa\u015fistl\u0259rin i\u015f\u011fal etdikl\u0259ri \u0259razil\u0259rd\u0259 m\u00fclki \u0259halinin, y\u0259hudil\u0259rin soyq\u0131r\u0131m\u0131n\u0131 t\u00f6r\u0259tm\u0259yib&#8221;.<\/p>\n<p>Milli.Az bildirir ki, bu s\u00f6zl\u0259rin Demokratik \u0130slahatlar Partiyas\u0131n\u0131n s\u0259dri, mill\u0259t v\u0259kili Asim Mollazad\u0259 Erm\u0259nistan\u0131n ba\u015f naziri Nikol Pa\u015finyan\u0131n Az\u0259rbaycan C\u00fcmhuriyy\u0259tinin (1918-1920) banisi M\u0259h\u0259mm\u0259d \u018fmin R\u0259sulzad\u0259ni nasistl\u0259rl\u0259 \u0259m\u0259kda\u015fl\u0131qda ittiham etm\u0259sin\u0259 cavab olaraq bildirib.<\/p>\n<p>&#8220;R\u0259sulzad\u0259 \u00fczvl\u0259ri N\u00fcrnberq m\u0259hk\u0259m\u0259si t\u0259r\u0259find\u0259n m\u0259hkum edil\u0259n SS-d\u0259 olmay\u0131b, h\u0259rbi cinay\u0259tl\u0259rd\u0259 i\u015ftirak etm\u0259yib. Ona g\u00f6r\u0259 d\u0259, Pa\u015finyan\u0131n R\u0259sulzad\u0259 haqq\u0131nda i\u015fl\u0259tdiyi ifad\u0259l\u0259r g\u00fcl\u00fcncd\u00fcr. O, bel\u0259 dan\u0131\u015fmaqla bu g\u00fcn Erm\u0259nistanda q\u0259hr\u0259manla\u015fd\u0131r\u0131lan fa\u015fist casusu v\u0259 k\u00fctl\u0259vi q\u0259tll\u0259rin m\u00fc\u0259llifi Qaregin Njde kimil\u0259rin cinay\u0259tl\u0259rini, ona qoyduqlar\u0131 heyk\u0259ll\u0259 ba\u011fl\u0131 r\u00fcsvay\u00e7\u0131l\u0131\u011f\u0131 \u00f6rt-basd\u0131r etm\u0259k ist\u0259yir&#8221;, &#8211; dey\u0259 Asim Mollazad\u0259 bildirib.<\/p>\n<p>Mill\u0259t v\u0259kili R\u0259sulzad\u0259nin he\u00e7 orduda bel\u0259 olmad\u0131\u011f\u0131n\u0131 v\u0259 Az\u0259rbaycan legionunun t\u0259rkibind\u0259 m\u00fcharib\u0259d\u0259 i\u015ftirak etm\u0259diyini xat\u0131rlad\u0131b.<\/p>\n","protected":false},"excerpt":{"rendered":"<p>&#8220;R\u0259sulzad\u0259 SS-d\u0259 i\u015ftirak etm\u0259yib, Pa\u015finyan\u0131n babas\u0131 v\u0259 Qaregin Njde kimi fa\u015fistl\u0259rin i\u015f\u011fal etdikl\u0259ri \u0259razil\u0259rd\u0259 m\u00fclki \u0259halinin, y\u0259hudil\u0259rin soyq\u0131r\u0131m\u0131n\u0131 t\u00f6r\u0259tm\u0259yib&#8221;. Milli.Az bildirir ki, bu s\u00f6zl\u0259rin Demokratik \u0130slahatlar Partiyas\u0131n\u0131n s\u0259dri, mill\u0259t v\u0259kili Asim Mollazad\u0259 Erm\u0259nistan\u0131n ba\u015f naziri Nikol Pa\u015finyan\u0131n Az\u0259rbaycan C\u00fcmhuriyy\u0259tinin (1918-1920) banisi M\u0259h\u0259mm\u0259d \u018fmin R\u0259sulzad\u0259ni nasistl\u0259rl\u0259 \u0259m\u0259kda\u015fl\u0131qda ittiham etm\u0259sin\u0259 cavab olaraq bildirib. &#8220;R\u0259sulzad\u0259 \u00fczvl\u0259ri N\u00fcrnberq m\u0259hk\u0259m\u0259si t\u0259r\u0259find\u0259n m\u0259hkum edil\u0259n SS-d\u0259 olmay\u0131b, h\u0259rbi cinay\u0259tl\u0259rd\u0259 i\u015ftirak etm\u0259yib. Ona g\u00f6r\u0259 d\u0259, Pa\u015finyan\u0131n R\u0259sulzad\u0259 haqq\u0131nda i\u015fl\u0259tdiyi ifad\u0259l\u0259r g\u00fcl\u00fcncd\u00fcr. O, bel\u0259 dan\u0131\u015fmaqla bu g\u00fcn Erm\u0259nistanda q\u0259hr\u0259manla\u015fd\u0131r\u0131lan fa\u015fist casusu v\u0259 k\u00fctl\u0259vi q\u0259tll\u0259rin m\u00fc\u0259llifi Qaregin Njde kimil\u0259rin cinay\u0259tl\u0259rini,&hellip;<\/p>\n","protected":false},"author":2,"featured_media":166529,"comment_status":"closed","ping_status":"closed","sticky":false,"template":"","format":"standard","meta":{"om_disable_all_campaigns":false,"_monsterinsights_skip_tracking":false,"_monsterinsights_sitenote_active":false,"_monsterinsights_sitenote_note":"","_monsterinsights_sitenote_category":0},"categories":[4],"tags":[],"aioseo_notices":[],"gutentor_comment":0,"rttpg_featured_image_url":{"full":["https:\/\/arantv.az\/wp-content\/uploads\/2020\/05\/asim_mollazade_2838586.jpg",800,600,false],"landscape":["https:\/\/arantv.az\/wp-content\/uploads\/2020\/05\/asim_mollazade_2838586.jpg",800,600,false],"portraits":["https:\/\/arantv.az\/wp-content\/uploads\/2020\/05\/asim_mollazade_2838586.jpg",800,600,false],"thumbnail":["https:\/\/arantv.az\/wp-content\/uploads\/2020\/05\/asim_mollazade_2838586-150x150.jpg",150,150,true],"medium":["https:\/\/arantv.az\/wp-content\/uploads\/2020\/05\/asim_mollazade_2838586-300x225.jpg",300,225,true],"large":["https:\/\/arantv.az\/wp-content\/uploads\/2020\/05\/asim_mollazade_2838586.jpg",640,480,false],"1536x1536":["https:\/\/arantv.az\/wp-content\/uploads\/2020\/05\/asim_mollazade_2838586.jpg",800,600,false],"2048x2048":["https:\/\/arantv.az\/wp-content\/uploads\/2020\/05\/asim_mollazade_2838586.jpg",800,600,false],"post-thumbnail":["https:\/\/arantv.az\/wp-content\/uploads\/2020\/05\/asim_mollazade_2838586-240x172.jpg",240,172,true],"advps-thumb-one":["https:\/\/arantv.az\/wp-content\/uploads\/2020\/05\/asim_mollazade_2838586.jpg",800,600,false]},"rttpg_author":{"display_name":"V\u00fcsal Rafiqo\u011flu","author_link":"https:\/\/arantv.az\/?author=2"},"rttpg_comment":0,"rttpg_category":"<a href=\"https:\/\/arantv.az\/?cat=4\" rel=\"category\">Siyas\u0259t<\/a>","rttpg_excerpt":"&#8220;R\u0259sulzad\u0259 SS-d\u0259 i\u015ftirak etm\u0259yib, Pa\u015finyan\u0131n babas\u0131 v\u0259 Qaregin Njde kimi fa\u015fistl\u0259rin i\u015f\u011fal etdikl\u0259ri \u0259razil\u0259rd\u0259 m\u00fclki \u0259halinin, y\u0259hudil\u0259rin soyq\u0131r\u0131m\u0131n\u0131 t\u00f6r\u0259tm\u0259yib&#8221;. Milli.Az bildirir ki, bu s\u00f6zl\u0259rin Demokratik \u0130slahatlar Partiyas\u0131n\u0131n s\u0259dri, mill\u0259t v\u0259kili Asim Mollazad\u0259 Erm\u0259nistan\u0131n ba\u015f naziri Nikol Pa\u015finyan\u0131n Az\u0259rbaycan C\u00fcmhuriyy\u0259tinin (1918-1920) banisi M\u0259h\u0259mm\u0259d \u018fmin R\u0259sulzad\u0259ni nasistl\u0259rl\u0259 \u0259m\u0259kda\u015fl\u0131qda ittiham etm\u0259sin\u0259 cavab olaraq bildirib. &#8220;R\u0259sulzad\u0259 \u00fczvl\u0259ri N\u00fcrnberq m\u0259hk\u0259m\u0259si&hellip;","_links":{"self":[{"href":"https:\/\/arantv.az\/index.php?rest_route=\/wp\/v2\/posts\/166527"}],"collection":[{"href":"https:\/\/arantv.az\/index.php?rest_route=\/wp\/v2\/posts"}],"about":[{"href":"https:\/\/arantv.az\/index.php?rest_route=\/wp\/v2\/types\/post"}],"author":[{"embeddable":true,"href":"https:\/\/arantv.az\/index.php?rest_route=\/wp\/v2\/users\/2"}],"replies":[{"embeddable":true,"href":"https:\/\/arantv.az\/index.php?rest_route=%2Fwp%2Fv2%2Fcomments&post=166527"}],"version-history":[{"count":0,"href":"https:\/\/arantv.az\/index.php?rest_route=\/wp\/v2\/posts\/166527\/revisions"}],"wp:featuredmedia":[{"embeddable":true,"href":"https:\/\/arantv.az\/index.php?rest_route=\/wp\/v2\/media\/166529"}],"wp:attachment":[{"href":"https:\/\/arantv.az\/index.php?rest_route=%2Fwp%2Fv2%2Fmedia&parent=166527"}],"wp:term":[{"taxonomy":"category","embeddable":true,"href":"https:\/\/arantv.az\/index.php?rest_route=%2Fwp%2Fv2%2Fcategories&post=166527"},{"taxonomy":"post_tag","embeddable":true,"href":"https:\/\/arantv.az\/index.php?rest_route=%2Fwp%2Fv2%2Ftags&post=166527"}],"curies":[{"name":"wp","href":"https:\/\/api.w.org\/{rel}","templated":true}]}}