{"id":166540,"date":"2020-05-16T19:40:52","date_gmt":"2020-05-16T16:40:52","guid":{"rendered":"http:\/\/arantv.az\/?p=166540"},"modified":"2020-05-16T19:40:52","modified_gmt":"2020-05-16T16:40:52","slug":"m%c9%99n-bir-z%c9%99hm%c9%99tkes-insan-kimi-deyir%c9%99m-ki-sizin-adiniz-tarix%c9%99-qizil-h%c9%99rfl%c9%99rl%c9%99-h%c9%99kk-olunur-yevlax-sakini-prezident%c9%99-yazir","status":"publish","type":"post","link":"https:\/\/arantv.az\/?p=166540","title":{"rendered":"M\u0259n bir z\u0259hm\u0259tke\u015f insan kimi deyir\u0259m ki, Sizin ad\u0131n\u0131z tarix\u0259 q\u0131z\u0131l h\u0259rfl\u0259rl\u0259 h\u0259kk olunur &#8211; Yevlax sakini Prezident\u0259 yaz\u0131r"},"content":{"rendered":"<p>M\u0259n bir z\u0259hm\u0259tke\u015f insan kimi deyir\u0259m ki, Sizin ad\u0131n\u0131z tarix\u0259 q\u0131z\u0131l h\u0259rfl\u0259rl\u0259 h\u0259kk olunur.<\/p>\n<p>ARANTV.AZ\u00a0<a href=\"http:\/\/az.trend.az\/\" target=\"_blank\" rel=\"noopener\">Trend<\/a>-\u0259 istinad\u0259n bildirir ki,\u00a0bu bar\u0259d\u0259 Yevlax rayonunun \u018fr\u0259\u015f k\u0259ndinin sakini Mais Mehdiyevin m\u0259ktubunda qeyd edilir.<\/p>\n<p>K\u0259nd sakini yaz\u0131r:<\/p>\n<p>&#8220;H\u00f6rm\u0259tli c\u0259nab Prezident, d\u00fcnyan\u0131 \u00f6z \u0259sar\u0259tin\u0259 alm\u0131\u015f koronavirus x\u0259st\u0259liyi Az\u0259rbaycana \u00e7ox z\u0259if t\u0259sir g\u00f6st\u0259r\u0259 bildi. Sizin u\u011furlu daxili v\u0259 xarici siyas\u0259tiniz d\u00fcnya ictimaiyy\u0259ti t\u0259r\u0259find\u0259n h\u00f6rm\u0259tl\u0259 qar\u015f\u0131lan\u0131r. Pandemiya d\u00f6vr\u00fcnd\u0259 Az\u0259rbaycanda xalq\u0131n maarifl\u0259ndirilm\u0259si, karantin rejiminin d\u00fczg\u00fcn h\u0259yata ke\u00e7irilm\u0259si, h\u0259kiml\u0259rin, tibb i\u015f\u00e7il\u0259rinin g\u0259rgin f\u0259aliyy\u0259ti il\u0259 d\u00f6vl\u0259timiz koronavirus x\u0259st\u0259liyin\u0259 qalib g\u0259lm\u0259kd\u0259dir. Bu i\u015fl\u0259rin ham\u0131s\u0131 Sizin v\u0259 Mehriban xan\u0131m\u0131n say\u0259sind\u0259 h\u0259yata ke\u00e7irildi. \u0130\u015fl\u0259m\u0259y\u0259n insanlara bird\u0259f\u0259lik 190 manat verilm\u0259si d\u0259 b\u00fct\u00fcn xalq\u0131n sevincin\u0259 s\u0259b\u0259b olub. M\u0259n bir z\u0259hm\u0259tke\u015f insan kimi deyir\u0259m ki, Sizin ad\u0131n\u0131z tarix\u0259 q\u0131z\u0131l h\u0259rfl\u0259rl\u0259 h\u0259kk olunur.<\/p>\n<p>M\u00f6ht\u0259r\u0259m Prezident, bizim k\u0259nd da daxil olmaqla \u00fc\u00e7 k\u0259ndin \u0259halisi yolumuzun yax\u015f\u0131 v\u0259ziyy\u0259td\u0259 olmamas\u0131 il\u0259 \u0259laq\u0259dar Siz\u0259 m\u0259ktub \u00fcnvanlam\u0131\u015fd\u0131q. Sizin tap\u015f\u0131r\u0131\u011f\u0131n\u0131zla bu k\u0259ndl\u0259rin yoluna geni\u015f v\u0259 keyfiyy\u0259tli asfalt d\u00f6\u015f\u0259nib, 5-6 yerd\u0259 dayanacaqlar qura\u015fd\u0131r\u0131l\u0131b. H\u0259min k\u0259ndl\u0259rin \u0259halisi d\u0259 Siz\u0259 uzun \u00f6m\u00fcr, cansa\u011fl\u0131\u011f\u0131 arzulay\u0131r&#8221;.<\/p>\n","protected":false},"excerpt":{"rendered":"<p>M\u0259n bir z\u0259hm\u0259tke\u015f insan kimi deyir\u0259m ki, Sizin ad\u0131n\u0131z tarix\u0259 q\u0131z\u0131l h\u0259rfl\u0259rl\u0259 h\u0259kk olunur. ARANTV.AZ\u00a0Trend-\u0259 istinad\u0259n bildirir ki,\u00a0bu bar\u0259d\u0259 Yevlax rayonunun \u018fr\u0259\u015f k\u0259ndinin sakini Mais Mehdiyevin m\u0259ktubunda qeyd edilir. K\u0259nd sakini yaz\u0131r: &#8220;H\u00f6rm\u0259tli c\u0259nab Prezident, d\u00fcnyan\u0131 \u00f6z \u0259sar\u0259tin\u0259 alm\u0131\u015f koronavirus x\u0259st\u0259liyi Az\u0259rbaycana \u00e7ox z\u0259if t\u0259sir g\u00f6st\u0259r\u0259 bildi. Sizin u\u011furlu daxili v\u0259 xarici siyas\u0259tiniz d\u00fcnya ictimaiyy\u0259ti t\u0259r\u0259find\u0259n h\u00f6rm\u0259tl\u0259 qar\u015f\u0131lan\u0131r. Pandemiya d\u00f6vr\u00fcnd\u0259 Az\u0259rbaycanda xalq\u0131n maarifl\u0259ndirilm\u0259si, karantin rejiminin d\u00fczg\u00fcn h\u0259yata ke\u00e7irilm\u0259si, h\u0259kiml\u0259rin, tibb i\u015f\u00e7il\u0259rinin g\u0259rgin f\u0259aliyy\u0259ti il\u0259 d\u00f6vl\u0259timiz koronavirus x\u0259st\u0259liyin\u0259 qalib g\u0259lm\u0259kd\u0259dir. Bu i\u015fl\u0259rin ham\u0131s\u0131 Sizin v\u0259 Mehriban xan\u0131m\u0131n say\u0259sind\u0259 h\u0259yata ke\u00e7irildi. \u0130\u015fl\u0259m\u0259y\u0259n&hellip;<\/p>\n","protected":false},"author":2,"featured_media":166544,"comment_status":"closed","ping_status":"closed","sticky":false,"template":"","format":"standard","meta":{"om_disable_all_campaigns":false,"_monsterinsights_skip_tracking":false,"_monsterinsights_sitenote_active":false,"_monsterinsights_sitenote_note":"","_monsterinsights_sitenote_category":0},"categories":[1],"tags":[],"aioseo_notices":[],"gutentor_comment":0,"rttpg_featured_image_url":{"full":["https:\/\/arantv.az\/wp-content\/uploads\/2020\/05\/89405-6-78.jpg",800,600,false],"landscape":["https:\/\/arantv.az\/wp-content\/uploads\/2020\/05\/89405-6-78.jpg",800,600,false],"portraits":["https:\/\/arantv.az\/wp-content\/uploads\/2020\/05\/89405-6-78.jpg",800,600,false],"thumbnail":["https:\/\/arantv.az\/wp-content\/uploads\/2020\/05\/89405-6-78-150x150.jpg",150,150,true],"medium":["https:\/\/arantv.az\/wp-content\/uploads\/2020\/05\/89405-6-78-300x225.jpg",300,225,true],"large":["https:\/\/arantv.az\/wp-content\/uploads\/2020\/05\/89405-6-78.jpg",640,480,false],"1536x1536":["https:\/\/arantv.az\/wp-content\/uploads\/2020\/05\/89405-6-78.jpg",800,600,false],"2048x2048":["https:\/\/arantv.az\/wp-content\/uploads\/2020\/05\/89405-6-78.jpg",800,600,false],"post-thumbnail":["https:\/\/arantv.az\/wp-content\/uploads\/2020\/05\/89405-6-78-240x172.jpg",240,172,true],"advps-thumb-one":["https:\/\/arantv.az\/wp-content\/uploads\/2020\/05\/89405-6-78.jpg",800,600,false]},"rttpg_author":{"display_name":"V\u00fcsal Rafiqo\u011flu","author_link":"https:\/\/arantv.az\/?author=2"},"rttpg_comment":0,"rttpg_category":"<a href=\"https:\/\/arantv.az\/?cat=1\" rel=\"category\">C\u0259miyy\u0259t<\/a>","rttpg_excerpt":"M\u0259n bir z\u0259hm\u0259tke\u015f insan kimi deyir\u0259m ki, Sizin ad\u0131n\u0131z tarix\u0259 q\u0131z\u0131l h\u0259rfl\u0259rl\u0259 h\u0259kk olunur. ARANTV.AZ\u00a0Trend-\u0259 istinad\u0259n bildirir ki,\u00a0bu bar\u0259d\u0259 Yevlax rayonunun \u018fr\u0259\u015f k\u0259ndinin sakini Mais Mehdiyevin m\u0259ktubunda qeyd edilir. K\u0259nd sakini yaz\u0131r: &#8220;H\u00f6rm\u0259tli c\u0259nab Prezident, d\u00fcnyan\u0131 \u00f6z \u0259sar\u0259tin\u0259 alm\u0131\u015f koronavirus x\u0259st\u0259liyi Az\u0259rbaycana \u00e7ox z\u0259if t\u0259sir g\u00f6st\u0259r\u0259 bildi. Sizin u\u011furlu daxili v\u0259 xarici siyas\u0259tiniz d\u00fcnya ictimaiyy\u0259ti&hellip;","_links":{"self":[{"href":"https:\/\/arantv.az\/index.php?rest_route=\/wp\/v2\/posts\/166540"}],"collection":[{"href":"https:\/\/arantv.az\/index.php?rest_route=\/wp\/v2\/posts"}],"about":[{"href":"https:\/\/arantv.az\/index.php?rest_route=\/wp\/v2\/types\/post"}],"author":[{"embeddable":true,"href":"https:\/\/arantv.az\/index.php?rest_route=\/wp\/v2\/users\/2"}],"replies":[{"embeddable":true,"href":"https:\/\/arantv.az\/index.php?rest_route=%2Fwp%2Fv2%2Fcomments&post=166540"}],"version-history":[{"count":0,"href":"https:\/\/arantv.az\/index.php?rest_route=\/wp\/v2\/posts\/166540\/revisions"}],"wp:featuredmedia":[{"embeddable":true,"href":"https:\/\/arantv.az\/index.php?rest_route=\/wp\/v2\/media\/166544"}],"wp:attachment":[{"href":"https:\/\/arantv.az\/index.php?rest_route=%2Fwp%2Fv2%2Fmedia&parent=166540"}],"wp:term":[{"taxonomy":"category","embeddable":true,"href":"https:\/\/arantv.az\/index.php?rest_route=%2Fwp%2Fv2%2Fcategories&post=166540"},{"taxonomy":"post_tag","embeddable":true,"href":"https:\/\/arantv.az\/index.php?rest_route=%2Fwp%2Fv2%2Ftags&post=166540"}],"curies":[{"name":"wp","href":"https:\/\/api.w.org\/{rel}","templated":true}]}}