{"id":166545,"date":"2020-05-16T19:41:49","date_gmt":"2020-05-16T16:41:49","guid":{"rendered":"http:\/\/arantv.az\/?p=166545"},"modified":"2020-05-16T19:41:49","modified_gmt":"2020-05-16T16:41:49","slug":"b%c9%99hruz-quliyev-prezident-ilham-%c9%99liyev-dunya-capinda-texnologiyaya-d%c9%99st%c9%99k-ver%c9%99n-liderl%c9%99rd%c9%99ndir","status":"publish","type":"post","link":"https:\/\/arantv.az\/?p=166545","title":{"rendered":"B\u0259hruz Quliyev: &#8220;Prezident \u0130lham \u018fliyev d\u00fcnya \u00e7ap\u0131nda texnologiyaya d\u0259st\u0259k ver\u0259n liderl\u0259rd\u0259ndir&#8221;"},"content":{"rendered":"<p><strong>D\u00f6vl\u0259t ba\u015f\u00e7\u0131s\u0131n\u0131n CISCO \u015firk\u0259tinin r\u0259hb\u0259rl\u0259ri il\u0259 videokonfrans format\u0131nda g\u00f6r\u00fc\u015f\u00fc bir daha g\u00f6st\u0259rdi ki, Prezident \u0130lham \u018fliyev t\u0259kc\u0259 regionda deyil, d\u00fcnya \u00e7ap\u0131nda texnologiyaya d\u0259st\u0259k ver\u0259n liderl\u0259rd\u0259ndir.<\/strong><\/p>\n<p>Bu fikirl\u0259ri a\u00e7\u0131qlamas\u0131nda &#8220;S\u0259s&#8221; q\u0259zetinin ba\u015f redaktoru, siyasi ekspert B\u0259hruz Quliyev deyib.<\/p>\n<p>AB\u015e-\u0131n n\u00fcfuzlu \u015firk\u0259ti olan C\u0130SCO-nun Az\u0259rbaycanda m\u00fch\u00fcm add\u0131mlar atd\u0131\u011f\u0131n\u0131 dey\u0259n ekspert bildirib ki, Prezident \u0130lham \u018fliyev \u015firk\u0259tin r\u0259hb\u0259rl\u0259ri il\u0259 ke\u00e7iril\u0259n videokonfrans formatl\u0131 g\u00f6r\u00fc\u015fd\u0259 d\u0259 qeyd etdi ki, C\u0130SCO \u00f6z sah\u0259si \u00fczr\u0259 Az\u0259rbaycanda \u00e7ox ciddi add\u0131mlar at\u0131r, yaranm\u0131\u015f \u0259lveri\u015fli \u015f\u0259raitd\u0259n b\u0259hr\u0259l\u0259nir: &#8220;Bu \u015firk\u0259tin Az\u0259rbaycanla \u0259m\u0259kda\u015fl\u0131\u011f\u0131 n\u0259tic\u0259sind\u0259 \u00f6lk\u0259mizd\u0259 t\u0259tbiq edil\u0259n &#8220;A\u011f\u0131ll\u0131 \u015e\u0259h\u0259r&#8221;, &#8220;A\u011f\u0131ll\u0131 \u00d6lk\u0259&#8221;, &#8220;A\u011f\u0131ll\u0131 K\u0259nd T\u0259s\u0259rr\u00fcfat\u0131&#8221; v\u0259 &#8220;A\u011f\u0131ll\u0131 M\u0259kt\u0259b&#8221; proqramlar\u0131 g\u00f6st\u0259rir ki, \u015firk\u0259tl\u0259 \u00f6lk\u0259miz aras\u0131nda \u00e7ox ciddi \u0259laq\u0259l\u0259r m\u00f6vcuddur v\u0259 Az\u0259rbaycan C\u0130SCO \u00fc\u00e7\u00fcn kifay\u0259t q\u0259d\u0259r maraql\u0131d\u0131r&#8221;.<\/p>\n<p>B.Quliyev qeyd edib ki, \u00fcmumiyy\u0259tl\u0259, d\u00fcnyan\u0131n \u0259n iri \u015firk\u0259tl\u0259ri Az\u0259rbaycana investisiya yat\u0131rmaqda maraql\u0131d\u0131rlar: &#8220;\u00c7\u00fcnki, \u00f6lk\u0259mizd\u0259 ictimai-siyasi sabitliy\u0259 t\u0259hl\u00fck\u0259 t\u00f6r\u0259d\u0259n he\u00e7 bir amil m\u00f6vcud deyil. \u015eirk\u0259tl\u0259r sabit \u00f6lk\u0259y\u0259 yat\u0131r\u0131m edib, dividend \u0259ld\u0259 etm\u0259kd\u0259 maraql\u0131 olduqlar\u0131 \u00fc\u00e7\u00fcn onlar f\u0259aliyy\u0259tl\u0259rini sabit \u00f6lk\u0259y\u0259 y\u00f6n\u0259ldirl\u0259r. Bu bax\u0131mdan d\u00fcnyan\u0131n \u0259n iri v\u0259 n\u00fcfuzlu \u015firk\u0259tl\u0259rinin \u0259ks\u0259riyy\u0259ti Az\u0259rbaycanda \u00f6z ixtisaslar\u0131na uy\u011fun yat\u0131r\u0131m etm\u0259y\u0259 \u00fcst\u00fcnl\u00fck verirl\u0259r. Prezident \u0130lham \u018fliyev bir m\u00fcdd\u0259t bundan \u00f6nc\u0259 Davosda C\u0130SCO \u015firk\u0259tinin r\u0259hb\u0259rliyi il\u0259 g\u00f6r\u00fc\u015f\u00fcnd\u0259 d\u0259 bu m\u0259s\u0259l\u0259l\u0259ri m\u00fczakir\u0259 etmi\u015fdi. M\u0259hz onun n\u0259tic\u0259sidir ki, bu g\u00fcn Az\u0259rbaycanda \u00e7oxlu sayda beyn\u0259lxalq \u015firk\u0259tl\u0259r \u00f6z f\u0259aliyy\u0259tl\u0259rini u\u011furla davam etdirirl\u0259r&#8221;.<\/p>\n<p>Az\u0259rbaycan Prezidentinin t\u0259\u015f\u0259bb\u00fcs\u00fcn\u00fcn d\u00fcnya t\u0259r\u0259find\u0259n d\u0259st\u0259kl\u0259ndiyini dey\u0259n ekspert vur\u011fulay\u0131b ki, CISCO \u015firk\u0259tinin icra\u00e7\u0131 vitse-prezidenti v\u0259 ba\u015f maliyy\u0259 direktoru xan\u0131m Kelli Kramer d\u0259 \u00e7\u0131x\u0131\u015f\u0131nda bu m\u0259s\u0259l\u0259y\u0259 toxunaraq qeyd etdi ki, Prezident \u0130lham \u018fliyev COVID-19 virusu il\u0259 \u0259laq\u0259dar T\u00fcrkdilli D\u00f6vl\u0259tl\u0259rin \u018fm\u0259kda\u015fl\u0131q \u015euras\u0131n\u0131n toplant\u0131s\u0131 v\u0259 Qo\u015fulmama H\u0259r\u0259kat\u0131n\u0131n g\u00f6r\u00fc\u015fl\u0259rini t\u0259\u015fkil etm\u0259kl\u0259 liderlik s\u0259yl\u0259rini n\u00fcmayi\u015f etdirdi: &#8220;B\u00fct\u00fcn bunlar bir daha s\u00fcbut edir ki, \u00f6lk\u0259 ba\u015f\u00e7\u0131s\u0131n\u0131n t\u0259\u015f\u0259bb\u00fcsl\u0259ri d\u00fcnyan\u0131n b\u00f6y\u00fck \u00f6lk\u0259l\u0259ri, beyn\u0259lxalq ictimaiyy\u0259t t\u0259r\u0259find\u0259n d\u0259st\u0259kl\u0259nir v\u0259 t\u0259qdir olunur. Regionun lider d\u00f6vl\u0259tin\u0259 \u00e7evril\u0259n Az\u0259rbaycan t\u0259kc\u0259 d\u00fcnya s\u0259viyy\u0259sind\u0259 deyil, el\u0259c\u0259 d\u0259 region \u00f6lk\u0259l\u0259ri aras\u0131nda da bir s\u0131ra t\u0259\u015f\u0259bb\u00fcsl\u0259rl\u0259 \u00e7\u0131x\u0131\u015f ed\u0259r\u0259k \u00f6z t\u0259\u015f\u0259bb\u00fcskarl\u0131q modelini t\u0259qdim edib&#8221;.<\/p>\n","protected":false},"excerpt":{"rendered":"<p>D\u00f6vl\u0259t ba\u015f\u00e7\u0131s\u0131n\u0131n CISCO \u015firk\u0259tinin r\u0259hb\u0259rl\u0259ri il\u0259 videokonfrans format\u0131nda g\u00f6r\u00fc\u015f\u00fc bir daha g\u00f6st\u0259rdi ki, Prezident \u0130lham \u018fliyev t\u0259kc\u0259 regionda deyil, d\u00fcnya \u00e7ap\u0131nda texnologiyaya d\u0259st\u0259k ver\u0259n liderl\u0259rd\u0259ndir. Bu fikirl\u0259ri a\u00e7\u0131qlamas\u0131nda &#8220;S\u0259s&#8221; q\u0259zetinin ba\u015f redaktoru, siyasi ekspert B\u0259hruz Quliyev deyib. AB\u015e-\u0131n n\u00fcfuzlu \u015firk\u0259ti olan C\u0130SCO-nun Az\u0259rbaycanda m\u00fch\u00fcm add\u0131mlar atd\u0131\u011f\u0131n\u0131 dey\u0259n ekspert bildirib ki, Prezident \u0130lham \u018fliyev \u015firk\u0259tin r\u0259hb\u0259rl\u0259ri il\u0259 ke\u00e7iril\u0259n videokonfrans formatl\u0131 g\u00f6r\u00fc\u015fd\u0259 d\u0259 qeyd etdi ki, C\u0130SCO \u00f6z sah\u0259si \u00fczr\u0259 Az\u0259rbaycanda \u00e7ox ciddi add\u0131mlar at\u0131r, yaranm\u0131\u015f \u0259lveri\u015fli \u015f\u0259raitd\u0259n b\u0259hr\u0259l\u0259nir: &#8220;Bu \u015firk\u0259tin Az\u0259rbaycanla \u0259m\u0259kda\u015fl\u0131\u011f\u0131 n\u0259tic\u0259sind\u0259 \u00f6lk\u0259mizd\u0259 t\u0259tbiq edil\u0259n &#8220;A\u011f\u0131ll\u0131 \u015e\u0259h\u0259r&#8221;, &#8220;A\u011f\u0131ll\u0131 \u00d6lk\u0259&#8221;, &#8220;A\u011f\u0131ll\u0131&hellip;<\/p>\n","protected":false},"author":2,"featured_media":166548,"comment_status":"closed","ping_status":"closed","sticky":false,"template":"","format":"standard","meta":{"om_disable_all_campaigns":false,"_monsterinsights_skip_tracking":false,"_monsterinsights_sitenote_active":false,"_monsterinsights_sitenote_note":"","_monsterinsights_sitenote_category":0},"categories":[19],"tags":[],"aioseo_notices":[],"gutentor_comment":0,"rttpg_featured_image_url":{"full":["https:\/\/arantv.az\/wp-content\/uploads\/2020\/05\/850918.jpg",807,540,false],"landscape":["https:\/\/arantv.az\/wp-content\/uploads\/2020\/05\/850918.jpg",807,540,false],"portraits":["https:\/\/arantv.az\/wp-content\/uploads\/2020\/05\/850918.jpg",807,540,false],"thumbnail":["https:\/\/arantv.az\/wp-content\/uploads\/2020\/05\/850918-150x150.jpg",150,150,true],"medium":["https:\/\/arantv.az\/wp-content\/uploads\/2020\/05\/850918-300x201.jpg",300,201,true],"large":["https:\/\/arantv.az\/wp-content\/uploads\/2020\/05\/850918.jpg",640,428,false],"1536x1536":["https:\/\/arantv.az\/wp-content\/uploads\/2020\/05\/850918.jpg",807,540,false],"2048x2048":["https:\/\/arantv.az\/wp-content\/uploads\/2020\/05\/850918.jpg",807,540,false],"post-thumbnail":["https:\/\/arantv.az\/wp-content\/uploads\/2020\/05\/850918-240x172.jpg",240,172,true],"advps-thumb-one":["https:\/\/arantv.az\/wp-content\/uploads\/2020\/05\/850918.jpg",807,540,false]},"rttpg_author":{"display_name":"V\u00fcsal Rafiqo\u011flu","author_link":"https:\/\/arantv.az\/?author=2"},"rttpg_comment":0,"rttpg_category":"<a href=\"https:\/\/arantv.az\/?cat=19\" rel=\"category\">G\u00fcnd\u0259m<\/a>","rttpg_excerpt":"D\u00f6vl\u0259t ba\u015f\u00e7\u0131s\u0131n\u0131n CISCO \u015firk\u0259tinin r\u0259hb\u0259rl\u0259ri il\u0259 videokonfrans format\u0131nda g\u00f6r\u00fc\u015f\u00fc bir daha g\u00f6st\u0259rdi ki, Prezident \u0130lham \u018fliyev t\u0259kc\u0259 regionda deyil, d\u00fcnya \u00e7ap\u0131nda texnologiyaya d\u0259st\u0259k ver\u0259n liderl\u0259rd\u0259ndir. Bu fikirl\u0259ri a\u00e7\u0131qlamas\u0131nda &#8220;S\u0259s&#8221; q\u0259zetinin ba\u015f redaktoru, siyasi ekspert B\u0259hruz Quliyev deyib. AB\u015e-\u0131n n\u00fcfuzlu \u015firk\u0259ti olan C\u0130SCO-nun Az\u0259rbaycanda m\u00fch\u00fcm add\u0131mlar atd\u0131\u011f\u0131n\u0131 dey\u0259n ekspert bildirib ki, Prezident \u0130lham \u018fliyev \u015firk\u0259tin r\u0259hb\u0259rl\u0259ri&hellip;","_links":{"self":[{"href":"https:\/\/arantv.az\/index.php?rest_route=\/wp\/v2\/posts\/166545"}],"collection":[{"href":"https:\/\/arantv.az\/index.php?rest_route=\/wp\/v2\/posts"}],"about":[{"href":"https:\/\/arantv.az\/index.php?rest_route=\/wp\/v2\/types\/post"}],"author":[{"embeddable":true,"href":"https:\/\/arantv.az\/index.php?rest_route=\/wp\/v2\/users\/2"}],"replies":[{"embeddable":true,"href":"https:\/\/arantv.az\/index.php?rest_route=%2Fwp%2Fv2%2Fcomments&post=166545"}],"version-history":[{"count":0,"href":"https:\/\/arantv.az\/index.php?rest_route=\/wp\/v2\/posts\/166545\/revisions"}],"wp:featuredmedia":[{"embeddable":true,"href":"https:\/\/arantv.az\/index.php?rest_route=\/wp\/v2\/media\/166548"}],"wp:attachment":[{"href":"https:\/\/arantv.az\/index.php?rest_route=%2Fwp%2Fv2%2Fmedia&parent=166545"}],"wp:term":[{"taxonomy":"category","embeddable":true,"href":"https:\/\/arantv.az\/index.php?rest_route=%2Fwp%2Fv2%2Fcategories&post=166545"},{"taxonomy":"post_tag","embeddable":true,"href":"https:\/\/arantv.az\/index.php?rest_route=%2Fwp%2Fv2%2Ftags&post=166545"}],"curies":[{"name":"wp","href":"https:\/\/api.w.org\/{rel}","templated":true}]}}