{"id":166560,"date":"2020-05-16T19:45:29","date_gmt":"2020-05-16T16:45:29","guid":{"rendered":"http:\/\/arantv.az\/?p=166560"},"modified":"2020-05-16T19:45:29","modified_gmt":"2020-05-16T16:45:29","slug":"iqtisadiyyat-nazirliyin%c9%99-yeni-t%c9%99yin-edilmis-r%c9%99hb%c9%99r-kadrlar-kollektiv%c9%99-t%c9%99qdim-edilibl%c9%99r","status":"publish","type":"post","link":"https:\/\/arantv.az\/?p=166560","title":{"rendered":"\u0130qtisadiyyat Nazirliyin\u0259 yeni t\u0259yin edilmi\u015f r\u0259hb\u0259r kadrlar kollektiv\u0259 t\u0259qdim edilibl\u0259r"},"content":{"rendered":"<p>Az\u0259rbaycan Respublikas\u0131n\u0131n Prezidenti c\u0259nab \u0130lham \u018fliyevin F\u0259rman\u0131 il\u0259 \u0130qtisadiyyat Nazirliyinin f\u0259aliyy\u0259tinin t\u0259min edilm\u0259si m\u0259qs\u0259dil\u0259 nazirliyin strukturuna daxil olan xidm\u0259tl\u0259rin \u0259sasnam\u0259l\u0259ri t\u0259sdiq edilib, h\u0259m\u00e7inin d\u00f6vl\u0259t ba\u015f\u00e7\u0131s\u0131n\u0131n m\u00fcvafiq s\u0259r\u0259ncamlar\u0131 il\u0259 bu strukturlar\u0131n r\u0259hb\u0259rliyin\u0259 kadr t\u0259yinatlar\u0131 apar\u0131l\u0131b.<\/p>\n<p>ARANTV.AZ\u00a0<a href=\"http:\/\/az.trend.az\/\" target=\"_blank\" rel=\"noopener\">Trend<\/a>-\u0259 istinad\u0259n bildirir ki,\u00a0\u0130qtisadiyyat naziri Mikay\u0131l Cabbarov \u0130qtisadiyyat Nazirliyi yan\u0131nda d\u00f6vl\u0259t xidm\u0259tl\u0259rin\u0259 yeni t\u0259yin edilmi\u015f r\u0259hb\u0259r kadrlar\u0131 qurumlar\u0131n kollektivin\u0259 t\u0259qdim edib. Mikay\u0131l Cabbarov \u00f6lk\u0259 r\u0259hb\u0259rliyinin \u0130qtisadiyyat Nazirliyi qar\u015f\u0131s\u0131nda qoydu\u011fu v\u0259zif\u0259l\u0259ri vur\u011fulayaraq, xidm\u0259tl\u0259rin f\u0259aliyy\u0259tinin h\u0259yata ke\u00e7iril\u0259n sosial-iqtisadi strategiyan\u0131n h\u0259d\u0259fl\u0259rin\u0259 xidm\u0259t etm\u0259li oldu\u011funu qeyd edib v\u0259 bildirib ki, yeni t\u0259yin edilmi\u015f kadrlar d\u00f6vl\u0259t ba\u015f\u00e7\u0131s\u0131n\u0131n etimad\u0131n\u0131 do\u011fultmal\u0131d\u0131rlar.<\/p>\n<p>Qeyd ed\u0259k ki, Az\u0259rbaycan Respublikas\u0131 Prezidentinin s\u0259r\u0259ncamlar\u0131 il\u0259 Orxan N\u0259z\u0259rli \u0130qtisadiyyat Nazirliyi yan\u0131nda D\u00f6vl\u0259t Vergi Xidm\u0259tin\u0259, M\u0259tin Eynullayev \u0130qtisadiyyat Nazirliyi yan\u0131nda \u018fmlak M\u0259s\u0259l\u0259l\u0259ri D\u00f6vl\u0259t Xidm\u0259tin\u0259, Sahib M\u0259mm\u0259dov is\u0259 \u0130qtisadiyyat Nazirliyi yan\u0131nda Antiinhisar v\u0259 \u0130stehlak Bazar\u0131na N\u0259zar\u0259t D\u00f6vl\u0259t Xidm\u0259tin\u0259 r\u0259is m\u00fcavini t\u0259yin edilib. Onlar m\u00fcvafiq d\u00f6vl\u0259t xidm\u0259tl\u0259rinin r\u0259isi v\u0259zif\u0259l\u0259rini d\u0259 icra ed\u0259c\u0259kl\u0259r.<\/p>\n","protected":false},"excerpt":{"rendered":"<p>Az\u0259rbaycan Respublikas\u0131n\u0131n Prezidenti c\u0259nab \u0130lham \u018fliyevin F\u0259rman\u0131 il\u0259 \u0130qtisadiyyat Nazirliyinin f\u0259aliyy\u0259tinin t\u0259min edilm\u0259si m\u0259qs\u0259dil\u0259 nazirliyin strukturuna daxil olan xidm\u0259tl\u0259rin \u0259sasnam\u0259l\u0259ri t\u0259sdiq edilib, h\u0259m\u00e7inin d\u00f6vl\u0259t ba\u015f\u00e7\u0131s\u0131n\u0131n m\u00fcvafiq s\u0259r\u0259ncamlar\u0131 il\u0259 bu strukturlar\u0131n r\u0259hb\u0259rliyin\u0259 kadr t\u0259yinatlar\u0131 apar\u0131l\u0131b. ARANTV.AZ\u00a0Trend-\u0259 istinad\u0259n bildirir ki,\u00a0\u0130qtisadiyyat naziri Mikay\u0131l Cabbarov \u0130qtisadiyyat Nazirliyi yan\u0131nda d\u00f6vl\u0259t xidm\u0259tl\u0259rin\u0259 yeni t\u0259yin edilmi\u015f r\u0259hb\u0259r kadrlar\u0131 qurumlar\u0131n kollektivin\u0259 t\u0259qdim edib. Mikay\u0131l Cabbarov \u00f6lk\u0259 r\u0259hb\u0259rliyinin \u0130qtisadiyyat Nazirliyi qar\u015f\u0131s\u0131nda qoydu\u011fu v\u0259zif\u0259l\u0259ri vur\u011fulayaraq, xidm\u0259tl\u0259rin f\u0259aliyy\u0259tinin h\u0259yata ke\u00e7iril\u0259n sosial-iqtisadi strategiyan\u0131n h\u0259d\u0259fl\u0259rin\u0259 xidm\u0259t etm\u0259li oldu\u011funu qeyd edib v\u0259 bildirib ki, yeni t\u0259yin edilmi\u015f kadrlar d\u00f6vl\u0259t ba\u015f\u00e7\u0131s\u0131n\u0131n etimad\u0131n\u0131 do\u011fultmal\u0131d\u0131rlar. Qeyd ed\u0259k&hellip;<\/p>\n","protected":false},"author":2,"featured_media":166562,"comment_status":"closed","ping_status":"closed","sticky":false,"template":"","format":"standard","meta":{"om_disable_all_campaigns":false,"_monsterinsights_skip_tracking":false,"_monsterinsights_sitenote_active":false,"_monsterinsights_sitenote_note":"","_monsterinsights_sitenote_category":0},"categories":[19],"tags":[],"aioseo_notices":[],"gutentor_comment":0,"rttpg_featured_image_url":{"full":["https:\/\/arantv.az\/wp-content\/uploads\/2020\/05\/84993374rf.jpg",800,600,false],"landscape":["https:\/\/arantv.az\/wp-content\/uploads\/2020\/05\/84993374rf.jpg",800,600,false],"portraits":["https:\/\/arantv.az\/wp-content\/uploads\/2020\/05\/84993374rf.jpg",800,600,false],"thumbnail":["https:\/\/arantv.az\/wp-content\/uploads\/2020\/05\/84993374rf-150x150.jpg",150,150,true],"medium":["https:\/\/arantv.az\/wp-content\/uploads\/2020\/05\/84993374rf-300x225.jpg",300,225,true],"large":["https:\/\/arantv.az\/wp-content\/uploads\/2020\/05\/84993374rf.jpg",640,480,false],"1536x1536":["https:\/\/arantv.az\/wp-content\/uploads\/2020\/05\/84993374rf.jpg",800,600,false],"2048x2048":["https:\/\/arantv.az\/wp-content\/uploads\/2020\/05\/84993374rf.jpg",800,600,false],"post-thumbnail":["https:\/\/arantv.az\/wp-content\/uploads\/2020\/05\/84993374rf-240x172.jpg",240,172,true],"advps-thumb-one":["https:\/\/arantv.az\/wp-content\/uploads\/2020\/05\/84993374rf.jpg",800,600,false]},"rttpg_author":{"display_name":"V\u00fcsal Rafiqo\u011flu","author_link":"https:\/\/arantv.az\/?author=2"},"rttpg_comment":0,"rttpg_category":"<a href=\"https:\/\/arantv.az\/?cat=19\" rel=\"category\">G\u00fcnd\u0259m<\/a>","rttpg_excerpt":"Az\u0259rbaycan Respublikas\u0131n\u0131n Prezidenti c\u0259nab \u0130lham \u018fliyevin F\u0259rman\u0131 il\u0259 \u0130qtisadiyyat Nazirliyinin f\u0259aliyy\u0259tinin t\u0259min edilm\u0259si m\u0259qs\u0259dil\u0259 nazirliyin strukturuna daxil olan xidm\u0259tl\u0259rin \u0259sasnam\u0259l\u0259ri t\u0259sdiq edilib, h\u0259m\u00e7inin d\u00f6vl\u0259t ba\u015f\u00e7\u0131s\u0131n\u0131n m\u00fcvafiq s\u0259r\u0259ncamlar\u0131 il\u0259 bu strukturlar\u0131n r\u0259hb\u0259rliyin\u0259 kadr t\u0259yinatlar\u0131 apar\u0131l\u0131b. ARANTV.AZ\u00a0Trend-\u0259 istinad\u0259n bildirir ki,\u00a0\u0130qtisadiyyat naziri Mikay\u0131l Cabbarov \u0130qtisadiyyat Nazirliyi yan\u0131nda d\u00f6vl\u0259t xidm\u0259tl\u0259rin\u0259 yeni t\u0259yin edilmi\u015f r\u0259hb\u0259r kadrlar\u0131 qurumlar\u0131n kollektivin\u0259 t\u0259qdim edib.&hellip;","_links":{"self":[{"href":"https:\/\/arantv.az\/index.php?rest_route=\/wp\/v2\/posts\/166560"}],"collection":[{"href":"https:\/\/arantv.az\/index.php?rest_route=\/wp\/v2\/posts"}],"about":[{"href":"https:\/\/arantv.az\/index.php?rest_route=\/wp\/v2\/types\/post"}],"author":[{"embeddable":true,"href":"https:\/\/arantv.az\/index.php?rest_route=\/wp\/v2\/users\/2"}],"replies":[{"embeddable":true,"href":"https:\/\/arantv.az\/index.php?rest_route=%2Fwp%2Fv2%2Fcomments&post=166560"}],"version-history":[{"count":0,"href":"https:\/\/arantv.az\/index.php?rest_route=\/wp\/v2\/posts\/166560\/revisions"}],"wp:featuredmedia":[{"embeddable":true,"href":"https:\/\/arantv.az\/index.php?rest_route=\/wp\/v2\/media\/166562"}],"wp:attachment":[{"href":"https:\/\/arantv.az\/index.php?rest_route=%2Fwp%2Fv2%2Fmedia&parent=166560"}],"wp:term":[{"taxonomy":"category","embeddable":true,"href":"https:\/\/arantv.az\/index.php?rest_route=%2Fwp%2Fv2%2Fcategories&post=166560"},{"taxonomy":"post_tag","embeddable":true,"href":"https:\/\/arantv.az\/index.php?rest_route=%2Fwp%2Fv2%2Ftags&post=166560"}],"curies":[{"name":"wp","href":"https:\/\/api.w.org\/{rel}","templated":true}]}}