{"id":166565,"date":"2020-05-16T20:32:41","date_gmt":"2020-05-16T17:32:41","guid":{"rendered":"http:\/\/arantv.az\/?p=166565"},"modified":"2020-05-16T20:32:41","modified_gmt":"2020-05-16T17:32:41","slug":"ramazan-ayinin-23-cu-gununun-imsak-v%c9%99-iftar-vaxtlari","status":"publish","type":"post","link":"https:\/\/arantv.az\/?p=166565","title":{"rendered":"Ramazan ay\u0131n\u0131n 23-c\u00fc g\u00fcn\u00fcn\u00fcn imsak v\u0259 iftar vaxtlar\u0131"},"content":{"rendered":"<p>Sabah Ramazan ay\u0131n\u0131n 23-c\u00fc g\u00fcn\u00fcd\u00fcr.<\/p>\n<p>Qafqaz M\u00fcs\u0259lmanlar\u0131 \u0130dar\u0259sinin a\u00e7\u0131qlad\u0131\u011f\u0131 Ramazan t\u0259qvimin\u0259 \u0259sas\u0259n, may\u0131n 17-d\u0259 imsak vaxt\u0131 saat 03:36-da, iftar vaxt\u0131 is\u0259 20:07-d\u0259dir.<\/p>\n<p>23-c\u00fc g\u00fcn\u00fcn imsak vaxt\u0131n\u0131n duas\u0131n\u0131 t\u0259qdim edirik:<\/p>\n<div id=\"AdviadNativeVideo0\" class=\"AdviadNativeVideo\"><\/div>\n<p><strong>Duan\u0131n oxunu\u015fu:\u00a0<\/strong>\u201cAllahumm\u0259\u011fsilni fihi min\u0259z-zunub. V\u0259 t\u0259hhirni fihi min\u0259l-uyub. V\u0259mt\u0259hin q\u0259lbi fihi bit\u0259qval-qulub. Ya muqil\u0259 \u0259s\u0259ratil-muznibin!\u201d.<\/p>\n<p><strong>T\u0259rc\u00fcm\u0259si:\u00a0<\/strong>\u201c\u0130lahi, bu g\u00fcn m\u0259nim g\u00fcnahlar\u0131m\u0131 yuyub, m\u0259ni eybl\u0259rd\u0259n t\u0259mizl\u0259! Bu g\u00fcn q\u0259lbimi t\u0259qva il\u0259 xilas et! Ey g\u00fcnahkarlar\u0131n x\u0259tas\u0131na g\u00f6z yuman Allah!\u201d<\/p>\n<p>\u0130ftar duas\u0131:<\/p>\n<p><strong>Duan\u0131n oxunu\u015fu:<\/strong>\u00a0\u201c\u018fllahumm\u0259 l\u0259k\u0259 sumtu v\u0259 \u0259la rizqik\u0259 \u0259ft\u0259rtu v\u0259 \u0259l\u0259yk\u0259 t\u0259v\u0259kk\u0259ltu ya vasi\u0259l m\u0259\u011ffir\u0259t-i\u011ffirli!\u201d<\/p>\n<p><strong>T\u0259rc\u00fcm\u0259si:<\/strong>\u00a0\u201c\u0130lahi, S\u0259nin \u00fc\u00e7\u00fcn oruc tutdum v\u0259 S\u0259nin ruzinl\u0259 iftar edib, yaln\u0131z S\u0259n\u0259 t\u0259v\u0259kk\u00fcl edir\u0259m!\u201d<\/p>\n<p><strong>Allah orucunuzu q\u0259bul etsin!<\/strong><\/p>\n","protected":false},"excerpt":{"rendered":"<p>Sabah Ramazan ay\u0131n\u0131n 23-c\u00fc g\u00fcn\u00fcd\u00fcr. Qafqaz M\u00fcs\u0259lmanlar\u0131 \u0130dar\u0259sinin a\u00e7\u0131qlad\u0131\u011f\u0131 Ramazan t\u0259qvimin\u0259 \u0259sas\u0259n, may\u0131n 17-d\u0259 imsak vaxt\u0131 saat 03:36-da, iftar vaxt\u0131 is\u0259 20:07-d\u0259dir. 23-c\u00fc g\u00fcn\u00fcn imsak vaxt\u0131n\u0131n duas\u0131n\u0131 t\u0259qdim edirik: Duan\u0131n oxunu\u015fu:\u00a0\u201cAllahumm\u0259\u011fsilni fihi min\u0259z-zunub. V\u0259 t\u0259hhirni fihi min\u0259l-uyub. V\u0259mt\u0259hin q\u0259lbi fihi bit\u0259qval-qulub. Ya muqil\u0259 \u0259s\u0259ratil-muznibin!\u201d. T\u0259rc\u00fcm\u0259si:\u00a0\u201c\u0130lahi, bu g\u00fcn m\u0259nim g\u00fcnahlar\u0131m\u0131 yuyub, m\u0259ni eybl\u0259rd\u0259n t\u0259mizl\u0259! Bu g\u00fcn q\u0259lbimi t\u0259qva il\u0259 xilas et! Ey g\u00fcnahkarlar\u0131n x\u0259tas\u0131na g\u00f6z yuman Allah!\u201d \u0130ftar duas\u0131: Duan\u0131n oxunu\u015fu:\u00a0\u201c\u018fllahumm\u0259 l\u0259k\u0259 sumtu v\u0259 \u0259la rizqik\u0259 \u0259ft\u0259rtu v\u0259 \u0259l\u0259yk\u0259 t\u0259v\u0259kk\u0259ltu ya vasi\u0259l m\u0259\u011ffir\u0259t-i\u011ffirli!\u201d T\u0259rc\u00fcm\u0259si:\u00a0\u201c\u0130lahi, S\u0259nin \u00fc\u00e7\u00fcn oruc tutdum v\u0259 S\u0259nin ruzinl\u0259&hellip;<\/p>\n","protected":false},"author":2,"featured_media":166566,"comment_status":"closed","ping_status":"closed","sticky":false,"template":"","format":"standard","meta":{"om_disable_all_campaigns":false,"_monsterinsights_skip_tracking":false,"_monsterinsights_sitenote_active":false,"_monsterinsights_sitenote_note":"","_monsterinsights_sitenote_category":0},"categories":[19],"tags":[],"aioseo_notices":[],"gutentor_comment":0,"rttpg_featured_image_url":{"full":["https:\/\/arantv.az\/wp-content\/uploads\/2020\/05\/iftar-3.jpg",620,413,false],"landscape":["https:\/\/arantv.az\/wp-content\/uploads\/2020\/05\/iftar-3.jpg",620,413,false],"portraits":["https:\/\/arantv.az\/wp-content\/uploads\/2020\/05\/iftar-3.jpg",620,413,false],"thumbnail":["https:\/\/arantv.az\/wp-content\/uploads\/2020\/05\/iftar-3-150x150.jpg",150,150,true],"medium":["https:\/\/arantv.az\/wp-content\/uploads\/2020\/05\/iftar-3-300x200.jpg",300,200,true],"large":["https:\/\/arantv.az\/wp-content\/uploads\/2020\/05\/iftar-3.jpg",620,413,false],"1536x1536":["https:\/\/arantv.az\/wp-content\/uploads\/2020\/05\/iftar-3.jpg",620,413,false],"2048x2048":["https:\/\/arantv.az\/wp-content\/uploads\/2020\/05\/iftar-3.jpg",620,413,false],"post-thumbnail":["https:\/\/arantv.az\/wp-content\/uploads\/2020\/05\/iftar-3-240x172.jpg",240,172,true],"advps-thumb-one":["https:\/\/arantv.az\/wp-content\/uploads\/2020\/05\/iftar-3.jpg",620,413,false]},"rttpg_author":{"display_name":"V\u00fcsal Rafiqo\u011flu","author_link":"https:\/\/arantv.az\/?author=2"},"rttpg_comment":0,"rttpg_category":"<a href=\"https:\/\/arantv.az\/?cat=19\" rel=\"category\">G\u00fcnd\u0259m<\/a>","rttpg_excerpt":"Sabah Ramazan ay\u0131n\u0131n 23-c\u00fc g\u00fcn\u00fcd\u00fcr. Qafqaz M\u00fcs\u0259lmanlar\u0131 \u0130dar\u0259sinin a\u00e7\u0131qlad\u0131\u011f\u0131 Ramazan t\u0259qvimin\u0259 \u0259sas\u0259n, may\u0131n 17-d\u0259 imsak vaxt\u0131 saat 03:36-da, iftar vaxt\u0131 is\u0259 20:07-d\u0259dir. 23-c\u00fc g\u00fcn\u00fcn imsak vaxt\u0131n\u0131n duas\u0131n\u0131 t\u0259qdim edirik: Duan\u0131n oxunu\u015fu:\u00a0\u201cAllahumm\u0259\u011fsilni fihi min\u0259z-zunub. V\u0259 t\u0259hhirni fihi min\u0259l-uyub. V\u0259mt\u0259hin q\u0259lbi fihi bit\u0259qval-qulub. Ya muqil\u0259 \u0259s\u0259ratil-muznibin!\u201d. T\u0259rc\u00fcm\u0259si:\u00a0\u201c\u0130lahi, bu g\u00fcn m\u0259nim g\u00fcnahlar\u0131m\u0131 yuyub, m\u0259ni eybl\u0259rd\u0259n t\u0259mizl\u0259! Bu g\u00fcn&hellip;","_links":{"self":[{"href":"https:\/\/arantv.az\/index.php?rest_route=\/wp\/v2\/posts\/166565"}],"collection":[{"href":"https:\/\/arantv.az\/index.php?rest_route=\/wp\/v2\/posts"}],"about":[{"href":"https:\/\/arantv.az\/index.php?rest_route=\/wp\/v2\/types\/post"}],"author":[{"embeddable":true,"href":"https:\/\/arantv.az\/index.php?rest_route=\/wp\/v2\/users\/2"}],"replies":[{"embeddable":true,"href":"https:\/\/arantv.az\/index.php?rest_route=%2Fwp%2Fv2%2Fcomments&post=166565"}],"version-history":[{"count":0,"href":"https:\/\/arantv.az\/index.php?rest_route=\/wp\/v2\/posts\/166565\/revisions"}],"wp:featuredmedia":[{"embeddable":true,"href":"https:\/\/arantv.az\/index.php?rest_route=\/wp\/v2\/media\/166566"}],"wp:attachment":[{"href":"https:\/\/arantv.az\/index.php?rest_route=%2Fwp%2Fv2%2Fmedia&parent=166565"}],"wp:term":[{"taxonomy":"category","embeddable":true,"href":"https:\/\/arantv.az\/index.php?rest_route=%2Fwp%2Fv2%2Fcategories&post=166565"},{"taxonomy":"post_tag","embeddable":true,"href":"https:\/\/arantv.az\/index.php?rest_route=%2Fwp%2Fv2%2Ftags&post=166565"}],"curies":[{"name":"wp","href":"https:\/\/api.w.org\/{rel}","templated":true}]}}