{"id":166591,"date":"2020-05-16T20:52:53","date_gmt":"2020-05-16T17:52:53","guid":{"rendered":"http:\/\/arantv.az\/?p=166591"},"modified":"2020-05-16T20:52:53","modified_gmt":"2020-05-16T17:52:53","slug":"4-rayonda-icra-bascisi-olmus-nazim-ismayilovun-vaxti-saatlida-niy%c9%99-bitdi-oglu-v%c9%99-milyonlar","status":"publish","type":"post","link":"https:\/\/arantv.az\/?p=166591","title":{"rendered":"4 rayonda icra ba\u015f\u00e7\u0131s\u0131 olmu\u015f Nazim \u0130smay\u0131lovun vaxt\u0131 Saatl\u0131da niy\u0259 bitdi &#8211; o\u011flu v\u0259 milyonlar&#8230;"},"content":{"rendered":"<p>Prezidenti \u0130lham \u018fliyev may\u0131n 16-da Nazim\u00a0\u0130smay\u0131lovun Saatl\u0131 Rayon \u0130cra Hakimiyy\u0259tinin ba\u015f\u00e7\u0131s\u0131 v\u0259zif\u0259sind\u0259n azad edilm\u0259si\u00a0 haqda s\u0259r\u0259ncam imzalay\u0131b. C\u0259mi bir il \u0259vv\u0259l-may\u0131n 17-d\u0259 Saatl\u0131 rayonuna icra ba\u015f\u00e7\u0131s\u0131 t\u0259yin edil\u0259n N.\u0130smay\u0131lov bundan \u0259vv\u0259l Sabirabada r\u0259hb\u0259rlik etmi\u015fdi.<\/p>\n<p><strong>ARANTV.AZ<\/strong> x\u0259b\u0259r verir ki,Nazim \u0130smay\u0131lov Az\u0259rbaycan\u0131n \u0259n uzun \u00f6m\u00fcrl\u00fc icra ba\u015f\u00e7\u0131lardan hesab olunurdu. O, 24 iyul 1952-ci ild\u0259 G\u00f6y\u00e7ay rayonu K\u00fcrd\u015faban k\u0259ndind\u0259 anadan olub. 1974-c\u00fc ild\u0259 Az\u0259rbaycan Neft v\u0259 Kimya \u0130nstitutunu, 1991-ci ild\u0259 is\u0259 Bak\u0131 Sosial \u0130dar\u0259etm\u0259 v\u0259 Politologiya \u0130nstitutunu bitirmi\u015fdir. \u0130xtisasca istilik energetik m\u00fch\u0259ndisi v\u0259 politoloqdur.<\/p>\n<p>\u018fm\u0259k f\u0259aliyy\u0259tin\u0259 1974-c\u00fc ild\u0259 &#8220;Sumqay\u0131tkimyas\u0259naye&#8221; \u0130stehsalat Birliyi Oktyabr inqilab\u0131n\u0131n 50 illiyi ad\u0131na \u00fczv\u00fc m\u0259hsullar zavodunda m\u00fch\u0259ndis kimi ba\u015flay\u0131b.<\/p>\n<p><img src=\"https:\/\/mediatv.az\/uploads\/posts\/2019-10\/1571035250_f175df06e7bfa08740e4fa4d658861ee.jpg\" alt=\"Sakinl\u0259r Nazim \u0130smay\u0131lovu tapa bilmir... \u00bb Mediatv.az informasiya ...\" width=\"820\" \/><\/p>\n<p>1977-1980-c\u0131 ill\u0259rd\u0259 G\u00f6y\u00e7ay Birl\u0259\u015fmi\u015f Qazanxana v\u0259 \u0130stilik \u015e\u0259b\u0259k\u0259l\u0259ri idar\u0259sind\u0259 usta v\u0259 direktor,\u00a01980-1981-ci ill\u0259rd\u0259 G\u00f6y\u00e7ay rayonu Partiya Komit\u0259sind\u0259 t\u0259limat\u00e7\u0131, \u015f\u00f6b\u0259 m\u00fcdiri, 1981-1989-cu ill\u0259rd\u0259 G\u00f6y\u00e7ay rayonu Xalq N\u0259zar\u0259ti Komit\u0259sinin s\u0259dri, 1989-1990-c\u0131 ill\u0259rd\u0259 G\u00f6y\u00e7ay rayonu partiyak komit\u0259sinin katibi, 1990-1991-ci ill\u0259rd\u0259 G\u00f6y\u00e7ay rayonu Xalq Deputatlar\u0131 Sovetinin s\u0259dr m\u00fcavini i\u015fl\u0259yib. Az\u0259rbaycan m\u00fcst\u0259qillik qazanandan sonra,\u00a0G\u00f6y\u00e7ay rayonu \u0130cra Hakimiyy\u0259ti ba\u015f\u00e7\u0131s\u0131n\u0131n birinci m\u00fcavini,\u00a0<strong>2001-2006<\/strong>-c\u0131 ill\u0259rd\u0259 G\u00f6y\u00e7ay rayonu \u0130cra Hakimiyy\u0259tinin ba\u015f\u00e7\u0131s\u0131 i\u015fl\u0259yib. Daha sonra\u00a0<strong>2006-2011<\/strong>-ci ill\u0259rd\u0259 \u015eamax\u0131 rayonu \u0130cra Hakimiyy\u0259tinin ba\u015f\u00e7\u0131s\u0131, 2011-2019-ci ill\u0259rd\u0259 Sabirabad rayonu \u0130cra Hakimiyy\u0259tinin ba\u015f\u00e7\u0131s\u0131,\u00a0<strong>2019<\/strong>-cu ild\u0259n Saatl\u0131 rayonu \u0130cra Hakimiyy\u0259tinin ba\u015f\u00e7\u0131s\u0131 v\u0259zif\u0259sind\u0259 olub.<\/p>\n<p><img src=\"https:\/\/azfakt.com\/photos\/ggggggggggg.jfif\" alt=\"AzFakt\" width=\"820\" \/><\/p>\n<p>Yeni Az\u0259rbaycan Partiyas\u0131 Siyasi \u015euran\u0131n \u00fczv\u00fcd\u00fcr.<\/p>\n<p>\u00dc\u00e7 \u00f6vlad\u0131 var.<\/p>\n<p>Yeri g\u0259lmi\u015fk\u0259n,\u00a0 bir m\u00fcdd\u0259t \u0259vv\u0259l\u00a0 o\u011flu Anar \u0130smay\u0131lovun Kanadada \u015firk\u0259ti v\u0259 m\u00fclk\u00fc \u00fcz\u0259 \u00e7\u0131xmas\u0131 bar\u0259d\u0259 x\u0259b\u0259rl\u0259r vard\u0131.<\/p>\n<p><img src=\"https:\/\/baku.ws\/uploads\/posts\/2019-09\/1567509837_1567494803_anar.jpg\" \/><\/p>\n<p>\u0130ddia olunurdu ki, sabiq\u00a0ba\u015f\u00e7\u0131 o\u011flunun \u015firk\u0259ti v\u0259 m\u00fclk\u00fc Anar \u0130smay\u0131lovun Kanadan\u0131n paytaxt\u0131 Torontonun &#8220;North York\u201d b\u00f6lg\u0259sind\u0259 yerl\u0259\u015fir.<\/p>\n<p><img src=\"https:\/\/baku.ws\/uploads\/posts\/2019-09\/1567509807_1567494774_kanada.jpg\" width=\"820\" \/><\/p>\n<p>Anar \u0130smay\u0131lovun m\u00fclk\u00fcn\u00fcn 1 milyon 300 min dollar (<strong>2 milyon 210 min manat<\/strong>) d\u0259y\u0259rind\u0259 oldu\u011fu bildirilirdi.\u00a0\u00a0Anar \u0130smay\u0131lov sosial \u015f\u0259b\u0259k\u0259l\u0259rd\u0259 m\u0259\u015fhurla\u015fm\u0131\u015f\u0131. O, 150 minlik Lexus-570 ma\u015f\u0131n\u0131n\u0131n fotosunu payla\u015fm\u0131\u015fd\u0131.<\/p>\n<p><img src=\"https:\/\/teref.az\/uploads\/posts\/2019-09\/1567482487_3.jpg\" width=\"820\" \/><\/p>\n<p>Artiq sabiq hesab olunan icra ba\u015f\u00e7\u0131s\u0131n\u0131n\u00a0 d\u0259bd\u0259b\u0259li h\u0259yat t\u0259rzi s\u00fcr\u0259n m\u0259murlardan biri kimi tan\u0131n\u0131rd\u0131. Nazim \u0130smay\u0131lovun m\u00fclkl\u0259ri bar\u0259d\u0259 \u00f6lk\u0259 m\u0259tbuatda m\u0259lumatlar d\u0259rc olunub. H\u0259min m\u0259lumatlarda qeyd olunur ki, icra ba\u015f\u00e7\u0131s\u0131n\u0131n Bak\u0131da bir ne\u00e7\u0259 villas\u0131, y\u00fczminl\u0259rl\u0259 manat d\u0259y\u0259rind\u0259 ma\u015f\u0131nlar\u0131, ba\u015fqa d\u0259y\u0259rli obyektl\u0259ri var.<\/p>\n<p>M\u00f6vzunu davam etdir\u0259c\u0259yik.<\/p>\n<p><strong><br \/>\n<\/strong>Musavat. com<\/p>\n","protected":false},"excerpt":{"rendered":"<p>Prezidenti \u0130lham \u018fliyev may\u0131n 16-da Nazim\u00a0\u0130smay\u0131lovun Saatl\u0131 Rayon \u0130cra Hakimiyy\u0259tinin ba\u015f\u00e7\u0131s\u0131 v\u0259zif\u0259sind\u0259n azad edilm\u0259si\u00a0 haqda s\u0259r\u0259ncam imzalay\u0131b. C\u0259mi bir il \u0259vv\u0259l-may\u0131n 17-d\u0259 Saatl\u0131 rayonuna icra ba\u015f\u00e7\u0131s\u0131 t\u0259yin edil\u0259n N.\u0130smay\u0131lov bundan \u0259vv\u0259l Sabirabada r\u0259hb\u0259rlik etmi\u015fdi. ARANTV.AZ x\u0259b\u0259r verir ki,Nazim \u0130smay\u0131lov Az\u0259rbaycan\u0131n \u0259n uzun \u00f6m\u00fcrl\u00fc icra ba\u015f\u00e7\u0131lardan hesab olunurdu. O, 24 iyul 1952-ci ild\u0259 G\u00f6y\u00e7ay rayonu K\u00fcrd\u015faban k\u0259ndind\u0259 anadan olub. 1974-c\u00fc ild\u0259 Az\u0259rbaycan Neft v\u0259 Kimya \u0130nstitutunu, 1991-ci ild\u0259 is\u0259 Bak\u0131 Sosial \u0130dar\u0259etm\u0259 v\u0259 Politologiya \u0130nstitutunu bitirmi\u015fdir. \u0130xtisasca istilik energetik m\u00fch\u0259ndisi v\u0259 politoloqdur. \u018fm\u0259k f\u0259aliyy\u0259tin\u0259 1974-c\u00fc ild\u0259 &#8220;Sumqay\u0131tkimyas\u0259naye&#8221; \u0130stehsalat Birliyi Oktyabr inqilab\u0131n\u0131n&hellip;<\/p>\n","protected":false},"author":2,"featured_media":166594,"comment_status":"closed","ping_status":"closed","sticky":false,"template":"","format":"standard","meta":{"om_disable_all_campaigns":false,"_monsterinsights_skip_tracking":false,"_monsterinsights_sitenote_active":false,"_monsterinsights_sitenote_note":"","_monsterinsights_sitenote_category":0},"categories":[19],"tags":[],"aioseo_notices":[],"gutentor_comment":0,"rttpg_featured_image_url":{"full":["https:\/\/arantv.az\/wp-content\/uploads\/2020\/05\/33d38715462075207612cf1a6c1f69c3.jpg",450,300,false],"landscape":["https:\/\/arantv.az\/wp-content\/uploads\/2020\/05\/33d38715462075207612cf1a6c1f69c3.jpg",450,300,false],"portraits":["https:\/\/arantv.az\/wp-content\/uploads\/2020\/05\/33d38715462075207612cf1a6c1f69c3.jpg",450,300,false],"thumbnail":["https:\/\/arantv.az\/wp-content\/uploads\/2020\/05\/33d38715462075207612cf1a6c1f69c3-150x150.jpg",150,150,true],"medium":["https:\/\/arantv.az\/wp-content\/uploads\/2020\/05\/33d38715462075207612cf1a6c1f69c3-300x200.jpg",300,200,true],"large":["https:\/\/arantv.az\/wp-content\/uploads\/2020\/05\/33d38715462075207612cf1a6c1f69c3.jpg",450,300,false],"1536x1536":["https:\/\/arantv.az\/wp-content\/uploads\/2020\/05\/33d38715462075207612cf1a6c1f69c3.jpg",450,300,false],"2048x2048":["https:\/\/arantv.az\/wp-content\/uploads\/2020\/05\/33d38715462075207612cf1a6c1f69c3.jpg",450,300,false],"post-thumbnail":["https:\/\/arantv.az\/wp-content\/uploads\/2020\/05\/33d38715462075207612cf1a6c1f69c3-240x172.jpg",240,172,true],"advps-thumb-one":["https:\/\/arantv.az\/wp-content\/uploads\/2020\/05\/33d38715462075207612cf1a6c1f69c3.jpg",450,300,false]},"rttpg_author":{"display_name":"V\u00fcsal Rafiqo\u011flu","author_link":"https:\/\/arantv.az\/?author=2"},"rttpg_comment":0,"rttpg_category":"<a href=\"https:\/\/arantv.az\/?cat=19\" rel=\"category\">G\u00fcnd\u0259m<\/a>","rttpg_excerpt":"Prezidenti \u0130lham \u018fliyev may\u0131n 16-da Nazim\u00a0\u0130smay\u0131lovun Saatl\u0131 Rayon \u0130cra Hakimiyy\u0259tinin ba\u015f\u00e7\u0131s\u0131 v\u0259zif\u0259sind\u0259n azad edilm\u0259si\u00a0 haqda s\u0259r\u0259ncam imzalay\u0131b. C\u0259mi bir il \u0259vv\u0259l-may\u0131n 17-d\u0259 Saatl\u0131 rayonuna icra ba\u015f\u00e7\u0131s\u0131 t\u0259yin edil\u0259n N.\u0130smay\u0131lov bundan \u0259vv\u0259l Sabirabada r\u0259hb\u0259rlik etmi\u015fdi. ARANTV.AZ x\u0259b\u0259r verir ki,Nazim \u0130smay\u0131lov Az\u0259rbaycan\u0131n \u0259n uzun \u00f6m\u00fcrl\u00fc icra ba\u015f\u00e7\u0131lardan hesab olunurdu. O, 24 iyul 1952-ci ild\u0259 G\u00f6y\u00e7ay rayonu K\u00fcrd\u015faban&hellip;","_links":{"self":[{"href":"https:\/\/arantv.az\/index.php?rest_route=\/wp\/v2\/posts\/166591"}],"collection":[{"href":"https:\/\/arantv.az\/index.php?rest_route=\/wp\/v2\/posts"}],"about":[{"href":"https:\/\/arantv.az\/index.php?rest_route=\/wp\/v2\/types\/post"}],"author":[{"embeddable":true,"href":"https:\/\/arantv.az\/index.php?rest_route=\/wp\/v2\/users\/2"}],"replies":[{"embeddable":true,"href":"https:\/\/arantv.az\/index.php?rest_route=%2Fwp%2Fv2%2Fcomments&post=166591"}],"version-history":[{"count":0,"href":"https:\/\/arantv.az\/index.php?rest_route=\/wp\/v2\/posts\/166591\/revisions"}],"wp:featuredmedia":[{"embeddable":true,"href":"https:\/\/arantv.az\/index.php?rest_route=\/wp\/v2\/media\/166594"}],"wp:attachment":[{"href":"https:\/\/arantv.az\/index.php?rest_route=%2Fwp%2Fv2%2Fmedia&parent=166591"}],"wp:term":[{"taxonomy":"category","embeddable":true,"href":"https:\/\/arantv.az\/index.php?rest_route=%2Fwp%2Fv2%2Fcategories&post=166591"},{"taxonomy":"post_tag","embeddable":true,"href":"https:\/\/arantv.az\/index.php?rest_route=%2Fwp%2Fv2%2Ftags&post=166591"}],"curies":[{"name":"wp","href":"https:\/\/api.w.org\/{rel}","templated":true}]}}