{"id":166593,"date":"2020-05-16T21:01:38","date_gmt":"2020-05-16T18:01:38","guid":{"rendered":"http:\/\/arantv.az\/?p=166593"},"modified":"2020-05-16T21:01:38","modified_gmt":"2020-05-16T18:01:38","slug":"masalli-rayon-icra-hakimiyy%c9%99tinin-bascisi-yaz-tarla-isl%c9%99rinin-gedisi-il%c9%99-tanis-olub","status":"publish","type":"post","link":"https:\/\/arantv.az\/?p=166593","title":{"rendered":"Masall\u0131 rayon \u0130cra hakimiyy\u0259tinin ba\u015f\u00e7\u0131s\u0131 yaz-tarla i\u015fl\u0259rinin gedi\u015fi il\u0259 tan\u0131\u015f olub"},"content":{"rendered":"<div class=\"_1dwg _1w_m _q7o\" data-vc-ignore-dynamic=\"1\">\n<div id=\"js_16\" class=\"_5pbx userContent _3576\" data-testid=\"post_message\" data-ft=\"{&quot;tn&quot;:&quot;K&quot;}\">\n<p>16 may 2020-ci il tarixd\u0259 Masall\u0131 Rayon \u0130cra Hakimiyy\u0259tinin ba\u015f\u00e7\u0131s\u0131 \u015eahin M\u0259mm\u0259dov Q\u0131z\u0131la\u011fac k\u0259ndind\u0259 yaz-tarla i\u015fl\u0259rinin gedi\u015fi, t\u0259s\u0259rr\u00fcfat sah\u0259l\u0259rind\u0259ki m\u00f6vcud v\u0259ziyy\u0259tl\u0259 tan\u0131\u015f olub.<\/p>\n<p>Son ill\u0259r \u00f6lk\u0259mizd\u0259 qeyri-neft sektorunun inki\u015faf\u0131 d\u00f6vl\u0259t siyas\u0259tinin prioritet istiqam\u0259tl\u0259rind\u0259n biridir. Bunu c\u0259nab Prezident \u0130lham \u018fliyevin r\u0259hb\u0259rliyi il\u0259 k\u0259nd t\u0259s\u0259rr\u00fcfat\u0131n\u0131n inki\u015faf etdirilm\u0259si istiqam\u0259tind\u0259 h\u0259yata ke\u00e7iril\u0259n islahatlardan, m\u0259qs\u0259dy\u00f6nl\u00fc t\u0259dbirl\u0259rd\u0259n d\u0259 ayd\u0131n \u015f\u0259kild\u0259 g\u00f6rm\u0259k olar.<br \/>\n2004-2008, 2009-2013, 2014-2018 v\u0259 2019-2023-c\u00fc ill\u0259ri \u0259hat\u0259 ed\u0259n D\u00f6vl\u0259t Proqramlar\u0131n\u0131n realla\u015fd\u0131r\u0131lmas\u0131 n\u0259tic\u0259sind\u0259 k\u0259nd t\u0259s\u0259rr\u00fcfat\u0131 sah\u0259sind\u0259 b\u00f6y\u00fck infrastruktur yarad\u0131lm\u0131\u015f, qeyri-neft sektorunun inki\u015faf\u0131nda aqrar sektorun pay\u0131 xeyli artm\u0131\u015fd\u0131r. M\u0259hz \u00f6lk\u0259 r\u0259hb\u0259ri v\u0259 d\u00f6vl\u0259t t\u0259r\u0259find\u0259n veril\u0259n d\u0259st\u0259k say\u0259sind\u0259 k\u0259nd t\u0259s\u0259rr\u00fcfat\u0131 il\u0259 m\u0259\u015f\u011ful olan fermerl\u0259r \u0259kin sah\u0259l\u0259rini geni\u015fl\u0259ndirm\u0259y\u0259 \u00e7al\u0131\u015f\u0131r, aqrar sektorda b\u00f6y\u00fck \u00e7\u0259kiy\u0259 malik olan bu sah\u0259nin inki\u015faf etm\u0259si \u00fc\u00e7\u00fcn \u00f6z t\u00f6hf\u0259l\u0259rini verm\u0259y\u0259 can at\u0131rlar. Respublikam\u0131z\u0131n h\u0259r yerind\u0259 oldu\u011fu kimi, Masall\u0131 rayonunda da \u00f6lk\u0259 iqtisadiyyat\u0131nda neft v\u0259 tikinti sah\u0259l\u0259rind\u0259n sonra \u00fc\u00e7\u00fcnc\u00fc \u0259n iri sah\u0259 olan, i\u015f yerl\u0259rinin yarad\u0131lmas\u0131nda b\u00f6y\u00fck pay sahibi olan aqrar sah\u0259nin inki\u015faf etdirilm\u0259si \u00fc\u00e7\u00fcn m\u0259qs\u0259dy\u00f6nl\u00fc t\u0259dbirl\u0259r h\u0259yata ke\u00e7irilir. Masall\u0131 Rayon \u0130cra Hakimiyy\u0259tinin ba\u015f\u00e7\u0131s\u0131 \u015eahin M\u0259mm\u0259dov t\u0259r\u0259find\u0259n k\u0259nd t\u0259s\u0259rr\u00fcfat\u0131 sah\u0259sin\u0259 g\u00f6st\u0259ril\u0259n diqq\u0259t v\u0259 qay\u011f\u0131n\u0131n, sahibkarlara, k\u0259nd adamlar\u0131na olan s\u0259mimi m\u00fcnasib\u0259tin n\u0259tic\u0259sidir ki, cari ild\u0259 d\u0259 rayonda \u0259kin sah\u0259l\u0259ri geni\u015fl\u0259ndirilir. Bel\u0259 ki, 2019-cu ild\u0259 217 hektar sah\u0259d\u0259 \u00e7\u0259ltik \u0259kilirdis\u0259, cari ild\u0259 \u00e7\u0259ltik \u0259kinl\u0259rinin 250 hektara \u00e7atd\u0131r\u0131lmas\u0131 planla\u015fd\u0131r\u0131l\u0131r. \u0130ndiy\u0259d\u0259k 128 hektar sah\u0259 \u0259kin\u0259 tam haz\u0131rlan\u0131b.<br \/>\n\u201cMasall\u0131 Nem\u0259tl\u0259ri\u201d M\u0259hdud M\u0259suliyy\u0259tli C\u0259miyy\u0259ti Q\u0131z\u0131la\u011fac k\u0259ndind\u0259 31 hektar sah\u0259d\u0259 \u00e7\u0259ltik yeti\u015fdir\u0259c\u0259k. Torpaq s\u0259pin\u0259 tam haz\u0131rlan\u0131b. Tarlada q\u0131z\u011f\u0131n i\u015f gedir. Rayon r\u0259hb\u0259ri \u0259kilmi\u015f sah\u0259ni g\u0259zir, \u0259kinin keyfiyy\u0259ti il\u0259 maraqlan\u0131r. DA\u0130M-in m\u00fct\u0259x\u0259ssisl\u0259ri \u0259kinin nec\u0259 ke\u00e7irilm\u0259si bar\u0259d\u0259 m\u0259lumat verirl\u0259r.<br \/>\n\u201cMasall\u0131 Nem\u0259tl\u0259ri\u201dnin icra\u00e7\u0131 direktoru Elxan Q\u0259nb\u0259rov bildirir ki, durdu\u011fumuz yer 1,75 hektard\u0131r. B\u00fct\u00fcn \u015fum i\u015fl\u0259rini vaxt\u0131nda g\u00f6rm\u00fc\u015f\u00fck. Havan\u0131n xo\u015f ke\u00e7m\u0259sind\u0259n istifad\u0259 ed\u0259r\u0259k \u0259kini q\u0131sa m\u00fcdd\u0259td\u0259 ba\u015fa \u00e7atd\u0131raca\u011f\u0131q.<br \/>\nRayon r\u0259hb\u0259ri Az\u0259rbaycan Respublikas\u0131n\u0131n Prezidenti c\u0259nab \u0130lham \u018fliyevin L\u0259nk\u0259ran \u015f\u0259h\u0259rind\u0259 ke\u00e7iril\u0259n rayonumuz \u00fc\u00e7\u00fcn \u0259n\u0259n\u0259vi \u0259kin sah\u0259l\u0259ri olan \u00e7ay, \u00e7\u0259ltik v\u0259 sitrus meyv\u0259l\u0259ri istehsal\u0131n\u0131n inki\u015faf\u0131 m\u0259s\u0259l\u0259l\u0259rin\u0259 dair respublika m\u00fc\u015favir\u0259sind\u0259ki nitqind\u0259n ir\u0259li g\u0259l\u0259n v\u0259zif\u0259l\u0259rd\u0259n dan\u0131\u015faraq qeyd etdi ki, d\u00f6vl\u0259t ba\u015f\u00e7\u0131s\u0131n\u0131n respublikam\u0131zda \u00e7\u0259ltik\u00e7iliyin inki\u015faf etdirilm\u0259si istiqam\u0259tind\u0259 verdiyi tap\u015f\u0131r\u0131q v\u0259 t\u00f6vsiy\u0259l\u0259r Masall\u0131da da u\u011furla icra olunur. Bu, \u00e7ox m\u00fcsb\u0259t hald\u0131r.<br \/>\nMexanizator Ramil Balaki\u015fiyev sah\u0259d\u0259 d\u00f6vr\u0259 vurub, toxum s\u0259p\u0259n aqreqat\u0131 \u00abYum\u015faq d\u00fcy\u00fc\u00bb toxumu il\u0259 doldurur.<br \/>\nE.Q\u0259nb\u0259rovdan \u00f6yr\u0259nirik ki, bir kvadrat metr\u0259 25 \u0259d\u0259d toxum d\u00fc\u015f\u00fcr. H\u0259r hektardan 80-100 sentner m\u0259hsul g\u00f6t\u00fcrm\u0259yi planla\u015fd\u0131rm\u0131\u015f\u0131q.<br \/>\nT\u0259r\u0259v\u0259z\u00e7ilik Masall\u0131da \u0259n\u0259n\u0259vi sah\u0259l\u0259rd\u0259n hesab olunur.<br \/>\nBir az aral\u0131da pomidor \u0259kil\u0259n yer\u0259 g\u0259ldik. Torpa\u011f\u0131 \u015fumlanm\u0131\u015f c\u0259rg\u0259l\u0259raras\u0131 sah\u0259d\u0259 cari ilin m\u0259hsulu \u00fc\u00e7\u00fcn pomidor \u0259kilir. Torpa\u011f\u0131n icar\u0259y\u0259 g\u00f6t\u00fcr\u00fcld\u00fcy\u00fcn\u00fc dey\u0259n \u00abAz\u0259rsun\u00bbun ba\u015f aqronomu rayon r\u0259hb\u0259rin\u0259 bildirir ki, \u0259kin\u0259 may\u0131n 5-d\u0259n ba\u015flam\u0131\u015f\u0131q. 32 hektarda bib\u0259r \u0259kinini aqritexniki qaydada yerin\u0259 yetirmi\u015fik, 8 hektarda da \u0259k\u0259c\u0259yik.<br \/>\nG\u00fcn \u0259rzind\u0259 tarlada 70-80 n\u0259f\u0259r qad\u0131n i\u015f\u00e7i \u00e7al\u0131\u015f\u0131r.<br \/>\nRayon \u0130cra hakimiyy\u0259tinin ba\u015f\u00e7\u0131s\u0131 \u015eahin M\u0259mm\u0259dov t\u0259r\u0259v\u0259z bec\u0259r\u0259n i\u015f\u00e7i qad\u0131nlara koronavirusla ba\u011fl\u0131 b\u00fct\u00fcn qaydalara \u0259m\u0259l etm\u0259yi, ara m\u0259saf\u0259 saxlama\u011f\u0131 t\u00f6vsiy\u0259 etdi. Karantin qaydalar\u0131 yum\u015fald\u0131l\u0131b, h\u0259l\u0259 l\u0259\u011fv olunmay\u0131b &#8211; dey\u0259 R\u0130H ba\u015f\u00e7\u0131s\u0131 bildirdi.<br \/>\nRayon r\u0259hb\u0259ri t\u0259r\u0259find\u0259n \u0259m\u0259k\u00e7il\u0259r\u0259 maska v\u0259 spirt paylan\u0131ld\u0131.<br \/>\nQad\u0131nlar bib\u0259r \u015fitilini d\u0259 h\u0259v\u0259sl\u0259 c\u0259rg\u0259l\u0259r\u0259 k\u00f6\u00e7\u00fcr\u00fcrd\u00fcl\u0259r.<br \/>\nQeyd olunur ki, bir hektara 36 min\u0259 yax\u0131n \u015fitil \u0259kilir. 1 hektar\u0131n m\u0259hsuldarl\u0131\u011f\u0131n\u0131n 350 sentner\u0259 \u00e7atd\u0131r\u0131lmas\u0131 planla\u015fd\u0131r\u0131l\u0131r.<br \/>\n\u00abAz\u0259rsun Holdinq\u00bb t\u0259r\u0259find\u0259n Q\u0131z\u0131la\u011fac \u0259razisind\u0259 100 hektarda tax\u0131l yeti\u015fdirilir. Tax\u0131l z\u0259mil\u0259ri d\u0259 g\u00f6z ox\u015fay\u0131r.<br \/>\n\u0130cra ba\u015f\u00e7\u0131s\u0131 t\u0259r\u0259v\u0259z bec\u0259r\u0259nl\u0259r\u0259 i\u015fl\u0259rind\u0259 u\u011furlar, bol m\u0259hsul g\u00f6t\u00fcrm\u0259yi arzulay\u0131r. Buna g\u00f6r\u0259 onlar rayon r\u0259hb\u0259rin\u0259 minn\u0259tdarl\u0131q bildirdil\u0259r.<br \/>\nQon\u015fuluqdak\u0131 sah\u0259d\u0259 qar\u011f\u0131dal\u0131 sah\u0259l\u0259rin\u0259 sell\u0259m\u0259 su verilirdi.<br \/>\nRayon r\u0259hb\u0259ri yaz-tarla i\u015fl\u0259rinin indiki q\u0131z\u011f\u0131n \u00e7a\u011f\u0131nda \u0259kin sah\u0259l\u0259rinin vaxtl\u0131-vaxt\u0131nda suvarma suyu il\u0259 t\u0259min olunmas\u0131, x\u00fcsusil\u0259 d\u0259 su itkisinin qar\u015f\u0131s\u0131n\u0131n al\u0131nmas\u0131 istiqam\u0259tind\u0259 m\u0259qs\u0259dy\u00f6nl\u00fc i\u015fl\u0259r g\u00f6r\u00fcld\u00fcy\u00fcn\u00fc v\u0259 bu sah\u0259d\u0259 Vil\u0259\u015f\u00e7ay su anbar\u0131n\u0131n yax\u015f\u0131 i\u015fini qeyd etdi.<br \/>\nQ\u0131z\u0131la\u011facl\u0131 fermer K\u0259rim K\u0259rimli bildirdi ki, 3 ildir qar\u011f\u0131dal\u0131 \u0259kib-bec\u0259ririk. Cari ild\u0259 6 hektar sah\u0259ni s\u0259pmi\u015fik. 15 g\u00fcnd\u00fcr suvar\u0131r\u0131q. H\u0259m\u00e7inin 3,5 hektar sah\u0259d\u0259 \u00e7iy\u0259l\u0259k \u0259kmi\u015fik.<br \/>\nBir az aral\u0131da is\u0259 q\u0131z\u0131la\u011facl\u0131 qad\u0131nlar t\u00fct\u00fcn \u0259kirdil\u0259r. K\u0259ndin b\u0259l\u0259diyy\u0259 s\u0259dri \u015eamil M\u0259mm\u0259dov dedi ki, \u015fitili X\u0131rmandal\u0131dan g\u0259tirmi\u015fik. Keyfiyy\u0259tlidir, \u0259kin \u00fc\u00e7\u00fcn yararl\u0131d\u0131r. 6 hektar sah\u0259d\u0259 t\u00fct\u00fcn \u0259k\u0259c\u0259yik. Yax\u0131n g\u00fcnl\u0259rd\u0259 \u0259kini ba\u015fa \u00e7atd\u0131raca\u011f\u0131q.<br \/>\nQeyd ed\u0259k ki, 2020-ci ilin m\u0259hsulu \u00fc\u00e7\u00fcn \u0259kin\u0259 haz\u0131rl\u0131q m\u0259qs\u0259dil\u0259 17860 hektar sah\u0259y\u0259 \u015fum vurulmu\u015f, 12328 hektar sah\u0259d\u0259 pay\u0131zl\u0131q \u0259kinl\u0259r apar\u0131lm\u0131\u015fd\u0131r. Pazy\u0131zl\u0131q \u0259kinl\u0259rd\u0259n 6878 hektar\u0131 bu\u011fda, 2770 hektar\u0131 arpa v\u0259 2680 hektar\u0131 v\u0259l\u0259mir bitkisidir. Haz\u0131rki vaxtda 3600 ha sah\u0259d\u0259 yazl\u0131q \u0259kinl\u0259r apar\u0131l\u0131r. Art\u0131q rayon \u0259razisind\u0259 yazl\u0131q \u0259kinl\u0259rin q\u0131z\u011f\u0131n vaxt\u0131d\u0131r.<br \/>\n\u018fkin davam edir.<\/p>\n<\/div>\n<div class=\"_3x-2\" data-ft=\"{&quot;tn&quot;:&quot;H&quot;}\">\n<div data-ft=\"{&quot;tn&quot;:&quot;H&quot;}\">\n<div class=\"mtm\">\n<div class=\"_2a2q _65sr\">\n<div class=\"uiScaledImageContainer\"><\/div>\n<div class=\"uiScaledImageContainer\"><img loading=\"lazy\" class=\"scaledImageFitHeight img\" src=\"https:\/\/scontent.fgyd1-1.fna.fbcdn.net\/v\/t1.0-0\/p235x165\/97998465_3783892558347896_8614844388704518144_o.jpg?_nc_cat=109&amp;_nc_sid=8024bb&amp;_nc_oc=AQnWFJlLGQWRZPosp3X2pfOztnXNhGK7ooM1mIkn43NzjKSyVtr5c8-5rDo9dfACsoc&amp;_nc_ht=scontent.fgyd1-1.fna&amp;_nc_tp=6&amp;oh=90b086aa0e7f37be1970e156da64c1ee&amp;oe=5EE6345C\" alt=\"MASALLI RAYON \u0130CRA HAK\u0130M\u0130YY\u018fT\u0130 adl\u0131 \u015f\u0259xsin \u015f\u0259kli.\" width=\"247\" height=\"165\" data-src=\"https:\/\/scontent.fgyd1-1.fna.fbcdn.net\/v\/t1.0-0\/p235x165\/97998465_3783892558347896_8614844388704518144_o.jpg?_nc_cat=109&amp;_nc_sid=8024bb&amp;_nc_oc=AQnWFJlLGQWRZPosp3X2pfOztnXNhGK7ooM1mIkn43NzjKSyVtr5c8-5rDo9dfACsoc&amp;_nc_ht=scontent.fgyd1-1.fna&amp;_nc_tp=6&amp;oh=90b086aa0e7f37be1970e156da64c1ee&amp;oe=5EE6345C\" \/><\/div>\n<div class=\"uiScaledImageContainer\"><img loading=\"lazy\" class=\"scaledImageFitHeight img\" src=\"https:\/\/scontent.fgyd1-1.fna.fbcdn.net\/v\/t1.0-0\/p235x165\/97550685_3783892591681226_5995121278258774016_o.jpg?_nc_cat=108&amp;_nc_sid=8024bb&amp;_nc_oc=AQnUfvswQjwRVgAqHQTiABVBAR8vGjWFRfpyNxkhKTliCEZPlZGSOQJDfMqTDQtc_I0&amp;_nc_ht=scontent.fgyd1-1.fna&amp;_nc_tp=6&amp;oh=828406ea9dc2cb403808ec3666ec84bb&amp;oe=5EE6DB60\" alt=\"MASALLI RAYON \u0130CRA HAK\u0130M\u0130YY\u018fT\u0130 adl\u0131 \u015f\u0259xsin \u015f\u0259kli.\" width=\"248\" height=\"165\" data-src=\"https:\/\/scontent.fgyd1-1.fna.fbcdn.net\/v\/t1.0-0\/p235x165\/97550685_3783892591681226_5995121278258774016_o.jpg?_nc_cat=108&amp;_nc_sid=8024bb&amp;_nc_oc=AQnUfvswQjwRVgAqHQTiABVBAR8vGjWFRfpyNxkhKTliCEZPlZGSOQJDfMqTDQtc_I0&amp;_nc_ht=scontent.fgyd1-1.fna&amp;_nc_tp=6&amp;oh=828406ea9dc2cb403808ec3666ec84bb&amp;oe=5EE6DB60\" \/><\/div>\n<div class=\"uiScaledImageContainer\"><img loading=\"lazy\" class=\"scaledImageFitHeight img\" src=\"https:\/\/scontent.fgyd1-1.fna.fbcdn.net\/v\/t1.0-0\/p235x165\/97712665_3783892775014541_3324682304923631616_o.jpg?_nc_cat=103&amp;_nc_sid=8024bb&amp;_nc_oc=AQlSyKnFLGgOWo7fvLw_7WiehPnQNo5J4FjaEj79x0R1ojG1LOO24cEnhm0o2UYKrNY&amp;_nc_ht=scontent.fgyd1-1.fna&amp;_nc_tp=6&amp;oh=e0873cdb814e34449cd89a905178c33e&amp;oe=5EE59FB4\" alt=\"MASALLI RAYON \u0130CRA HAK\u0130M\u0130YY\u018fT\u0130 adl\u0131 \u015f\u0259xsin \u015f\u0259kli.\" width=\"263\" height=\"165\" data-src=\"https:\/\/scontent.fgyd1-1.fna.fbcdn.net\/v\/t1.0-0\/p235x165\/97712665_3783892775014541_3324682304923631616_o.jpg?_nc_cat=103&amp;_nc_sid=8024bb&amp;_nc_oc=AQlSyKnFLGgOWo7fvLw_7WiehPnQNo5J4FjaEj79x0R1ojG1LOO24cEnhm0o2UYKrNY&amp;_nc_ht=scontent.fgyd1-1.fna&amp;_nc_tp=6&amp;oh=e0873cdb814e34449cd89a905178c33e&amp;oe=5EE59FB4\" \/><\/div>\n<div class=\"_52d9\">\n<div class=\"_52da\"><\/div>\n<\/div>\n<\/div>\n<\/div>\n<\/div>\n<\/div>\n<\/div>\n<div>\n<form id=\"u_0_1u\" class=\"commentable_item\" action=\"https:\/\/www.facebook.com\/ajax\/ufi\/modify.php\" method=\"post\" data-ft=\"{&quot;tn&quot;:&quot;]&quot;}\">\n<div class=\"_4299\">\n<div class=\"_78bu\">\n<div class=\"_68wo\">\n<div class=\"_3vum\">\n<div class=\"_66lg\"><\/div>\n<\/div>\n<\/div>\n<\/div>\n<\/div>\n<\/form>\n<\/div>\n","protected":false},"excerpt":{"rendered":"<p>16 may 2020-ci il tarixd\u0259 Masall\u0131 Rayon \u0130cra Hakimiyy\u0259tinin ba\u015f\u00e7\u0131s\u0131 \u015eahin M\u0259mm\u0259dov Q\u0131z\u0131la\u011fac k\u0259ndind\u0259 yaz-tarla i\u015fl\u0259rinin gedi\u015fi, t\u0259s\u0259rr\u00fcfat sah\u0259l\u0259rind\u0259ki m\u00f6vcud v\u0259ziyy\u0259tl\u0259 tan\u0131\u015f olub. Son ill\u0259r \u00f6lk\u0259mizd\u0259 qeyri-neft sektorunun inki\u015faf\u0131 d\u00f6vl\u0259t siyas\u0259tinin prioritet istiqam\u0259tl\u0259rind\u0259n biridir. Bunu c\u0259nab Prezident \u0130lham \u018fliyevin r\u0259hb\u0259rliyi il\u0259 k\u0259nd t\u0259s\u0259rr\u00fcfat\u0131n\u0131n inki\u015faf etdirilm\u0259si istiqam\u0259tind\u0259 h\u0259yata ke\u00e7iril\u0259n islahatlardan, m\u0259qs\u0259dy\u00f6nl\u00fc t\u0259dbirl\u0259rd\u0259n d\u0259 ayd\u0131n \u015f\u0259kild\u0259 g\u00f6rm\u0259k olar. 2004-2008, 2009-2013, 2014-2018 v\u0259 2019-2023-c\u00fc ill\u0259ri \u0259hat\u0259 ed\u0259n D\u00f6vl\u0259t Proqramlar\u0131n\u0131n realla\u015fd\u0131r\u0131lmas\u0131 n\u0259tic\u0259sind\u0259 k\u0259nd t\u0259s\u0259rr\u00fcfat\u0131 sah\u0259sind\u0259 b\u00f6y\u00fck infrastruktur yarad\u0131lm\u0131\u015f, qeyri-neft sektorunun inki\u015faf\u0131nda aqrar sektorun pay\u0131 xeyli artm\u0131\u015fd\u0131r. M\u0259hz \u00f6lk\u0259 r\u0259hb\u0259ri v\u0259 d\u00f6vl\u0259t t\u0259r\u0259find\u0259n veril\u0259n d\u0259st\u0259k&hellip;<\/p>\n","protected":false},"author":2,"featured_media":166598,"comment_status":"closed","ping_status":"closed","sticky":false,"template":"","format":"standard","meta":{"om_disable_all_campaigns":false,"_monsterinsights_skip_tracking":false,"_monsterinsights_sitenote_active":false,"_monsterinsights_sitenote_note":"","_monsterinsights_sitenote_category":0},"categories":[2],"tags":[],"aioseo_notices":[],"gutentor_comment":0,"rttpg_featured_image_url":{"full":["https:\/\/arantv.az\/wp-content\/uploads\/2020\/05\/97703825_3783891658347986_5205461020851568640_o.jpg",520,350,false],"landscape":["https:\/\/arantv.az\/wp-content\/uploads\/2020\/05\/97703825_3783891658347986_5205461020851568640_o.jpg",520,350,false],"portraits":["https:\/\/arantv.az\/wp-content\/uploads\/2020\/05\/97703825_3783891658347986_5205461020851568640_o.jpg",520,350,false],"thumbnail":["https:\/\/arantv.az\/wp-content\/uploads\/2020\/05\/97703825_3783891658347986_5205461020851568640_o-150x150.jpg",150,150,true],"medium":["https:\/\/arantv.az\/wp-content\/uploads\/2020\/05\/97703825_3783891658347986_5205461020851568640_o-300x202.jpg",300,202,true],"large":["https:\/\/arantv.az\/wp-content\/uploads\/2020\/05\/97703825_3783891658347986_5205461020851568640_o.jpg",520,350,false],"1536x1536":["https:\/\/arantv.az\/wp-content\/uploads\/2020\/05\/97703825_3783891658347986_5205461020851568640_o.jpg",520,350,false],"2048x2048":["https:\/\/arantv.az\/wp-content\/uploads\/2020\/05\/97703825_3783891658347986_5205461020851568640_o.jpg",520,350,false],"post-thumbnail":["https:\/\/arantv.az\/wp-content\/uploads\/2020\/05\/97703825_3783891658347986_5205461020851568640_o-240x172.jpg",240,172,true],"advps-thumb-one":["https:\/\/arantv.az\/wp-content\/uploads\/2020\/05\/97703825_3783891658347986_5205461020851568640_o.jpg",520,350,false]},"rttpg_author":{"display_name":"V\u00fcsal Rafiqo\u011flu","author_link":"https:\/\/arantv.az\/?author=2"},"rttpg_comment":0,"rttpg_category":"<a href=\"https:\/\/arantv.az\/?cat=2\" rel=\"category\">Region X\u0259b\u0259rl\u0259ri<\/a>","rttpg_excerpt":"16 may 2020-ci il tarixd\u0259 Masall\u0131 Rayon \u0130cra Hakimiyy\u0259tinin ba\u015f\u00e7\u0131s\u0131 \u015eahin M\u0259mm\u0259dov Q\u0131z\u0131la\u011fac k\u0259ndind\u0259 yaz-tarla i\u015fl\u0259rinin gedi\u015fi, t\u0259s\u0259rr\u00fcfat sah\u0259l\u0259rind\u0259ki m\u00f6vcud v\u0259ziyy\u0259tl\u0259 tan\u0131\u015f olub. Son ill\u0259r \u00f6lk\u0259mizd\u0259 qeyri-neft sektorunun inki\u015faf\u0131 d\u00f6vl\u0259t siyas\u0259tinin prioritet istiqam\u0259tl\u0259rind\u0259n biridir. Bunu c\u0259nab Prezident \u0130lham \u018fliyevin r\u0259hb\u0259rliyi il\u0259 k\u0259nd t\u0259s\u0259rr\u00fcfat\u0131n\u0131n inki\u015faf etdirilm\u0259si istiqam\u0259tind\u0259 h\u0259yata ke\u00e7iril\u0259n islahatlardan, m\u0259qs\u0259dy\u00f6nl\u00fc t\u0259dbirl\u0259rd\u0259n d\u0259 ayd\u0131n \u015f\u0259kild\u0259 g\u00f6rm\u0259k&hellip;","_links":{"self":[{"href":"https:\/\/arantv.az\/index.php?rest_route=\/wp\/v2\/posts\/166593"}],"collection":[{"href":"https:\/\/arantv.az\/index.php?rest_route=\/wp\/v2\/posts"}],"about":[{"href":"https:\/\/arantv.az\/index.php?rest_route=\/wp\/v2\/types\/post"}],"author":[{"embeddable":true,"href":"https:\/\/arantv.az\/index.php?rest_route=\/wp\/v2\/users\/2"}],"replies":[{"embeddable":true,"href":"https:\/\/arantv.az\/index.php?rest_route=%2Fwp%2Fv2%2Fcomments&post=166593"}],"version-history":[{"count":0,"href":"https:\/\/arantv.az\/index.php?rest_route=\/wp\/v2\/posts\/166593\/revisions"}],"wp:featuredmedia":[{"embeddable":true,"href":"https:\/\/arantv.az\/index.php?rest_route=\/wp\/v2\/media\/166598"}],"wp:attachment":[{"href":"https:\/\/arantv.az\/index.php?rest_route=%2Fwp%2Fv2%2Fmedia&parent=166593"}],"wp:term":[{"taxonomy":"category","embeddable":true,"href":"https:\/\/arantv.az\/index.php?rest_route=%2Fwp%2Fv2%2Fcategories&post=166593"},{"taxonomy":"post_tag","embeddable":true,"href":"https:\/\/arantv.az\/index.php?rest_route=%2Fwp%2Fv2%2Ftags&post=166593"}],"curies":[{"name":"wp","href":"https:\/\/api.w.org\/{rel}","templated":true}]}}