{"id":166601,"date":"2020-05-16T21:37:11","date_gmt":"2020-05-16T18:37:11","guid":{"rendered":"http:\/\/arantv.az\/?p=166601"},"modified":"2020-05-16T21:37:11","modified_gmt":"2020-05-16T18:37:11","slug":"iranda-m%c9%99scidl%c9%99rd%c9%99-bayram-namazinin-qilinmasina-icaz%c9%99-verilib","status":"publish","type":"post","link":"https:\/\/arantv.az\/?p=166601","title":{"rendered":"\u0130randa m\u0259scidl\u0259rd\u0259 bayram namaz\u0131n\u0131n q\u0131l\u0131nmas\u0131na icaz\u0259 verilib"},"content":{"rendered":"<p>\u201c\u0130randa universitetl\u0259r iyun ay\u0131n\u0131n 6-dan a\u00e7\u0131lacaq\u201d.<\/p>\n<p>APA-n\u0131n Tehran b\u00fcrosunun m\u0259lumat\u0131na g\u00f6r\u0259, bunu \u0130ran Prezidenti H\u0259s\u0259n Ruhani koronavirusla m\u00fcbariz\u0259 \u00fczr\u0259 q\u0259rargah\u0131n iclas\u0131nda \u00e7\u0131x\u0131\u015f\u0131 zaman\u0131 deyib.<\/p>\n<p>O bildirib ki, Ramazan ay\u0131ndan sonra \u00f6lk\u0259d\u0259 f\u0259aliyy\u0259t g\u00f6st\u0259r\u0259n kafe v\u0259 restoranlar x\u00fcsusi protokola \u0259sas\u0259n f\u0259aliyy\u0259tini b\u0259rpa ed\u0259c\u0259k.<\/p>\n<p>\u0130ran Prezidenti ali m\u0259kt\u0259bl\u0259r\u0259 q\u0259bul imtahanlar\u0131n\u0131n da x\u00fcsusi protokol \u0259sas\u0131nda ke\u00e7iril\u0259c\u0259yini vur\u011fulay\u0131b.<\/p>\n<p>H. Ruhaninin s\u00f6zl\u0259rin\u0259 g\u00f6r\u0259, Ramazan ay\u0131ndan sonra \u0130mam Rzan\u0131n ziyar\u0259tgah\u0131 v\u0259 \u00f6lk\u0259d\u0259ki dig\u0259r ziyar\u0259tgahlar m\u0259hdud \u015f\u0259kild\u0259 z\u0259vvarlar\u0131n \u00fcz\u00fcn\u0259 a\u00e7\u0131lacaq. O qeyd edib ki, ziyar\u0259tgahlar\u0131n h\u0259y\u0259tl\u0259ri s\u0259h\u0259r v\u0259 ax\u015fam 3 saat olmaqla z\u0259vvarlar \u00fc\u00e7\u00fcn a\u00e7\u0131q olacaq.<\/p>\n<p>\u0130clasda Ramazan bayram\u0131 namaz\u0131n\u0131n q\u0131l\u0131nmas\u0131 il\u0259 ba\u011fl\u0131 da q\u0259rar q\u0259bul edilib. Bel\u0259 ki, m\u0259scidl\u0259rd\u0259 bayram namaz\u0131n\u0131n m\u0259hdud \u015f\u0259kild\u0259 q\u0131l\u0131nmas\u0131na icaz\u0259 verilib.<\/p>\n<p>Eyni zamanda, idman yar\u0131\u015flar\u0131n\u0131n, o c\u00fcml\u0259d\u0259n futbol mat\u00e7lar\u0131n\u0131n azarke\u015fsiz ke\u00e7irilm\u0259sin\u0259 d\u0259 icaz\u0259 verilib.<\/p>\n","protected":false},"excerpt":{"rendered":"<p>\u201c\u0130randa universitetl\u0259r iyun ay\u0131n\u0131n 6-dan a\u00e7\u0131lacaq\u201d. APA-n\u0131n Tehran b\u00fcrosunun m\u0259lumat\u0131na g\u00f6r\u0259, bunu \u0130ran Prezidenti H\u0259s\u0259n Ruhani koronavirusla m\u00fcbariz\u0259 \u00fczr\u0259 q\u0259rargah\u0131n iclas\u0131nda \u00e7\u0131x\u0131\u015f\u0131 zaman\u0131 deyib. O bildirib ki, Ramazan ay\u0131ndan sonra \u00f6lk\u0259d\u0259 f\u0259aliyy\u0259t g\u00f6st\u0259r\u0259n kafe v\u0259 restoranlar x\u00fcsusi protokola \u0259sas\u0259n f\u0259aliyy\u0259tini b\u0259rpa ed\u0259c\u0259k. \u0130ran Prezidenti ali m\u0259kt\u0259bl\u0259r\u0259 q\u0259bul imtahanlar\u0131n\u0131n da x\u00fcsusi protokol \u0259sas\u0131nda ke\u00e7iril\u0259c\u0259yini vur\u011fulay\u0131b. H. Ruhaninin s\u00f6zl\u0259rin\u0259 g\u00f6r\u0259, Ramazan ay\u0131ndan sonra \u0130mam Rzan\u0131n ziyar\u0259tgah\u0131 v\u0259 \u00f6lk\u0259d\u0259ki dig\u0259r ziyar\u0259tgahlar m\u0259hdud \u015f\u0259kild\u0259 z\u0259vvarlar\u0131n \u00fcz\u00fcn\u0259 a\u00e7\u0131lacaq. O qeyd edib ki, ziyar\u0259tgahlar\u0131n h\u0259y\u0259tl\u0259ri s\u0259h\u0259r v\u0259 ax\u015fam 3 saat olmaqla z\u0259vvarlar \u00fc\u00e7\u00fcn a\u00e7\u0131q olacaq. \u0130clasda&hellip;<\/p>\n","protected":false},"author":2,"featured_media":166605,"comment_status":"closed","ping_status":"closed","sticky":false,"template":"","format":"standard","meta":{"om_disable_all_campaigns":false,"_monsterinsights_skip_tracking":false,"_monsterinsights_sitenote_active":false,"_monsterinsights_sitenote_note":"","_monsterinsights_sitenote_category":0},"categories":[7],"tags":[],"aioseo_notices":[],"gutentor_comment":0,"rttpg_featured_image_url":{"full":["https:\/\/arantv.az\/wp-content\/uploads\/2020\/05\/29807072543d128eafd4eb755dc62586.jpg",450,300,false],"landscape":["https:\/\/arantv.az\/wp-content\/uploads\/2020\/05\/29807072543d128eafd4eb755dc62586.jpg",450,300,false],"portraits":["https:\/\/arantv.az\/wp-content\/uploads\/2020\/05\/29807072543d128eafd4eb755dc62586.jpg",450,300,false],"thumbnail":["https:\/\/arantv.az\/wp-content\/uploads\/2020\/05\/29807072543d128eafd4eb755dc62586-150x150.jpg",150,150,true],"medium":["https:\/\/arantv.az\/wp-content\/uploads\/2020\/05\/29807072543d128eafd4eb755dc62586-300x200.jpg",300,200,true],"large":["https:\/\/arantv.az\/wp-content\/uploads\/2020\/05\/29807072543d128eafd4eb755dc62586.jpg",450,300,false],"1536x1536":["https:\/\/arantv.az\/wp-content\/uploads\/2020\/05\/29807072543d128eafd4eb755dc62586.jpg",450,300,false],"2048x2048":["https:\/\/arantv.az\/wp-content\/uploads\/2020\/05\/29807072543d128eafd4eb755dc62586.jpg",450,300,false],"post-thumbnail":["https:\/\/arantv.az\/wp-content\/uploads\/2020\/05\/29807072543d128eafd4eb755dc62586-240x172.jpg",240,172,true],"advps-thumb-one":["https:\/\/arantv.az\/wp-content\/uploads\/2020\/05\/29807072543d128eafd4eb755dc62586.jpg",450,300,false]},"rttpg_author":{"display_name":"V\u00fcsal Rafiqo\u011flu","author_link":"https:\/\/arantv.az\/?author=2"},"rttpg_comment":0,"rttpg_category":"<a href=\"https:\/\/arantv.az\/?cat=7\" rel=\"category\">D\u00fcnya<\/a>","rttpg_excerpt":"\u201c\u0130randa universitetl\u0259r iyun ay\u0131n\u0131n 6-dan a\u00e7\u0131lacaq\u201d. APA-n\u0131n Tehran b\u00fcrosunun m\u0259lumat\u0131na g\u00f6r\u0259, bunu \u0130ran Prezidenti H\u0259s\u0259n Ruhani koronavirusla m\u00fcbariz\u0259 \u00fczr\u0259 q\u0259rargah\u0131n iclas\u0131nda \u00e7\u0131x\u0131\u015f\u0131 zaman\u0131 deyib. O bildirib ki, Ramazan ay\u0131ndan sonra \u00f6lk\u0259d\u0259 f\u0259aliyy\u0259t g\u00f6st\u0259r\u0259n kafe v\u0259 restoranlar x\u00fcsusi protokola \u0259sas\u0259n f\u0259aliyy\u0259tini b\u0259rpa ed\u0259c\u0259k. \u0130ran Prezidenti ali m\u0259kt\u0259bl\u0259r\u0259 q\u0259bul imtahanlar\u0131n\u0131n da x\u00fcsusi protokol \u0259sas\u0131nda ke\u00e7iril\u0259c\u0259yini vur\u011fulay\u0131b. H.&hellip;","_links":{"self":[{"href":"https:\/\/arantv.az\/index.php?rest_route=\/wp\/v2\/posts\/166601"}],"collection":[{"href":"https:\/\/arantv.az\/index.php?rest_route=\/wp\/v2\/posts"}],"about":[{"href":"https:\/\/arantv.az\/index.php?rest_route=\/wp\/v2\/types\/post"}],"author":[{"embeddable":true,"href":"https:\/\/arantv.az\/index.php?rest_route=\/wp\/v2\/users\/2"}],"replies":[{"embeddable":true,"href":"https:\/\/arantv.az\/index.php?rest_route=%2Fwp%2Fv2%2Fcomments&post=166601"}],"version-history":[{"count":0,"href":"https:\/\/arantv.az\/index.php?rest_route=\/wp\/v2\/posts\/166601\/revisions"}],"wp:featuredmedia":[{"embeddable":true,"href":"https:\/\/arantv.az\/index.php?rest_route=\/wp\/v2\/media\/166605"}],"wp:attachment":[{"href":"https:\/\/arantv.az\/index.php?rest_route=%2Fwp%2Fv2%2Fmedia&parent=166601"}],"wp:term":[{"taxonomy":"category","embeddable":true,"href":"https:\/\/arantv.az\/index.php?rest_route=%2Fwp%2Fv2%2Fcategories&post=166601"},{"taxonomy":"post_tag","embeddable":true,"href":"https:\/\/arantv.az\/index.php?rest_route=%2Fwp%2Fv2%2Ftags&post=166601"}],"curies":[{"name":"wp","href":"https:\/\/api.w.org\/{rel}","templated":true}]}}