{"id":166673,"date":"2020-05-17T09:35:40","date_gmt":"2020-05-17T06:35:40","guid":{"rendered":"http:\/\/arantv.az\/?p=166673"},"modified":"2020-05-17T09:35:40","modified_gmt":"2020-05-17T06:35:40","slug":"17-may-umumdunya-telekommunikasiya-v%c9%99-informasiya-c%c9%99miyy%c9%99ti-gunudur","status":"publish","type":"post","link":"https:\/\/arantv.az\/?p=166673","title":{"rendered":"17 may \u00dcmumd\u00fcnya Telekommunikasiya v\u0259 \u0130nformasiya C\u0259miyy\u0259ti G\u00fcn\u00fcd\u00fcr"},"content":{"rendered":"<p><strong>May\u0131n 17-si \u00dcmumd\u00fcnya Telekommunikasiya v\u0259 \u0130nformasiya C\u0259miyy\u0259ti G\u00fcn\u00fc kimi qeyd edilir.<\/strong><\/p>\n<p><b>ARANTV.AZ<\/b> x\u0259b\u0259r veir ki,\u00a0bu g\u00fcn\u00fcn \u0259lam\u0259tdar olmas\u0131 ilk Beyn\u0259lxalq Teleqraf Konvensiyas\u0131n\u0131n imzalanmas\u0131 il\u0259 Beyn\u0259lxalq Telekommunikasiya \u0130ttifaq\u0131n\u0131n yaranmas\u0131n\u0131n 1865-ci il may\u0131n 17-n\u0259 t\u0259sad\u00fcf etm\u0259si il\u0259 ba\u011fl\u0131d\u0131r. \u018fsas m\u0259qs\u0259di informasiya-kommunikasiya texnologiyalar\u0131ndan istifad\u0259nin c\u0259miyy\u0259t v\u0259 \u00f6lk\u0259l\u0259r\u0259 verdiyi imkanlar\u0131n s\u0259viyy\u0259sinin y\u00fcks\u0259ldilm\u0259si, r\u0259q\u0259mli f\u0259rqliliyin aradan qald\u0131r\u0131lmas\u0131 \u00fc\u00e7\u00fcn m\u0259lumatl\u0131l\u0131q s\u0259viyy\u0259sinin art\u0131r\u0131lmas\u0131na k\u00f6m\u0259k etm\u0259kdir.<\/p>\n<p>\u00dcmumd\u00fcnya Telekommunikasiya v\u0259 \u0130nformasiya C\u0259miyy\u0259ti G\u00fcn\u00fcn\u00fcn builki m\u00f6vzusunu \u201cTransformasiya 2030: Davaml\u0131 \u0130nki\u015faf M\u0259qs\u0259dl\u0259ri \u00fc\u00e7\u00fcn \u0130KT\u201d t\u0259\u015fkil edir. M\u00f6vzu iqtisadi, ekoloji v\u0259 sosial dayan\u0131ql\u0131\u011f\u0131 inki\u015faf etdirm\u0259k \u00fc\u00e7\u00fcn \u0130KT il\u0259 \u0259laq\u0259li h\u0259ll yollar\u0131na v\u0259 yaranan meyill\u0259r\u0259 diqq\u0259t y\u00f6n\u0259ltm\u0259y\u0259 h\u0259d\u0259fl\u0259nib.Modern.az<\/p>\n","protected":false},"excerpt":{"rendered":"<p>May\u0131n 17-si \u00dcmumd\u00fcnya Telekommunikasiya v\u0259 \u0130nformasiya C\u0259miyy\u0259ti G\u00fcn\u00fc kimi qeyd edilir. ARANTV.AZ x\u0259b\u0259r veir ki,\u00a0bu g\u00fcn\u00fcn \u0259lam\u0259tdar olmas\u0131 ilk Beyn\u0259lxalq Teleqraf Konvensiyas\u0131n\u0131n imzalanmas\u0131 il\u0259 Beyn\u0259lxalq Telekommunikasiya \u0130ttifaq\u0131n\u0131n yaranmas\u0131n\u0131n 1865-ci il may\u0131n 17-n\u0259 t\u0259sad\u00fcf etm\u0259si il\u0259 ba\u011fl\u0131d\u0131r. \u018fsas m\u0259qs\u0259di informasiya-kommunikasiya texnologiyalar\u0131ndan istifad\u0259nin c\u0259miyy\u0259t v\u0259 \u00f6lk\u0259l\u0259r\u0259 verdiyi imkanlar\u0131n s\u0259viyy\u0259sinin y\u00fcks\u0259ldilm\u0259si, r\u0259q\u0259mli f\u0259rqliliyin aradan qald\u0131r\u0131lmas\u0131 \u00fc\u00e7\u00fcn m\u0259lumatl\u0131l\u0131q s\u0259viyy\u0259sinin art\u0131r\u0131lmas\u0131na k\u00f6m\u0259k etm\u0259kdir. \u00dcmumd\u00fcnya Telekommunikasiya v\u0259 \u0130nformasiya C\u0259miyy\u0259ti G\u00fcn\u00fcn\u00fcn builki m\u00f6vzusunu \u201cTransformasiya 2030: Davaml\u0131 \u0130nki\u015faf M\u0259qs\u0259dl\u0259ri \u00fc\u00e7\u00fcn \u0130KT\u201d t\u0259\u015fkil edir. M\u00f6vzu iqtisadi, ekoloji v\u0259 sosial dayan\u0131ql\u0131\u011f\u0131 inki\u015faf etdirm\u0259k \u00fc\u00e7\u00fcn \u0130KT il\u0259 \u0259laq\u0259li h\u0259ll yollar\u0131na v\u0259&hellip;<\/p>\n","protected":false},"author":2,"featured_media":166690,"comment_status":"closed","ping_status":"closed","sticky":false,"template":"","format":"standard","meta":{"om_disable_all_campaigns":false,"_monsterinsights_skip_tracking":false,"_monsterinsights_sitenote_active":false,"_monsterinsights_sitenote_note":"","_monsterinsights_sitenote_category":0},"categories":[19],"tags":[],"aioseo_notices":[],"gutentor_comment":0,"rttpg_featured_image_url":{"full":["https:\/\/arantv.az\/wp-content\/uploads\/2020\/05\/modern.az_aaaa_668.jpg",1000,428,false],"landscape":["https:\/\/arantv.az\/wp-content\/uploads\/2020\/05\/modern.az_aaaa_668.jpg",1000,428,false],"portraits":["https:\/\/arantv.az\/wp-content\/uploads\/2020\/05\/modern.az_aaaa_668.jpg",1000,428,false],"thumbnail":["https:\/\/arantv.az\/wp-content\/uploads\/2020\/05\/modern.az_aaaa_668-150x150.jpg",150,150,true],"medium":["https:\/\/arantv.az\/wp-content\/uploads\/2020\/05\/modern.az_aaaa_668-300x128.jpg",300,128,true],"large":["https:\/\/arantv.az\/wp-content\/uploads\/2020\/05\/modern.az_aaaa_668.jpg",640,274,false],"1536x1536":["https:\/\/arantv.az\/wp-content\/uploads\/2020\/05\/modern.az_aaaa_668.jpg",1000,428,false],"2048x2048":["https:\/\/arantv.az\/wp-content\/uploads\/2020\/05\/modern.az_aaaa_668.jpg",1000,428,false],"post-thumbnail":["https:\/\/arantv.az\/wp-content\/uploads\/2020\/05\/modern.az_aaaa_668-240x172.jpg",240,172,true],"advps-thumb-one":["https:\/\/arantv.az\/wp-content\/uploads\/2020\/05\/modern.az_aaaa_668.jpg",1000,428,false]},"rttpg_author":{"display_name":"V\u00fcsal Rafiqo\u011flu","author_link":"https:\/\/arantv.az\/?author=2"},"rttpg_comment":0,"rttpg_category":"<a href=\"https:\/\/arantv.az\/?cat=19\" rel=\"category\">G\u00fcnd\u0259m<\/a>","rttpg_excerpt":"May\u0131n 17-si \u00dcmumd\u00fcnya Telekommunikasiya v\u0259 \u0130nformasiya C\u0259miyy\u0259ti G\u00fcn\u00fc kimi qeyd edilir. ARANTV.AZ x\u0259b\u0259r veir ki,\u00a0bu g\u00fcn\u00fcn \u0259lam\u0259tdar olmas\u0131 ilk Beyn\u0259lxalq Teleqraf Konvensiyas\u0131n\u0131n imzalanmas\u0131 il\u0259 Beyn\u0259lxalq Telekommunikasiya \u0130ttifaq\u0131n\u0131n yaranmas\u0131n\u0131n 1865-ci il may\u0131n 17-n\u0259 t\u0259sad\u00fcf etm\u0259si il\u0259 ba\u011fl\u0131d\u0131r. \u018fsas m\u0259qs\u0259di informasiya-kommunikasiya texnologiyalar\u0131ndan istifad\u0259nin c\u0259miyy\u0259t v\u0259 \u00f6lk\u0259l\u0259r\u0259 verdiyi imkanlar\u0131n s\u0259viyy\u0259sinin y\u00fcks\u0259ldilm\u0259si, r\u0259q\u0259mli f\u0259rqliliyin aradan qald\u0131r\u0131lmas\u0131 \u00fc\u00e7\u00fcn m\u0259lumatl\u0131l\u0131q s\u0259viyy\u0259sinin&hellip;","_links":{"self":[{"href":"https:\/\/arantv.az\/index.php?rest_route=\/wp\/v2\/posts\/166673"}],"collection":[{"href":"https:\/\/arantv.az\/index.php?rest_route=\/wp\/v2\/posts"}],"about":[{"href":"https:\/\/arantv.az\/index.php?rest_route=\/wp\/v2\/types\/post"}],"author":[{"embeddable":true,"href":"https:\/\/arantv.az\/index.php?rest_route=\/wp\/v2\/users\/2"}],"replies":[{"embeddable":true,"href":"https:\/\/arantv.az\/index.php?rest_route=%2Fwp%2Fv2%2Fcomments&post=166673"}],"version-history":[{"count":0,"href":"https:\/\/arantv.az\/index.php?rest_route=\/wp\/v2\/posts\/166673\/revisions"}],"wp:featuredmedia":[{"embeddable":true,"href":"https:\/\/arantv.az\/index.php?rest_route=\/wp\/v2\/media\/166690"}],"wp:attachment":[{"href":"https:\/\/arantv.az\/index.php?rest_route=%2Fwp%2Fv2%2Fmedia&parent=166673"}],"wp:term":[{"taxonomy":"category","embeddable":true,"href":"https:\/\/arantv.az\/index.php?rest_route=%2Fwp%2Fv2%2Fcategories&post=166673"},{"taxonomy":"post_tag","embeddable":true,"href":"https:\/\/arantv.az\/index.php?rest_route=%2Fwp%2Fv2%2Ftags&post=166673"}],"curies":[{"name":"wp","href":"https:\/\/api.w.org\/{rel}","templated":true}]}}