{"id":166677,"date":"2020-05-17T09:29:38","date_gmt":"2020-05-17T06:29:38","guid":{"rendered":"http:\/\/arantv.az\/?p=166677"},"modified":"2020-05-17T09:29:38","modified_gmt":"2020-05-17T06:29:38","slug":"aktrisadan-kisil%c9%99rd%c9%99-ilk-n%c9%99y%c9%99-fikir-verirs%c9%99n-sualina-q%c9%99rib%c9%99-cavab-foto","status":"publish","type":"post","link":"https:\/\/arantv.az\/?p=166677","title":{"rendered":"Aktrisadan &#8220;Ki\u015fil\u0259rd\u0259 ilk n\u0259y\u0259 fikir verirs\u0259n&#8221; sual\u0131na q\u0259rib\u0259 cavab &#8211; FOTO"},"content":{"rendered":"<p>\u0130ll\u0259r \u0259vv\u0259l T\u00fcrkiy\u0259nin D kanal\u0131nda yay\u0131mlanan &#8220;Acemi Cad\u0131&#8221; serial\u0131 il\u0259 \u015f\u00f6hr\u0259t qazanan g\u0259nc aktrisa Merve Bolu\u011fur Instagram-da ona \u00fcnvanlanan suala verdiyi cavabla g\u00fcnd\u0259m\u0259 g\u0259lib.<\/p>\n<p>\u015e\u0259xsi Instagram hesab\u0131n\u0131n hekay\u0259 b\u00f6lm\u0259sind\u0259 izl\u0259yicil\u0259rinin suallar\u0131n\u0131 cavablayan Merve \u0259ks cinsl\u0259 ba\u011fl\u0131 cavab\u0131 il\u0259 diqq\u0259t \u00e7\u0259kib.<br \/>\nO, &#8220;Ki\u015fil\u0259rd\u0259 ilk n\u0259y\u0259 fikir verirs\u0259n&#8221; sual\u0131na &#8220;aura, sa\u00e7 r\u0259ngi v\u0259 s\u0259s tonu&#8221;, &#8211; dey\u0259 cavab verib.(milli)<\/p>\n<p><img class=\"imgbcodecent\" src=\"https:\/\/upload.az\/foto\/arxiv\/850822_01.jpg\" alt=\"Aktrisadan &quot;Ki\u015fil\u0259rd\u0259 ilk n\u0259y\u0259 fikir verirs\u0259n&quot; sual\u0131na q\u0259rib\u0259 cavab - FOTO\" \/><br \/>\n<img class=\"imgbcodecent\" src=\"https:\/\/upload.az\/foto\/arxiv\/850822_02.jpg\" alt=\"Aktrisadan &quot;Ki\u015fil\u0259rd\u0259 ilk n\u0259y\u0259 fikir verirs\u0259n&quot; sual\u0131na q\u0259rib\u0259 cavab - FOTO\" \/><\/p>\n","protected":false},"excerpt":{"rendered":"<p>\u0130ll\u0259r \u0259vv\u0259l T\u00fcrkiy\u0259nin D kanal\u0131nda yay\u0131mlanan &#8220;Acemi Cad\u0131&#8221; serial\u0131 il\u0259 \u015f\u00f6hr\u0259t qazanan g\u0259nc aktrisa Merve Bolu\u011fur Instagram-da ona \u00fcnvanlanan suala verdiyi cavabla g\u00fcnd\u0259m\u0259 g\u0259lib. \u015e\u0259xsi Instagram hesab\u0131n\u0131n hekay\u0259 b\u00f6lm\u0259sind\u0259 izl\u0259yicil\u0259rinin suallar\u0131n\u0131 cavablayan Merve \u0259ks cinsl\u0259 ba\u011fl\u0131 cavab\u0131 il\u0259 diqq\u0259t \u00e7\u0259kib. O, &#8220;Ki\u015fil\u0259rd\u0259 ilk n\u0259y\u0259 fikir verirs\u0259n&#8221; sual\u0131na &#8220;aura, sa\u00e7 r\u0259ngi v\u0259 s\u0259s tonu&#8221;, &#8211; dey\u0259 cavab verib.(milli)<\/p>\n","protected":false},"author":2,"featured_media":166678,"comment_status":"closed","ping_status":"closed","sticky":false,"template":"","format":"standard","meta":{"om_disable_all_campaigns":false,"_monsterinsights_skip_tracking":false,"_monsterinsights_sitenote_active":false,"_monsterinsights_sitenote_note":"","_monsterinsights_sitenote_category":0},"categories":[20],"tags":[],"aioseo_notices":[],"gutentor_comment":0,"rttpg_featured_image_url":{"full":["https:\/\/arantv.az\/wp-content\/uploads\/2020\/05\/850822.jpg",649,487,false],"landscape":["https:\/\/arantv.az\/wp-content\/uploads\/2020\/05\/850822.jpg",649,487,false],"portraits":["https:\/\/arantv.az\/wp-content\/uploads\/2020\/05\/850822.jpg",649,487,false],"thumbnail":["https:\/\/arantv.az\/wp-content\/uploads\/2020\/05\/850822-150x150.jpg",150,150,true],"medium":["https:\/\/arantv.az\/wp-content\/uploads\/2020\/05\/850822-300x225.jpg",300,225,true],"large":["https:\/\/arantv.az\/wp-content\/uploads\/2020\/05\/850822.jpg",640,480,false],"1536x1536":["https:\/\/arantv.az\/wp-content\/uploads\/2020\/05\/850822.jpg",649,487,false],"2048x2048":["https:\/\/arantv.az\/wp-content\/uploads\/2020\/05\/850822.jpg",649,487,false],"post-thumbnail":["https:\/\/arantv.az\/wp-content\/uploads\/2020\/05\/850822-240x172.jpg",240,172,true],"advps-thumb-one":["https:\/\/arantv.az\/wp-content\/uploads\/2020\/05\/850822.jpg",649,487,false]},"rttpg_author":{"display_name":"V\u00fcsal Rafiqo\u011flu","author_link":"https:\/\/arantv.az\/?author=2"},"rttpg_comment":0,"rttpg_category":"<a href=\"https:\/\/arantv.az\/?cat=20\" rel=\"category\">\u015eou biznes<\/a>","rttpg_excerpt":"\u0130ll\u0259r \u0259vv\u0259l T\u00fcrkiy\u0259nin D kanal\u0131nda yay\u0131mlanan &#8220;Acemi Cad\u0131&#8221; serial\u0131 il\u0259 \u015f\u00f6hr\u0259t qazanan g\u0259nc aktrisa Merve Bolu\u011fur Instagram-da ona \u00fcnvanlanan suala verdiyi cavabla g\u00fcnd\u0259m\u0259 g\u0259lib. \u015e\u0259xsi Instagram hesab\u0131n\u0131n hekay\u0259 b\u00f6lm\u0259sind\u0259 izl\u0259yicil\u0259rinin suallar\u0131n\u0131 cavablayan Merve \u0259ks cinsl\u0259 ba\u011fl\u0131 cavab\u0131 il\u0259 diqq\u0259t \u00e7\u0259kib. O, &#8220;Ki\u015fil\u0259rd\u0259 ilk n\u0259y\u0259 fikir verirs\u0259n&#8221; sual\u0131na &#8220;aura, sa\u00e7 r\u0259ngi v\u0259 s\u0259s tonu&#8221;, &#8211; dey\u0259&hellip;","_links":{"self":[{"href":"https:\/\/arantv.az\/index.php?rest_route=\/wp\/v2\/posts\/166677"}],"collection":[{"href":"https:\/\/arantv.az\/index.php?rest_route=\/wp\/v2\/posts"}],"about":[{"href":"https:\/\/arantv.az\/index.php?rest_route=\/wp\/v2\/types\/post"}],"author":[{"embeddable":true,"href":"https:\/\/arantv.az\/index.php?rest_route=\/wp\/v2\/users\/2"}],"replies":[{"embeddable":true,"href":"https:\/\/arantv.az\/index.php?rest_route=%2Fwp%2Fv2%2Fcomments&post=166677"}],"version-history":[{"count":0,"href":"https:\/\/arantv.az\/index.php?rest_route=\/wp\/v2\/posts\/166677\/revisions"}],"wp:featuredmedia":[{"embeddable":true,"href":"https:\/\/arantv.az\/index.php?rest_route=\/wp\/v2\/media\/166678"}],"wp:attachment":[{"href":"https:\/\/arantv.az\/index.php?rest_route=%2Fwp%2Fv2%2Fmedia&parent=166677"}],"wp:term":[{"taxonomy":"category","embeddable":true,"href":"https:\/\/arantv.az\/index.php?rest_route=%2Fwp%2Fv2%2Fcategories&post=166677"},{"taxonomy":"post_tag","embeddable":true,"href":"https:\/\/arantv.az\/index.php?rest_route=%2Fwp%2Fv2%2Ftags&post=166677"}],"curies":[{"name":"wp","href":"https:\/\/api.w.org\/{rel}","templated":true}]}}