{"id":166703,"date":"2020-05-17T19:10:21","date_gmt":"2020-05-17T16:10:21","guid":{"rendered":"http:\/\/arantv.az\/?p=166703"},"modified":"2020-05-17T19:10:21","modified_gmt":"2020-05-17T16:10:21","slug":"qubada-guclu-kul%c9%99k-binanin-damini-asirdi-avtomobill%c9%99r%c9%99-ziyan-d%c9%99ydi-isiqlar-k%c9%99sildi-video","status":"publish","type":"post","link":"https:\/\/arantv.az\/?p=166703","title":{"rendered":"Qubada g\u00fccl\u00fc k\u00fcl\u0259k binan\u0131n dam\u0131n\u0131 a\u015f\u0131rd\u0131, avtomobill\u0259r\u0259 ziyan d\u0259ydi, i\u015f\u0131qlar k\u0259sildi &#8211; V\u0130DEO"},"content":{"rendered":"<article class=\"news\">\n<div class=\"news-inner\">\n<p>Qubada g\u00fccl\u00fc k\u00fcl\u0259k bir s\u0131ra f\u0259sadlara s\u0259b\u0259b olub.<\/p>\n<p>Rayonda ya\u015fay\u0131\u015f binas\u0131n\u0131n dam \u00f6rt\u00fcy\u00fc u\u00e7ub. Bundan ba\u015fqa avtomobill\u0259r\u0259 v\u0259 elektrik t\u0259s\u0259rr\u00fcfat\u0131na da ciddi ziyan d\u0259yib. Hadis\u0259 rayonun F\u0259t\u0259lixan \u00fcnvan\u0131nda ba\u015f verib.<\/p>\n<p>\u018fs\u0259n g\u00fccl\u00fc k\u00fcl\u0259k buradak\u0131 \u00e7oxm\u0259nzilli ya\u015fay\u0131\u015f binas\u0131n\u0131n 500 kvm-lik dam \u00f6rt\u00fcy\u00fcn\u00fc yerind\u0259n qopar\u0131b. Dam \u00f6r\u00fct\u00fcy\u00fc h\u0259y\u0259td\u0259ki avtomobill\u0259rin \u00fcst\u00fcn\u0259 d\u00fc\u015f\u00fcb. Ma\u015f\u0131nlara ciddi ziyan d\u0259yib.<\/p>\n<p>K\u00fcl\u0259yin t\u0259sirind\u0259n h\u00fcnd\u00fcrm\u0259rt\u0259b\u0259li binan\u0131n b\u0259zi m\u0259nzill\u0259rinin eyvanlar\u0131 da yarars\u0131z v\u0259ziyy\u0259t\u0259 d\u00fc\u015f\u00fcb. Bundan ba\u015fqa, h\u0259min \u0259razid\u0259ki elektrik transformatorunda yan\u011f\u0131n ba\u015f verib. Hadis\u0259 zaman\u0131 sakinl\u0259rd\u0259n kims\u0259 x\u0259sar\u0259t almay\u0131b.<\/p>\n<p>Haz\u0131rda rayonda ya\u011f\u0131\u015fl\u0131 hava \u015f\u0259raiti m\u00fc\u015fahid\u0259 olunur. Rayon F\u00f6vqalad\u0259 Hallar Komissiyas\u0131 h\u0259min \u0259raziy\u0259 bax\u0131\u015f ke\u00e7irib. Ya\u011f\u0131\u015f sular\u0131n\u0131n m\u0259nzill\u0259r\u0259 daxil olmamas\u0131 v\u0259 f\u0259sadlar\u0131n aradan qald\u0131r\u0131lmas\u0131 il\u0259 ba\u011fl\u0131 m\u00fcvafiq qurumlar t\u0259dbirl\u0259r\u0259 ba\u015flay\u0131b.<\/p>\n<div><iframe loading=\"lazy\" src=\"https:\/\/player.baku.tv\/embed\/18800\" width=\"560\" height=\"315\" frameborder=\"0\" allowfullscreen=\"allowfullscreen\" data-mce-fragment=\"1\"><\/iframe><\/div>\n<\/div>\n<\/article>\n<h2 class=\"news-share-title\">B<\/h2>\n","protected":false},"excerpt":{"rendered":"<p>Qubada g\u00fccl\u00fc k\u00fcl\u0259k bir s\u0131ra f\u0259sadlara s\u0259b\u0259b olub. Rayonda ya\u015fay\u0131\u015f binas\u0131n\u0131n dam \u00f6rt\u00fcy\u00fc u\u00e7ub. Bundan ba\u015fqa avtomobill\u0259r\u0259 v\u0259 elektrik t\u0259s\u0259rr\u00fcfat\u0131na da ciddi ziyan d\u0259yib. Hadis\u0259 rayonun F\u0259t\u0259lixan \u00fcnvan\u0131nda ba\u015f verib. \u018fs\u0259n g\u00fccl\u00fc k\u00fcl\u0259k buradak\u0131 \u00e7oxm\u0259nzilli ya\u015fay\u0131\u015f binas\u0131n\u0131n 500 kvm-lik dam \u00f6rt\u00fcy\u00fcn\u00fc yerind\u0259n qopar\u0131b. Dam \u00f6r\u00fct\u00fcy\u00fc h\u0259y\u0259td\u0259ki avtomobill\u0259rin \u00fcst\u00fcn\u0259 d\u00fc\u015f\u00fcb. Ma\u015f\u0131nlara ciddi ziyan d\u0259yib. K\u00fcl\u0259yin t\u0259sirind\u0259n h\u00fcnd\u00fcrm\u0259rt\u0259b\u0259li binan\u0131n b\u0259zi m\u0259nzill\u0259rinin eyvanlar\u0131 da yarars\u0131z v\u0259ziyy\u0259t\u0259 d\u00fc\u015f\u00fcb. Bundan ba\u015fqa, h\u0259min \u0259razid\u0259ki elektrik transformatorunda yan\u011f\u0131n ba\u015f verib. Hadis\u0259 zaman\u0131 sakinl\u0259rd\u0259n kims\u0259 x\u0259sar\u0259t almay\u0131b. Haz\u0131rda rayonda ya\u011f\u0131\u015fl\u0131 hava \u015f\u0259raiti m\u00fc\u015fahid\u0259 olunur. Rayon F\u00f6vqalad\u0259 Hallar Komissiyas\u0131&hellip;<\/p>\n","protected":false},"author":2,"featured_media":166705,"comment_status":"closed","ping_status":"closed","sticky":false,"template":"","format":"standard","meta":{"om_disable_all_campaigns":false,"_monsterinsights_skip_tracking":false,"_monsterinsights_sitenote_active":false,"_monsterinsights_sitenote_note":"","_monsterinsights_sitenote_category":0},"categories":[5],"tags":[],"aioseo_notices":[],"gutentor_comment":0,"rttpg_featured_image_url":{"full":["https:\/\/arantv.az\/wp-content\/uploads\/2020\/05\/98007919_2535524803214978_3657663431391051776_n.jpg",620,349,false],"landscape":["https:\/\/arantv.az\/wp-content\/uploads\/2020\/05\/98007919_2535524803214978_3657663431391051776_n.jpg",620,349,false],"portraits":["https:\/\/arantv.az\/wp-content\/uploads\/2020\/05\/98007919_2535524803214978_3657663431391051776_n.jpg",620,349,false],"thumbnail":["https:\/\/arantv.az\/wp-content\/uploads\/2020\/05\/98007919_2535524803214978_3657663431391051776_n-150x150.jpg",150,150,true],"medium":["https:\/\/arantv.az\/wp-content\/uploads\/2020\/05\/98007919_2535524803214978_3657663431391051776_n-300x169.jpg",300,169,true],"large":["https:\/\/arantv.az\/wp-content\/uploads\/2020\/05\/98007919_2535524803214978_3657663431391051776_n.jpg",620,349,false],"1536x1536":["https:\/\/arantv.az\/wp-content\/uploads\/2020\/05\/98007919_2535524803214978_3657663431391051776_n.jpg",620,349,false],"2048x2048":["https:\/\/arantv.az\/wp-content\/uploads\/2020\/05\/98007919_2535524803214978_3657663431391051776_n.jpg",620,349,false],"post-thumbnail":["https:\/\/arantv.az\/wp-content\/uploads\/2020\/05\/98007919_2535524803214978_3657663431391051776_n-240x172.jpg",240,172,true],"advps-thumb-one":["https:\/\/arantv.az\/wp-content\/uploads\/2020\/05\/98007919_2535524803214978_3657663431391051776_n.jpg",620,349,false]},"rttpg_author":{"display_name":"V\u00fcsal Rafiqo\u011flu","author_link":"https:\/\/arantv.az\/?author=2"},"rttpg_comment":0,"rttpg_category":"<a href=\"https:\/\/arantv.az\/?cat=5\" rel=\"category\">Hadis\u0259<\/a>","rttpg_excerpt":"Qubada g\u00fccl\u00fc k\u00fcl\u0259k bir s\u0131ra f\u0259sadlara s\u0259b\u0259b olub. Rayonda ya\u015fay\u0131\u015f binas\u0131n\u0131n dam \u00f6rt\u00fcy\u00fc u\u00e7ub. Bundan ba\u015fqa avtomobill\u0259r\u0259 v\u0259 elektrik t\u0259s\u0259rr\u00fcfat\u0131na da ciddi ziyan d\u0259yib. Hadis\u0259 rayonun F\u0259t\u0259lixan \u00fcnvan\u0131nda ba\u015f verib. \u018fs\u0259n g\u00fccl\u00fc k\u00fcl\u0259k buradak\u0131 \u00e7oxm\u0259nzilli ya\u015fay\u0131\u015f binas\u0131n\u0131n 500 kvm-lik dam \u00f6rt\u00fcy\u00fcn\u00fc yerind\u0259n qopar\u0131b. Dam \u00f6r\u00fct\u00fcy\u00fc h\u0259y\u0259td\u0259ki avtomobill\u0259rin \u00fcst\u00fcn\u0259 d\u00fc\u015f\u00fcb. Ma\u015f\u0131nlara ciddi ziyan d\u0259yib. K\u00fcl\u0259yin t\u0259sirind\u0259n&hellip;","_links":{"self":[{"href":"https:\/\/arantv.az\/index.php?rest_route=\/wp\/v2\/posts\/166703"}],"collection":[{"href":"https:\/\/arantv.az\/index.php?rest_route=\/wp\/v2\/posts"}],"about":[{"href":"https:\/\/arantv.az\/index.php?rest_route=\/wp\/v2\/types\/post"}],"author":[{"embeddable":true,"href":"https:\/\/arantv.az\/index.php?rest_route=\/wp\/v2\/users\/2"}],"replies":[{"embeddable":true,"href":"https:\/\/arantv.az\/index.php?rest_route=%2Fwp%2Fv2%2Fcomments&post=166703"}],"version-history":[{"count":0,"href":"https:\/\/arantv.az\/index.php?rest_route=\/wp\/v2\/posts\/166703\/revisions"}],"wp:featuredmedia":[{"embeddable":true,"href":"https:\/\/arantv.az\/index.php?rest_route=\/wp\/v2\/media\/166705"}],"wp:attachment":[{"href":"https:\/\/arantv.az\/index.php?rest_route=%2Fwp%2Fv2%2Fmedia&parent=166703"}],"wp:term":[{"taxonomy":"category","embeddable":true,"href":"https:\/\/arantv.az\/index.php?rest_route=%2Fwp%2Fv2%2Fcategories&post=166703"},{"taxonomy":"post_tag","embeddable":true,"href":"https:\/\/arantv.az\/index.php?rest_route=%2Fwp%2Fv2%2Ftags&post=166703"}],"curies":[{"name":"wp","href":"https:\/\/api.w.org\/{rel}","templated":true}]}}