{"id":168165,"date":"2020-05-19T22:19:05","date_gmt":"2020-05-19T19:19:05","guid":{"rendered":"http:\/\/arantv.az\/?p=168165"},"modified":"2020-05-19T22:19:05","modified_gmt":"2020-05-19T19:19:05","slug":"lavrov-v%c9%99-maas-arasinda-telefon-danisigi-olub","status":"publish","type":"post","link":"https:\/\/arantv.az\/?p=168165","title":{"rendered":"Lavrov v\u0259 Maas aras\u0131nda telefon dan\u0131\u015f\u0131\u011f\u0131 olub"},"content":{"rendered":"<p>Rusiyan\u0131n xarici i\u015fl\u0259r naziri Sergey Lavrov v\u0259 onun almaniyal\u0131 h\u0259mkar\u0131 Hayko Maas aras\u0131nda telefon dan\u0131\u015f\u0131\u011f\u0131 olub.<\/p>\n<p>ARANTV.AZ\u00a0<a href=\"http:\/\/az.trend.az\/\" target=\"_blank\" rel=\"noopener\">Trend<\/a>-\u0259 istinad\u0259n bildirir ki,\u00a0telefon dan\u0131\u015f\u0131\u011f\u0131 zaman\u0131 t\u0259r\u0259fl\u0259r koronavirus pandemiyas\u0131 il\u0259 m\u00fcbariz\u0259 \u00fczr\u0259 qlobal s\u0259yl\u0259rin \u0259laq\u0259l\u0259ndirilm\u0259sinin z\u0259ruriliyi bar\u0259d\u0259 raz\u0131l\u0131\u011fa g\u0259libl\u0259r.<\/p>\n<p>S.Lavrov v\u0259 H.Maas h\u0259m\u00e7inin Parisd\u0259 &#8220;Normand sammiti&#8221;nd\u0259 q\u0259bul edil\u0259n q\u0259rarlara sadiq olduqlar\u0131n\u0131 ifad\u0259 edibl\u0259r.<\/p>\n","protected":false},"excerpt":{"rendered":"<p>Rusiyan\u0131n xarici i\u015fl\u0259r naziri Sergey Lavrov v\u0259 onun almaniyal\u0131 h\u0259mkar\u0131 Hayko Maas aras\u0131nda telefon dan\u0131\u015f\u0131\u011f\u0131 olub. ARANTV.AZ\u00a0Trend-\u0259 istinad\u0259n bildirir ki,\u00a0telefon dan\u0131\u015f\u0131\u011f\u0131 zaman\u0131 t\u0259r\u0259fl\u0259r koronavirus pandemiyas\u0131 il\u0259 m\u00fcbariz\u0259 \u00fczr\u0259 qlobal s\u0259yl\u0259rin \u0259laq\u0259l\u0259ndirilm\u0259sinin z\u0259ruriliyi bar\u0259d\u0259 raz\u0131l\u0131\u011fa g\u0259libl\u0259r. S.Lavrov v\u0259 H.Maas h\u0259m\u00e7inin Parisd\u0259 &#8220;Normand sammiti&#8221;nd\u0259 q\u0259bul edil\u0259n q\u0259rarlara sadiq olduqlar\u0131n\u0131 ifad\u0259 edibl\u0259r.<\/p>\n","protected":false},"author":2,"featured_media":168166,"comment_status":"closed","ping_status":"closed","sticky":false,"template":"","format":"standard","meta":{"om_disable_all_campaigns":false,"_monsterinsights_skip_tracking":false,"_monsterinsights_sitenote_active":false,"_monsterinsights_sitenote_note":"","_monsterinsights_sitenote_category":0},"categories":[7],"tags":[],"aioseo_notices":[],"gutentor_comment":0,"rttpg_featured_image_url":{"full":["https:\/\/arantv.az\/wp-content\/uploads\/2020\/05\/38490-67.jpg",800,600,false],"landscape":["https:\/\/arantv.az\/wp-content\/uploads\/2020\/05\/38490-67.jpg",800,600,false],"portraits":["https:\/\/arantv.az\/wp-content\/uploads\/2020\/05\/38490-67.jpg",800,600,false],"thumbnail":["https:\/\/arantv.az\/wp-content\/uploads\/2020\/05\/38490-67-150x150.jpg",150,150,true],"medium":["https:\/\/arantv.az\/wp-content\/uploads\/2020\/05\/38490-67-300x225.jpg",300,225,true],"large":["https:\/\/arantv.az\/wp-content\/uploads\/2020\/05\/38490-67.jpg",640,480,false],"1536x1536":["https:\/\/arantv.az\/wp-content\/uploads\/2020\/05\/38490-67.jpg",800,600,false],"2048x2048":["https:\/\/arantv.az\/wp-content\/uploads\/2020\/05\/38490-67.jpg",800,600,false],"post-thumbnail":["https:\/\/arantv.az\/wp-content\/uploads\/2020\/05\/38490-67-240x172.jpg",240,172,true],"advps-thumb-one":["https:\/\/arantv.az\/wp-content\/uploads\/2020\/05\/38490-67.jpg",800,600,false]},"rttpg_author":{"display_name":"V\u00fcsal Rafiqo\u011flu","author_link":"https:\/\/arantv.az\/?author=2"},"rttpg_comment":0,"rttpg_category":"<a href=\"https:\/\/arantv.az\/?cat=7\" rel=\"category\">D\u00fcnya<\/a>","rttpg_excerpt":"Rusiyan\u0131n xarici i\u015fl\u0259r naziri Sergey Lavrov v\u0259 onun almaniyal\u0131 h\u0259mkar\u0131 Hayko Maas aras\u0131nda telefon dan\u0131\u015f\u0131\u011f\u0131 olub. ARANTV.AZ\u00a0Trend-\u0259 istinad\u0259n bildirir ki,\u00a0telefon dan\u0131\u015f\u0131\u011f\u0131 zaman\u0131 t\u0259r\u0259fl\u0259r koronavirus pandemiyas\u0131 il\u0259 m\u00fcbariz\u0259 \u00fczr\u0259 qlobal s\u0259yl\u0259rin \u0259laq\u0259l\u0259ndirilm\u0259sinin z\u0259ruriliyi bar\u0259d\u0259 raz\u0131l\u0131\u011fa g\u0259libl\u0259r. S.Lavrov v\u0259 H.Maas h\u0259m\u00e7inin Parisd\u0259 &#8220;Normand sammiti&#8221;nd\u0259 q\u0259bul edil\u0259n q\u0259rarlara sadiq olduqlar\u0131n\u0131 ifad\u0259 edibl\u0259r.","_links":{"self":[{"href":"https:\/\/arantv.az\/index.php?rest_route=\/wp\/v2\/posts\/168165"}],"collection":[{"href":"https:\/\/arantv.az\/index.php?rest_route=\/wp\/v2\/posts"}],"about":[{"href":"https:\/\/arantv.az\/index.php?rest_route=\/wp\/v2\/types\/post"}],"author":[{"embeddable":true,"href":"https:\/\/arantv.az\/index.php?rest_route=\/wp\/v2\/users\/2"}],"replies":[{"embeddable":true,"href":"https:\/\/arantv.az\/index.php?rest_route=%2Fwp%2Fv2%2Fcomments&post=168165"}],"version-history":[{"count":0,"href":"https:\/\/arantv.az\/index.php?rest_route=\/wp\/v2\/posts\/168165\/revisions"}],"wp:featuredmedia":[{"embeddable":true,"href":"https:\/\/arantv.az\/index.php?rest_route=\/wp\/v2\/media\/168166"}],"wp:attachment":[{"href":"https:\/\/arantv.az\/index.php?rest_route=%2Fwp%2Fv2%2Fmedia&parent=168165"}],"wp:term":[{"taxonomy":"category","embeddable":true,"href":"https:\/\/arantv.az\/index.php?rest_route=%2Fwp%2Fv2%2Fcategories&post=168165"},{"taxonomy":"post_tag","embeddable":true,"href":"https:\/\/arantv.az\/index.php?rest_route=%2Fwp%2Fv2%2Ftags&post=168165"}],"curies":[{"name":"wp","href":"https:\/\/api.w.org\/{rel}","templated":true}]}}