{"id":16909,"date":"2018-10-04T09:10:37","date_gmt":"2018-10-04T06:10:37","guid":{"rendered":"http:\/\/arantv.az\/?p=16909"},"modified":"2018-10-04T09:10:37","modified_gmt":"2018-10-04T06:10:37","slug":"az%c9%99rbaycan-il%c9%99-rusiya-elektroenergetika-sah%c9%99sind%c9%99-%c9%99m%c9%99kdasligi-muzakir%c9%99-edib","status":"publish","type":"post","link":"https:\/\/arantv.az\/?p=16909","title":{"rendered":"Az\u0259rbaycan il\u0259 Rusiya elektroenergetika sah\u0259sind\u0259 \u0259m\u0259kda\u015fl\u0131\u011f\u0131 m\u00fczakir\u0259 edib"},"content":{"rendered":"<p><strong>ARANTV.AZ<\/strong> x\u0259b\u0259r verir ki, \u201cRusiya Prezidenti Vladimir Putin il\u0259 Az\u0259rbaycan Prezidenti \u0130lham \u018fliyev aras\u0131nda etimada \u0259saslanan t\u0259r\u0259fda\u015fl\u0131q m\u00fcnasib\u0259tl\u0259ri \u0259n m\u00fcr\u0259kk\u0259b m\u0259s\u0259l\u0259l\u0259ri m\u00fczakir\u0259 etm\u0259y\u0259 imkan verir. Rusiya Prezidentinin m\u0259tbuat katibi Dmitri Peskov Moskvada ba\u015flayan \u201cRusiya energetika h\u0259ft\u0259si\u201d Beyn\u0259lxalq Forumunda \u00e7\u0259r\u00e7v\u0259sind\u0259 bel\u0259 deyib. Az\u0259rbaycan\u0131n da t\u0259msil olundu\u011fu forumda bu sah\u0259d\u0259 \u0259m\u0259kda\u015fl\u0131\u011f\u0131n geni\u015fl\u0259ndirilm\u0259sind\u0259 dair m\u00fczakir\u0259l\u0259r apar\u0131l\u0131b.<\/p>\n<p>Forumun birinci g\u00fcn\u00fc d\u00fcnyan\u0131n 30-dan \u00e7ox \u00f6lk\u0259sinin energetika nazirl\u0259rinin i\u015ftirak\u0131 il\u0259 \u201cYanacaq-energetika kompleksinin s\u0259m\u0259r\u0259li t\u0259nziml\u0259nm\u0259si: \u00fcmumi yana\u015fma v\u0259 \u00f6lk\u0259l\u0259rin f\u0259rqi\u201d m\u00f6vzusunda sessiya t\u0259\u015fkil olundu.Qonaqlar\u0131 salamlayan Rusiya energetika naziri Aleksandr Novak \u00f6lk\u0259l\u0259r aras\u0131nda energetika sektorunda \u0259m\u0259kda\u015fl\u0131q \u0259laq\u0259l\u0259rinin bundan sonra da d\u0259rinl\u0259\u015fdirilm\u0259sinin vacibliyini vur\u011fulad\u0131.<\/p>\n<p>\u00c7\u0131x\u0131\u015f ed\u0259n Az\u0259rbaycan\u0131n energetika naziri P\u0259rviz \u015eahbazov son ill\u0259r \u00f6lk\u0259 iqtisadiyyat\u0131n\u0131n inki\u015faf\u0131ndan dan\u0131\u015fd\u0131. Dedi ki, 15 il \u0259rzind\u0259 Az\u0259rbaycan iqtisadiyyat\u0131nda 3,5 d\u0259f\u0259 art\u0131m qeyd\u0259 al\u0131n\u0131b. \u00d6lk\u0259 iqtisadiyyat\u0131na 250 milyard dollardan \u00e7ox investisiya qoyulub ki, bunun da yar\u0131s\u0131n birba\u015fa xarici\u00a0\u00a0 investisiyalar t\u0259\u015fkil edir. Az\u0259rbaycanda neft v\u0259 qaz s\u0259nayesin\u0259 d\u00f6vl\u0259t d\u0259st\u0259yind\u0259n dan\u0131\u015fan nazir diqq\u0259t\u0259 \u00e7atd\u0131rd\u0131 ki,bu sah\u0259y\u0259 95 milyard investisiya yat\u0131r\u0131l\u0131b. \u00d6lk\u0259d\u0259 b\u0259rpa olunan enerji m\u0259nb\u0259l\u0259rinin yarad\u0131lmas\u0131 bar\u0259d\u0259 m\u0259lumat ver\u0259n P\u0259rviz \u015eahbazov, 2030-cu il\u0259d\u0259k b\u0259rpa olunan enerji m\u0259nb\u0259l\u0259rinin \u00fcmumi h\u0259cminin 30 faiz\u0259 \u00e7ataca\u011f\u0131n\u0131 vur\u011fulad\u0131.<\/p>\n<p>Az\u0259rbaycan\u0131n energetika naziri Beyn\u0259lxalq Forum \u00e7\u0259rciv\u0259sind\u0259 Rusiyan\u0131n energetika naziri Aleksandr Novak, Macar\u0131stan\u0131n xarici i\u015fl\u0259r v\u0259 ticar\u0259t naziri Peter Siyatro, Monqolustan\u0131n energetika naziri Tserenpiliyin Davusurenl\u0259 g\u00f6r\u00fc\u015fl\u0259r ke\u00e7irdi. G\u00f6r\u00fc\u015fd\u0259 enerji sah\u0259sind\u0259 qar\u015f\u0131l\u0131ql\u0131 \u0259m\u0259kda\u015fl\u0131\u011fa dair fikir m\u00fcbadil\u0259si apar\u0131ld\u0131. Forumda i\u015ftirak ed\u0259n Rusiya prezidentinin m\u0259tbuat katibi Dmitri Peskov is\u0259 \u00f6lk\u0259l\u0259rimiz aras\u0131nda b\u00fct\u00fcn sah\u0259l\u0259r\u0259d\u0259 m\u00fc\u015fahid\u0259 olunan u\u011furlu inki\u015fafdan dan\u0131\u015fd\u0131. Dedi ki, prezidentl\u0259rin sonuncu g\u00f6r\u00fc\u015f\u00fc bir daha g\u00f6st\u0259rdi ki, \u00f6lk\u0259 liderl\u0259ri aras\u0131nda \u0259laq\u0259l\u0259r \u0259m\u0259kda\u015fl\u0131q v\u0259 etimad xarakteri da\u015f\u0131y\u0131r.<\/p>\n<p>Forum \u00f6z i\u015fini plenar iclasla davam etdirdi. Rusiya prezidenti Vladimir Putinin i\u015ftirak il\u0259 ke\u00e7iril\u0259n plenar iclasda beyn\u0259lxalq \u0259m\u0259kda\u015fl\u0131q potensial\u0131n\u0131n art\u0131r\u0131lmas\u0131, habel\u0259 yanacaq v\u0259 enerji sektorunda \u0259laq\u0259l\u0259rin inki\u015faf etdirilm\u0259si m\u00fczakir\u0259 olundu.<\/p>\n","protected":false},"excerpt":{"rendered":"<p>ARANTV.AZ x\u0259b\u0259r verir ki, \u201cRusiya Prezidenti Vladimir Putin il\u0259 Az\u0259rbaycan Prezidenti \u0130lham \u018fliyev aras\u0131nda etimada \u0259saslanan t\u0259r\u0259fda\u015fl\u0131q m\u00fcnasib\u0259tl\u0259ri \u0259n m\u00fcr\u0259kk\u0259b m\u0259s\u0259l\u0259l\u0259ri m\u00fczakir\u0259 etm\u0259y\u0259 imkan verir. Rusiya Prezidentinin m\u0259tbuat katibi Dmitri Peskov Moskvada ba\u015flayan \u201cRusiya energetika h\u0259ft\u0259si\u201d Beyn\u0259lxalq Forumunda \u00e7\u0259r\u00e7v\u0259sind\u0259 bel\u0259 deyib. Az\u0259rbaycan\u0131n da t\u0259msil olundu\u011fu forumda bu sah\u0259d\u0259 \u0259m\u0259kda\u015fl\u0131\u011f\u0131n geni\u015fl\u0259ndirilm\u0259sind\u0259 dair m\u00fczakir\u0259l\u0259r apar\u0131l\u0131b. Forumun birinci g\u00fcn\u00fc d\u00fcnyan\u0131n 30-dan \u00e7ox \u00f6lk\u0259sinin energetika nazirl\u0259rinin i\u015ftirak\u0131 il\u0259 \u201cYanacaq-energetika kompleksinin s\u0259m\u0259r\u0259li t\u0259nziml\u0259nm\u0259si: \u00fcmumi yana\u015fma v\u0259 \u00f6lk\u0259l\u0259rin f\u0259rqi\u201d m\u00f6vzusunda sessiya t\u0259\u015fkil olundu.Qonaqlar\u0131 salamlayan Rusiya energetika naziri Aleksandr Novak \u00f6lk\u0259l\u0259r aras\u0131nda energetika sektorunda \u0259m\u0259kda\u015fl\u0131q \u0259laq\u0259l\u0259rinin bundan&hellip;<\/p>\n","protected":false},"author":2,"featured_media":16910,"comment_status":"closed","ping_status":"closed","sticky":false,"template":"","format":"standard","meta":{"om_disable_all_campaigns":false,"_monsterinsights_skip_tracking":false,"_monsterinsights_sitenote_active":false,"_monsterinsights_sitenote_note":"","_monsterinsights_sitenote_category":0},"categories":[19],"tags":[],"aioseo_notices":[],"gutentor_comment":0,"rttpg_featured_image_url":{"full":["https:\/\/arantv.az\/wp-content\/uploads\/2018\/10\/e71me7cgtd86ktp9vsel80tol4ener.jpg",1000,666,false],"landscape":["https:\/\/arantv.az\/wp-content\/uploads\/2018\/10\/e71me7cgtd86ktp9vsel80tol4ener.jpg",1000,666,false],"portraits":["https:\/\/arantv.az\/wp-content\/uploads\/2018\/10\/e71me7cgtd86ktp9vsel80tol4ener.jpg",1000,666,false],"thumbnail":["https:\/\/arantv.az\/wp-content\/uploads\/2018\/10\/e71me7cgtd86ktp9vsel80tol4ener-150x150.jpg",150,150,true],"medium":["https:\/\/arantv.az\/wp-content\/uploads\/2018\/10\/e71me7cgtd86ktp9vsel80tol4ener-300x200.jpg",300,200,true],"large":["https:\/\/arantv.az\/wp-content\/uploads\/2018\/10\/e71me7cgtd86ktp9vsel80tol4ener.jpg",640,426,false],"1536x1536":["https:\/\/arantv.az\/wp-content\/uploads\/2018\/10\/e71me7cgtd86ktp9vsel80tol4ener.jpg",1000,666,false],"2048x2048":["https:\/\/arantv.az\/wp-content\/uploads\/2018\/10\/e71me7cgtd86ktp9vsel80tol4ener.jpg",1000,666,false],"post-thumbnail":["https:\/\/arantv.az\/wp-content\/uploads\/2018\/10\/e71me7cgtd86ktp9vsel80tol4ener-240x172.jpg",240,172,true],"advps-thumb-one":["https:\/\/arantv.az\/wp-content\/uploads\/2018\/10\/e71me7cgtd86ktp9vsel80tol4ener-1000x620.jpg",1000,620,true]},"rttpg_author":{"display_name":"V\u00fcsal Rafiqo\u011flu","author_link":"https:\/\/arantv.az\/?author=2"},"rttpg_comment":0,"rttpg_category":"<a href=\"https:\/\/arantv.az\/?cat=19\" rel=\"category\">G\u00fcnd\u0259m<\/a>","rttpg_excerpt":"ARANTV.AZ x\u0259b\u0259r verir ki, \u201cRusiya Prezidenti Vladimir Putin il\u0259 Az\u0259rbaycan Prezidenti \u0130lham \u018fliyev aras\u0131nda etimada \u0259saslanan t\u0259r\u0259fda\u015fl\u0131q m\u00fcnasib\u0259tl\u0259ri \u0259n m\u00fcr\u0259kk\u0259b m\u0259s\u0259l\u0259l\u0259ri m\u00fczakir\u0259 etm\u0259y\u0259 imkan verir. Rusiya Prezidentinin m\u0259tbuat katibi Dmitri Peskov Moskvada ba\u015flayan \u201cRusiya energetika h\u0259ft\u0259si\u201d Beyn\u0259lxalq Forumunda \u00e7\u0259r\u00e7v\u0259sind\u0259 bel\u0259 deyib. Az\u0259rbaycan\u0131n da t\u0259msil olundu\u011fu forumda bu sah\u0259d\u0259 \u0259m\u0259kda\u015fl\u0131\u011f\u0131n geni\u015fl\u0259ndirilm\u0259sind\u0259 dair m\u00fczakir\u0259l\u0259r apar\u0131l\u0131b. Forumun birinci&hellip;","_links":{"self":[{"href":"https:\/\/arantv.az\/index.php?rest_route=\/wp\/v2\/posts\/16909"}],"collection":[{"href":"https:\/\/arantv.az\/index.php?rest_route=\/wp\/v2\/posts"}],"about":[{"href":"https:\/\/arantv.az\/index.php?rest_route=\/wp\/v2\/types\/post"}],"author":[{"embeddable":true,"href":"https:\/\/arantv.az\/index.php?rest_route=\/wp\/v2\/users\/2"}],"replies":[{"embeddable":true,"href":"https:\/\/arantv.az\/index.php?rest_route=%2Fwp%2Fv2%2Fcomments&post=16909"}],"version-history":[{"count":0,"href":"https:\/\/arantv.az\/index.php?rest_route=\/wp\/v2\/posts\/16909\/revisions"}],"wp:featuredmedia":[{"embeddable":true,"href":"https:\/\/arantv.az\/index.php?rest_route=\/wp\/v2\/media\/16910"}],"wp:attachment":[{"href":"https:\/\/arantv.az\/index.php?rest_route=%2Fwp%2Fv2%2Fmedia&parent=16909"}],"wp:term":[{"taxonomy":"category","embeddable":true,"href":"https:\/\/arantv.az\/index.php?rest_route=%2Fwp%2Fv2%2Fcategories&post=16909"},{"taxonomy":"post_tag","embeddable":true,"href":"https:\/\/arantv.az\/index.php?rest_route=%2Fwp%2Fv2%2Ftags&post=16909"}],"curies":[{"name":"wp","href":"https:\/\/api.w.org\/{rel}","templated":true}]}}