{"id":169785,"date":"2020-05-21T16:19:12","date_gmt":"2020-05-21T13:19:12","guid":{"rendered":"http:\/\/arantv.az\/?p=169785"},"modified":"2020-05-21T16:19:12","modified_gmt":"2020-05-21T13:19:12","slug":"karantin-rejiminin-az%c9%99rbaycan-ucun-faydalari-aciqlandi-r%c9%99smi","status":"publish","type":"post","link":"https:\/\/arantv.az\/?p=169785","title":{"rendered":"Karantin rejiminin Az\u0259rbaycan \u00fc\u00e7\u00fcn faydalar\u0131 a\u00e7\u0131qland\u0131 &#8211; R\u018fSM\u0130"},"content":{"rendered":"<p>\u201cAra\u015fd\u0131rmalar\u0131n n\u0259tic\u0259l\u0259rinin m\u00fcqayis\u0259li t\u0259hlili g\u00f6st\u0259rir ki, karantin d\u00f6vr\u00fcnd\u0259 \u0259traf m\u00fchit\u0259 antropogen t\u0259sirl\u0259r \u0259h\u0259miyy\u0259tli d\u0259r\u0259c\u0259d\u0259 azal\u0131b\u201d.<\/p>\n<p><b>ARANTV.AZ<\/b>-\u0131n m\u0259lumat\u0131na g\u00f6r\u0259, bunu Nazirl\u0259r Kabineti yan\u0131nda operativ q\u0259rargah\u0131n ke\u00e7irdiyi m\u0259tbuat konfrans\u0131nda Ekologiya v\u0259 T\u0259bii S\u0259rv\u0259tl\u0259r naziri Muxtar Babayev bildirib.<\/p>\n<p>Onun s\u00f6zl\u0259rin\u0259 g\u00f6r\u0259, x\u00fcsusil\u0259 havan\u0131n \u00e7irkl\u0259nm\u0259 s\u0259viyy\u0259si xeyli a\u015fa\u011f\u0131 d\u00fc\u015f\u00fcb:<\/p>\n<div id=\"AdviadNativeVideo0\" class=\"AdviadNativeVideo\"><\/div>\n<p>\u201cDiaqramlardan da g\u00f6r\u00fcnd\u00fcy\u00fc kimi, 2020-ci ilin mart-aprel-may aylar\u0131nda m\u00fcxt\u0259lif \u00e7irkl\u0259ndiricil\u0259rin konsentrasiyas\u0131 2019-cu ilin analoji d\u00f6vr\u00fc il\u0259 m\u00fcqayis\u0259d\u0259, n\u0259z\u0259r\u0259\u00e7arpacaq d\u0259r\u0259c\u0259d\u0259 azd\u0131r.<\/p>\n<p>Buna\u00a0karantin d\u00f6vr\u00fcnd\u0259 s\u0259naye v\u0259 ictimai ia\u015f\u0259 obyektl\u0259rinin f\u0259aliyy\u0259tinin m\u0259hdudla\u015fd\u0131r\u0131lmas\u0131 v\u0259 avtomobill\u0259rd\u0259n istifad\u0259nin k\u0259skin azalmas\u0131 s\u0259b\u0259b olub\u201d.<\/p>\n<p>O qeyd edib ki, karantin d\u00f6vr\u00fcnd\u0259 t\u0259tbiq olunan m\u0259hdudla\u015fd\u0131rmalar X\u0259z\u0259r d\u0259nizinin sahil sular\u0131n\u0131n keyfiyy\u0259tin\u0259 d\u0259 m\u00fcsb\u0259t t\u0259sir g\u00f6st\u0259rib:<\/p>\n<p>\u201cM\u0259s\u0259l\u0259n, Nardaran, Pir\u015fa\u011f\u0131, Bilg\u0259h \u0259razil\u0259rind\u0259 d\u0259nizd\u0259 apar\u0131lan son monitorinql\u0259r onu dem\u0259y\u0259 \u0259sas verir ki, sahilboyu ictimai-ia\u015f\u0259 obyektl\u0259ri f\u0259aliyy\u0259t g\u00f6st\u0259rm\u0259diyind\u0259n d\u0259niz suyunun \u00e7irkl\u0259nm\u0259 s\u0259viyy\u0259sind\u0259 azalma m\u00fc\u015fahid\u0259 edilir\u201d.Oxu.Az<\/p>\n","protected":false},"excerpt":{"rendered":"<p>\u201cAra\u015fd\u0131rmalar\u0131n n\u0259tic\u0259l\u0259rinin m\u00fcqayis\u0259li t\u0259hlili g\u00f6st\u0259rir ki, karantin d\u00f6vr\u00fcnd\u0259 \u0259traf m\u00fchit\u0259 antropogen t\u0259sirl\u0259r \u0259h\u0259miyy\u0259tli d\u0259r\u0259c\u0259d\u0259 azal\u0131b\u201d. ARANTV.AZ-\u0131n m\u0259lumat\u0131na g\u00f6r\u0259, bunu Nazirl\u0259r Kabineti yan\u0131nda operativ q\u0259rargah\u0131n ke\u00e7irdiyi m\u0259tbuat konfrans\u0131nda Ekologiya v\u0259 T\u0259bii S\u0259rv\u0259tl\u0259r naziri Muxtar Babayev bildirib. Onun s\u00f6zl\u0259rin\u0259 g\u00f6r\u0259, x\u00fcsusil\u0259 havan\u0131n \u00e7irkl\u0259nm\u0259 s\u0259viyy\u0259si xeyli a\u015fa\u011f\u0131 d\u00fc\u015f\u00fcb: \u201cDiaqramlardan da g\u00f6r\u00fcnd\u00fcy\u00fc kimi, 2020-ci ilin mart-aprel-may aylar\u0131nda m\u00fcxt\u0259lif \u00e7irkl\u0259ndiricil\u0259rin konsentrasiyas\u0131 2019-cu ilin analoji d\u00f6vr\u00fc il\u0259 m\u00fcqayis\u0259d\u0259, n\u0259z\u0259r\u0259\u00e7arpacaq d\u0259r\u0259c\u0259d\u0259 azd\u0131r. Buna\u00a0karantin d\u00f6vr\u00fcnd\u0259 s\u0259naye v\u0259 ictimai ia\u015f\u0259 obyektl\u0259rinin f\u0259aliyy\u0259tinin m\u0259hdudla\u015fd\u0131r\u0131lmas\u0131 v\u0259 avtomobill\u0259rd\u0259n istifad\u0259nin k\u0259skin azalmas\u0131 s\u0259b\u0259b olub\u201d. O qeyd edib ki, karantin d\u00f6vr\u00fcnd\u0259 t\u0259tbiq olunan m\u0259hdudla\u015fd\u0131rmalar&hellip;<\/p>\n","protected":false},"author":2,"featured_media":169787,"comment_status":"closed","ping_status":"closed","sticky":false,"template":"","format":"standard","meta":{"om_disable_all_campaigns":false,"_monsterinsights_skip_tracking":false,"_monsterinsights_sitenote_active":false,"_monsterinsights_sitenote_note":"","_monsterinsights_sitenote_category":0},"categories":[26],"tags":[],"aioseo_notices":[],"gutentor_comment":0,"rttpg_featured_image_url":{"full":["https:\/\/arantv.az\/wp-content\/uploads\/2020\/05\/99382148_318109305826267_6787811763942326272_n-2.jpg",620,414,false],"landscape":["https:\/\/arantv.az\/wp-content\/uploads\/2020\/05\/99382148_318109305826267_6787811763942326272_n-2.jpg",620,414,false],"portraits":["https:\/\/arantv.az\/wp-content\/uploads\/2020\/05\/99382148_318109305826267_6787811763942326272_n-2.jpg",620,414,false],"thumbnail":["https:\/\/arantv.az\/wp-content\/uploads\/2020\/05\/99382148_318109305826267_6787811763942326272_n-2-150x150.jpg",150,150,true],"medium":["https:\/\/arantv.az\/wp-content\/uploads\/2020\/05\/99382148_318109305826267_6787811763942326272_n-2-300x200.jpg",300,200,true],"large":["https:\/\/arantv.az\/wp-content\/uploads\/2020\/05\/99382148_318109305826267_6787811763942326272_n-2.jpg",620,414,false],"1536x1536":["https:\/\/arantv.az\/wp-content\/uploads\/2020\/05\/99382148_318109305826267_6787811763942326272_n-2.jpg",620,414,false],"2048x2048":["https:\/\/arantv.az\/wp-content\/uploads\/2020\/05\/99382148_318109305826267_6787811763942326272_n-2.jpg",620,414,false],"post-thumbnail":["https:\/\/arantv.az\/wp-content\/uploads\/2020\/05\/99382148_318109305826267_6787811763942326272_n-2-240x172.jpg",240,172,true],"advps-thumb-one":["https:\/\/arantv.az\/wp-content\/uploads\/2020\/05\/99382148_318109305826267_6787811763942326272_n-2.jpg",620,414,false]},"rttpg_author":{"display_name":"V\u00fcsal Rafiqo\u011flu","author_link":"https:\/\/arantv.az\/?author=2"},"rttpg_comment":0,"rttpg_category":"<a href=\"https:\/\/arantv.az\/?cat=26\" rel=\"category\">Sosial<\/a>","rttpg_excerpt":"\u201cAra\u015fd\u0131rmalar\u0131n n\u0259tic\u0259l\u0259rinin m\u00fcqayis\u0259li t\u0259hlili g\u00f6st\u0259rir ki, karantin d\u00f6vr\u00fcnd\u0259 \u0259traf m\u00fchit\u0259 antropogen t\u0259sirl\u0259r \u0259h\u0259miyy\u0259tli d\u0259r\u0259c\u0259d\u0259 azal\u0131b\u201d. ARANTV.AZ-\u0131n m\u0259lumat\u0131na g\u00f6r\u0259, bunu Nazirl\u0259r Kabineti yan\u0131nda operativ q\u0259rargah\u0131n ke\u00e7irdiyi m\u0259tbuat konfrans\u0131nda Ekologiya v\u0259 T\u0259bii S\u0259rv\u0259tl\u0259r naziri Muxtar Babayev bildirib. Onun s\u00f6zl\u0259rin\u0259 g\u00f6r\u0259, x\u00fcsusil\u0259 havan\u0131n \u00e7irkl\u0259nm\u0259 s\u0259viyy\u0259si xeyli a\u015fa\u011f\u0131 d\u00fc\u015f\u00fcb: \u201cDiaqramlardan da g\u00f6r\u00fcnd\u00fcy\u00fc kimi, 2020-ci ilin mart-aprel-may aylar\u0131nda m\u00fcxt\u0259lif \u00e7irkl\u0259ndiricil\u0259rin&hellip;","_links":{"self":[{"href":"https:\/\/arantv.az\/index.php?rest_route=\/wp\/v2\/posts\/169785"}],"collection":[{"href":"https:\/\/arantv.az\/index.php?rest_route=\/wp\/v2\/posts"}],"about":[{"href":"https:\/\/arantv.az\/index.php?rest_route=\/wp\/v2\/types\/post"}],"author":[{"embeddable":true,"href":"https:\/\/arantv.az\/index.php?rest_route=\/wp\/v2\/users\/2"}],"replies":[{"embeddable":true,"href":"https:\/\/arantv.az\/index.php?rest_route=%2Fwp%2Fv2%2Fcomments&post=169785"}],"version-history":[{"count":0,"href":"https:\/\/arantv.az\/index.php?rest_route=\/wp\/v2\/posts\/169785\/revisions"}],"wp:featuredmedia":[{"embeddable":true,"href":"https:\/\/arantv.az\/index.php?rest_route=\/wp\/v2\/media\/169787"}],"wp:attachment":[{"href":"https:\/\/arantv.az\/index.php?rest_route=%2Fwp%2Fv2%2Fmedia&parent=169785"}],"wp:term":[{"taxonomy":"category","embeddable":true,"href":"https:\/\/arantv.az\/index.php?rest_route=%2Fwp%2Fv2%2Fcategories&post=169785"},{"taxonomy":"post_tag","embeddable":true,"href":"https:\/\/arantv.az\/index.php?rest_route=%2Fwp%2Fv2%2Ftags&post=169785"}],"curies":[{"name":"wp","href":"https:\/\/api.w.org\/{rel}","templated":true}]}}