{"id":169797,"date":"2020-05-21T16:25:05","date_gmt":"2020-05-21T13:25:05","guid":{"rendered":"http:\/\/arantv.az\/?p=169797"},"modified":"2020-05-21T16:25:05","modified_gmt":"2020-05-21T13:25:05","slug":"nazird%c9%99n-cim%c9%99rlikl%c9%99rl%c9%99-bagli-muhum-aciqlama","status":"publish","type":"post","link":"https:\/\/arantv.az\/?p=169797","title":{"rendered":"Nazird\u0259n \u00e7im\u0259rlikl\u0259rl\u0259 ba\u011fl\u0131 M\u00dcH\u00dcM A\u00c7IQLAMA"},"content":{"rendered":"<p>\u201cS\u0259hiyy\u0259 Nazirliyi il\u0259 birlikd\u0259 \u00e7im\u0259rlikl\u0259rd\u0259 monitorinql\u0259r\u0259 ba\u015flan\u0131l\u0131b\u201d.<\/p>\n<p><b>ARANTV.AZ<\/b>-\u0131n m\u0259lumat\u0131na g\u00f6r\u0259, bunu Nazirl\u0259r Kabineti yan\u0131nda operativ q\u0259rargah\u0131n ke\u00e7irdiyi m\u0259tbuat konfrans\u0131nda Ekologiya v\u0259 T\u0259bii S\u0259rv\u0259tl\u0259r naziri Muxtar Babayev bildirib.<\/p>\n<p>Onun s\u00f6zl\u0259rin\u0259 g\u00f6r\u0259, yax\u0131n zamanda monitorinql\u0259rin n\u0259tic\u0259l\u0259ri\u00a0bilin\u0259c\u0259k:<\/p>\n<div id=\"AdviadNativeVideo0\" class=\"AdviadNativeVideo\"><\/div>\n<p>\u201cBir s\u0131ra \u00e7im\u0259rlikl\u0259rd\u0259 d\u0259niz suyundan\u00a0n\u00fcmun\u0259l\u0259r art\u0131q g\u00f6t\u00fcr\u00fcl\u00fcb v\u0259 S\u0259hiyy\u0259 Nazirliyi il\u0259 birlikd\u0259 laborator m\u00fcayin\u0259l\u0259r\u0259 ba\u015flan\u0131l\u0131b\u201d.<\/p>\n<p>\u201c\u0130yunun 1-d\u0259, b\u00f6y\u00fck ehtimalla, Ab\u015feron yarmadas\u0131n\u0131n \u00e7imr\u0259likl\u0259rind\u0259 su n\u00fcmun\u0259l\u0259rinin n\u0259tic\u0259l\u0259ri analiz olunacaq v\u0259 n\u0259tic\u0259si a\u00e7\u0131qlanacaq\u201d, &#8211; dey\u0259 nazir qeyd edib.Oxu.Az<\/p>\n","protected":false},"excerpt":{"rendered":"<p>\u201cS\u0259hiyy\u0259 Nazirliyi il\u0259 birlikd\u0259 \u00e7im\u0259rlikl\u0259rd\u0259 monitorinql\u0259r\u0259 ba\u015flan\u0131l\u0131b\u201d. ARANTV.AZ-\u0131n m\u0259lumat\u0131na g\u00f6r\u0259, bunu Nazirl\u0259r Kabineti yan\u0131nda operativ q\u0259rargah\u0131n ke\u00e7irdiyi m\u0259tbuat konfrans\u0131nda Ekologiya v\u0259 T\u0259bii S\u0259rv\u0259tl\u0259r naziri Muxtar Babayev bildirib. Onun s\u00f6zl\u0259rin\u0259 g\u00f6r\u0259, yax\u0131n zamanda monitorinql\u0259rin n\u0259tic\u0259l\u0259ri\u00a0bilin\u0259c\u0259k: \u201cBir s\u0131ra \u00e7im\u0259rlikl\u0259rd\u0259 d\u0259niz suyundan\u00a0n\u00fcmun\u0259l\u0259r art\u0131q g\u00f6t\u00fcr\u00fcl\u00fcb v\u0259 S\u0259hiyy\u0259 Nazirliyi il\u0259 birlikd\u0259 laborator m\u00fcayin\u0259l\u0259r\u0259 ba\u015flan\u0131l\u0131b\u201d. \u201c\u0130yunun 1-d\u0259, b\u00f6y\u00fck ehtimalla, Ab\u015feron yarmadas\u0131n\u0131n \u00e7imr\u0259likl\u0259rind\u0259 su n\u00fcmun\u0259l\u0259rinin n\u0259tic\u0259l\u0259ri analiz olunacaq v\u0259 n\u0259tic\u0259si a\u00e7\u0131qlanacaq\u201d, &#8211; dey\u0259 nazir qeyd edib.Oxu.Az<\/p>\n","protected":false},"author":2,"featured_media":169798,"comment_status":"closed","ping_status":"closed","sticky":false,"template":"","format":"standard","meta":{"om_disable_all_campaigns":false,"_monsterinsights_skip_tracking":false,"_monsterinsights_sitenote_active":false,"_monsterinsights_sitenote_note":"","_monsterinsights_sitenote_category":0},"categories":[26],"tags":[],"aioseo_notices":[],"gutentor_comment":0,"rttpg_featured_image_url":{"full":["https:\/\/arantv.az\/wp-content\/uploads\/2020\/05\/ocnpsa3_000045037892_2400.jpg",620,450,false],"landscape":["https:\/\/arantv.az\/wp-content\/uploads\/2020\/05\/ocnpsa3_000045037892_2400.jpg",620,450,false],"portraits":["https:\/\/arantv.az\/wp-content\/uploads\/2020\/05\/ocnpsa3_000045037892_2400.jpg",620,450,false],"thumbnail":["https:\/\/arantv.az\/wp-content\/uploads\/2020\/05\/ocnpsa3_000045037892_2400-150x150.jpg",150,150,true],"medium":["https:\/\/arantv.az\/wp-content\/uploads\/2020\/05\/ocnpsa3_000045037892_2400-300x218.jpg",300,218,true],"large":["https:\/\/arantv.az\/wp-content\/uploads\/2020\/05\/ocnpsa3_000045037892_2400.jpg",620,450,false],"1536x1536":["https:\/\/arantv.az\/wp-content\/uploads\/2020\/05\/ocnpsa3_000045037892_2400.jpg",620,450,false],"2048x2048":["https:\/\/arantv.az\/wp-content\/uploads\/2020\/05\/ocnpsa3_000045037892_2400.jpg",620,450,false],"post-thumbnail":["https:\/\/arantv.az\/wp-content\/uploads\/2020\/05\/ocnpsa3_000045037892_2400-240x172.jpg",240,172,true],"advps-thumb-one":["https:\/\/arantv.az\/wp-content\/uploads\/2020\/05\/ocnpsa3_000045037892_2400.jpg",620,450,false]},"rttpg_author":{"display_name":"V\u00fcsal Rafiqo\u011flu","author_link":"https:\/\/arantv.az\/?author=2"},"rttpg_comment":0,"rttpg_category":"<a href=\"https:\/\/arantv.az\/?cat=26\" rel=\"category\">Sosial<\/a>","rttpg_excerpt":"\u201cS\u0259hiyy\u0259 Nazirliyi il\u0259 birlikd\u0259 \u00e7im\u0259rlikl\u0259rd\u0259 monitorinql\u0259r\u0259 ba\u015flan\u0131l\u0131b\u201d. ARANTV.AZ-\u0131n m\u0259lumat\u0131na g\u00f6r\u0259, bunu Nazirl\u0259r Kabineti yan\u0131nda operativ q\u0259rargah\u0131n ke\u00e7irdiyi m\u0259tbuat konfrans\u0131nda Ekologiya v\u0259 T\u0259bii S\u0259rv\u0259tl\u0259r naziri Muxtar Babayev bildirib. Onun s\u00f6zl\u0259rin\u0259 g\u00f6r\u0259, yax\u0131n zamanda monitorinql\u0259rin n\u0259tic\u0259l\u0259ri\u00a0bilin\u0259c\u0259k: \u201cBir s\u0131ra \u00e7im\u0259rlikl\u0259rd\u0259 d\u0259niz suyundan\u00a0n\u00fcmun\u0259l\u0259r art\u0131q g\u00f6t\u00fcr\u00fcl\u00fcb v\u0259 S\u0259hiyy\u0259 Nazirliyi il\u0259 birlikd\u0259 laborator m\u00fcayin\u0259l\u0259r\u0259 ba\u015flan\u0131l\u0131b\u201d. \u201c\u0130yunun 1-d\u0259, b\u00f6y\u00fck ehtimalla, Ab\u015feron yarmadas\u0131n\u0131n&hellip;","_links":{"self":[{"href":"https:\/\/arantv.az\/index.php?rest_route=\/wp\/v2\/posts\/169797"}],"collection":[{"href":"https:\/\/arantv.az\/index.php?rest_route=\/wp\/v2\/posts"}],"about":[{"href":"https:\/\/arantv.az\/index.php?rest_route=\/wp\/v2\/types\/post"}],"author":[{"embeddable":true,"href":"https:\/\/arantv.az\/index.php?rest_route=\/wp\/v2\/users\/2"}],"replies":[{"embeddable":true,"href":"https:\/\/arantv.az\/index.php?rest_route=%2Fwp%2Fv2%2Fcomments&post=169797"}],"version-history":[{"count":0,"href":"https:\/\/arantv.az\/index.php?rest_route=\/wp\/v2\/posts\/169797\/revisions"}],"wp:featuredmedia":[{"embeddable":true,"href":"https:\/\/arantv.az\/index.php?rest_route=\/wp\/v2\/media\/169798"}],"wp:attachment":[{"href":"https:\/\/arantv.az\/index.php?rest_route=%2Fwp%2Fv2%2Fmedia&parent=169797"}],"wp:term":[{"taxonomy":"category","embeddable":true,"href":"https:\/\/arantv.az\/index.php?rest_route=%2Fwp%2Fv2%2Fcategories&post=169797"},{"taxonomy":"post_tag","embeddable":true,"href":"https:\/\/arantv.az\/index.php?rest_route=%2Fwp%2Fv2%2Ftags&post=169797"}],"curies":[{"name":"wp","href":"https:\/\/api.w.org\/{rel}","templated":true}]}}