{"id":169812,"date":"2020-05-21T19:43:53","date_gmt":"2020-05-21T16:43:53","guid":{"rendered":"http:\/\/arantv.az\/?p=169812"},"modified":"2020-05-21T19:43:53","modified_gmt":"2020-05-21T16:43:53","slug":"26-illik-nazirin-h%c9%99zin-sonu-video","status":"publish","type":"post","link":"https:\/\/arantv.az\/?p=169812","title":{"rendered":"26 illik nazirin h\u0259zin sonu &#8211; V\u0130DEO"},"content":{"rendered":"<p>G\u0259ncl\u0259r v\u0259 \u0130dman naziri, G\u0259ncl\u0259r, \u0130dman v\u0259 Turizm naziri, M\u0259d\u0259niyy\u0259t v\u0259 Turizm naziri, sonra da M\u0259d\u0259niyy\u0259t naziri.<\/p>\n<p>D\u00fcz\u00fc, 64 ilin 26-s\u0131n\u0131\u00a0nazir kimi \u00e7al\u0131\u015fmaq h\u0259r adama n\u0259sib olmur. H\u0259l\u0259 bu ill\u0259ri nec\u0259 tamamlamaq m\u0259s\u0259l\u0259nin ba\u015fqa t\u0259r\u0259fidir.<\/p>\n<p>S\u00f6hb\u0259t bu g\u00fcn 26 illik taxt\u0131ndan endiril\u0259n \u018fb\u00fclf\u0259s M\u00fcrs\u0259l o\u011flu Qarayevd\u0259n gedir.<\/p>\n<div id=\"AdviadNativeVideo0\" class=\"AdviadNativeVideo\"><\/div>\n<p>\u018fb\u00fclf\u0259s Qarayev 13 noyabr 1956-ci ild\u0259 Bak\u0131 \u015f\u0259h\u0259rind\u0259 anadan olub. Az\u0259rbaycan Pedaqoji Xarici Dill\u0259r \u0130nstitutunda t\u0259hsil al\u0131b.<\/p>\n<p>1994-2001-ci ill\u0259rd\u0259 G\u0259ncl\u0259r v\u0259 \u0130dman naziri, 2001-2006-c\u0131 ill\u0259rd\u0259 G\u0259ncl\u0259r, \u0130dman v\u0259 Turizm naziri, 2006-2018-ci ill\u0259rd\u0259 M\u0259d\u0259niyy\u0259t v\u0259 Turizm naziri v\u0259zif\u0259l\u0259rind\u0259 \u00e7al\u0131\u015f\u0131b.<\/p>\n<p>2018-ci ild\u0259 Az\u0259rbaycan Respublikas\u0131n\u0131n M\u0259d\u0259niyy\u0259t naziri v\u0259zif\u0259sin\u0259 t\u0259yin olunub.<\/p>\n<p>Turizm Agentliyi yarad\u0131landan sonra bel\u0259 fikirl\u0259r s\u0259sl\u0259ndi ki, \u018fb\u00fclf\u0259s Qarayevin s\u0259lahiyy\u0259tl\u0259ri azald\u0131ld\u0131.<\/p>\n<p>Bu fikri q\u0259bul etm\u0259y\u0259n ke\u00e7mi\u015f nazir m\u00fcsahib\u0259l\u0259rind\u0259 bildirdi ki, M\u0259d\u0259niyy\u0259t Nazirliyinin funksiyalar\u0131 tamamil\u0259 f\u0259rqlidir. Nazir deyirdi ki, m\u0259d\u0259niyy\u0259t \u00f6z-\u00f6zl\u00fcy\u00fcnd\u0259 art\u0131q h\u0259mi\u015f\u0259 d\u00f6vl\u0259td\u0259n qidalanan bir sah\u0259 kimi qalmamal\u0131d\u0131r. Ancaq bu d\u00f6vr \u0259rzid\u0259n m\u0259d\u0259niyy\u0259td\u0259n qazan\u0131lan g\u0259lirl\u0259rd\u0259n daha \u00e7ox regionlarda bax\u0131ms\u0131z qalan m\u0259d\u0259niyy\u0259t abid\u0259l\u0259rind\u0259n dan\u0131\u015fd\u0131q.<\/p>\n<p>Daha \u0259trafl\u0131 s\u00fcjetd\u0259:<\/p>\n<div><iframe loading=\"lazy\" src=\"https:\/\/player.baku.tv\/embed\/19035\" width=\"560\" height=\"315\" frameborder=\"0\" allowfullscreen=\"allowfullscreen\" data-mce-fragment=\"1\"><\/iframe><\/div>\n<p>&nbsp;<\/p>\n","protected":false},"excerpt":{"rendered":"<p>G\u0259ncl\u0259r v\u0259 \u0130dman naziri, G\u0259ncl\u0259r, \u0130dman v\u0259 Turizm naziri, M\u0259d\u0259niyy\u0259t v\u0259 Turizm naziri, sonra da M\u0259d\u0259niyy\u0259t naziri. D\u00fcz\u00fc, 64 ilin 26-s\u0131n\u0131\u00a0nazir kimi \u00e7al\u0131\u015fmaq h\u0259r adama n\u0259sib olmur. H\u0259l\u0259 bu ill\u0259ri nec\u0259 tamamlamaq m\u0259s\u0259l\u0259nin ba\u015fqa t\u0259r\u0259fidir. S\u00f6hb\u0259t bu g\u00fcn 26 illik taxt\u0131ndan endiril\u0259n \u018fb\u00fclf\u0259s M\u00fcrs\u0259l o\u011flu Qarayevd\u0259n gedir. \u018fb\u00fclf\u0259s Qarayev 13 noyabr 1956-ci ild\u0259 Bak\u0131 \u015f\u0259h\u0259rind\u0259 anadan olub. Az\u0259rbaycan Pedaqoji Xarici Dill\u0259r \u0130nstitutunda t\u0259hsil al\u0131b. 1994-2001-ci ill\u0259rd\u0259 G\u0259ncl\u0259r v\u0259 \u0130dman naziri, 2001-2006-c\u0131 ill\u0259rd\u0259 G\u0259ncl\u0259r, \u0130dman v\u0259 Turizm naziri, 2006-2018-ci ill\u0259rd\u0259 M\u0259d\u0259niyy\u0259t v\u0259 Turizm naziri v\u0259zif\u0259l\u0259rind\u0259 \u00e7al\u0131\u015f\u0131b. 2018-ci ild\u0259 Az\u0259rbaycan Respublikas\u0131n\u0131n M\u0259d\u0259niyy\u0259t&hellip;<\/p>\n","protected":false},"author":2,"featured_media":169817,"comment_status":"closed","ping_status":"closed","sticky":false,"template":"","format":"standard","meta":{"om_disable_all_campaigns":false,"_monsterinsights_skip_tracking":false,"_monsterinsights_sitenote_active":false,"_monsterinsights_sitenote_note":"","_monsterinsights_sitenote_category":0},"categories":[19],"tags":[],"aioseo_notices":[],"gutentor_comment":0,"rttpg_featured_image_url":{"full":["https:\/\/arantv.az\/wp-content\/uploads\/2020\/05\/ebi.jpg",620,413,false],"landscape":["https:\/\/arantv.az\/wp-content\/uploads\/2020\/05\/ebi.jpg",620,413,false],"portraits":["https:\/\/arantv.az\/wp-content\/uploads\/2020\/05\/ebi.jpg",620,413,false],"thumbnail":["https:\/\/arantv.az\/wp-content\/uploads\/2020\/05\/ebi-150x150.jpg",150,150,true],"medium":["https:\/\/arantv.az\/wp-content\/uploads\/2020\/05\/ebi-300x200.jpg",300,200,true],"large":["https:\/\/arantv.az\/wp-content\/uploads\/2020\/05\/ebi.jpg",620,413,false],"1536x1536":["https:\/\/arantv.az\/wp-content\/uploads\/2020\/05\/ebi.jpg",620,413,false],"2048x2048":["https:\/\/arantv.az\/wp-content\/uploads\/2020\/05\/ebi.jpg",620,413,false],"post-thumbnail":["https:\/\/arantv.az\/wp-content\/uploads\/2020\/05\/ebi-240x172.jpg",240,172,true],"advps-thumb-one":["https:\/\/arantv.az\/wp-content\/uploads\/2020\/05\/ebi.jpg",620,413,false]},"rttpg_author":{"display_name":"V\u00fcsal Rafiqo\u011flu","author_link":"https:\/\/arantv.az\/?author=2"},"rttpg_comment":0,"rttpg_category":"<a href=\"https:\/\/arantv.az\/?cat=19\" rel=\"category\">G\u00fcnd\u0259m<\/a>","rttpg_excerpt":"G\u0259ncl\u0259r v\u0259 \u0130dman naziri, G\u0259ncl\u0259r, \u0130dman v\u0259 Turizm naziri, M\u0259d\u0259niyy\u0259t v\u0259 Turizm naziri, sonra da M\u0259d\u0259niyy\u0259t naziri. D\u00fcz\u00fc, 64 ilin 26-s\u0131n\u0131\u00a0nazir kimi \u00e7al\u0131\u015fmaq h\u0259r adama n\u0259sib olmur. H\u0259l\u0259 bu ill\u0259ri nec\u0259 tamamlamaq m\u0259s\u0259l\u0259nin ba\u015fqa t\u0259r\u0259fidir. S\u00f6hb\u0259t bu g\u00fcn 26 illik taxt\u0131ndan endiril\u0259n \u018fb\u00fclf\u0259s M\u00fcrs\u0259l o\u011flu Qarayevd\u0259n gedir. \u018fb\u00fclf\u0259s Qarayev 13 noyabr 1956-ci ild\u0259 Bak\u0131 \u015f\u0259h\u0259rind\u0259&hellip;","_links":{"self":[{"href":"https:\/\/arantv.az\/index.php?rest_route=\/wp\/v2\/posts\/169812"}],"collection":[{"href":"https:\/\/arantv.az\/index.php?rest_route=\/wp\/v2\/posts"}],"about":[{"href":"https:\/\/arantv.az\/index.php?rest_route=\/wp\/v2\/types\/post"}],"author":[{"embeddable":true,"href":"https:\/\/arantv.az\/index.php?rest_route=\/wp\/v2\/users\/2"}],"replies":[{"embeddable":true,"href":"https:\/\/arantv.az\/index.php?rest_route=%2Fwp%2Fv2%2Fcomments&post=169812"}],"version-history":[{"count":0,"href":"https:\/\/arantv.az\/index.php?rest_route=\/wp\/v2\/posts\/169812\/revisions"}],"wp:featuredmedia":[{"embeddable":true,"href":"https:\/\/arantv.az\/index.php?rest_route=\/wp\/v2\/media\/169817"}],"wp:attachment":[{"href":"https:\/\/arantv.az\/index.php?rest_route=%2Fwp%2Fv2%2Fmedia&parent=169812"}],"wp:term":[{"taxonomy":"category","embeddable":true,"href":"https:\/\/arantv.az\/index.php?rest_route=%2Fwp%2Fv2%2Fcategories&post=169812"},{"taxonomy":"post_tag","embeddable":true,"href":"https:\/\/arantv.az\/index.php?rest_route=%2Fwp%2Fv2%2Ftags&post=169812"}],"curies":[{"name":"wp","href":"https:\/\/api.w.org\/{rel}","templated":true}]}}