{"id":169833,"date":"2020-05-21T19:53:09","date_gmt":"2020-05-21T16:53:09","guid":{"rendered":"http:\/\/arantv.az\/?p=169833"},"modified":"2020-05-21T19:53:09","modified_gmt":"2020-05-21T16:53:09","slug":"cahangir-haciyev-az%c9%99rbaycanda-konulluluk-g%c9%99ncl%c9%99rin-inkisafinda-yeni-bir-yanasmadir","status":"publish","type":"post","link":"https:\/\/arantv.az\/?p=169833","title":{"rendered":"Cahangir Hac\u0131yev: Az\u0259rbaycanda k\u00f6n\u00fcll\u00fcl\u00fck g\u0259ncl\u0259rin inki\u015faf\u0131nda yeni bir yana\u015fmad\u0131r"},"content":{"rendered":"<p>ASAN k\u00f6n\u00fcll\u00fcl\u00fck h\u0259r\u0259kat\u0131 2012-ci ild\u0259n ba\u015flayaraq \u015f\u0259r\u0259fli bir yol ke\u00e7ib. Bu h\u0259r\u0259kat v\u0259 \u00fcmumilikd\u0259 ASAN k\u00f6n\u00fcll\u00fcl\u0259ri \u00e7ox \u015fansl\u0131d\u0131rlar. \u00d6nc\u0259 ona g\u00f6r\u0259 ki, ilk add\u0131mlar\u0131n\u0131n xeyir-duas\u0131n\u0131 Az\u0259rbaycan Respublikas\u0131n\u0131n Prezidenti \u0130lham \u018fliyev t\u0259r\u0259find\u0259n al\u0131blar. \u018fmin\u0259m ki, ASAN k\u00f6n\u00fcll\u00fcl\u00fck h\u0259r\u0259kat\u0131n\u0131n bug\u00fcnk\u00fc u\u011furlu v\u0259 dinamik inki\u015faf yolu el\u0259 bununla ba\u011fl\u0131d\u0131r.<\/p>\n<p><strong>ARANTV.AZ<\/strong> bildirir ki, bunu\u00a0<a href=\"http:\/\/az.trend.az\/\" target=\"_blank\" rel=\"noopener\">Trend<\/a>-\u0259\u00a0Az\u0259rbaycan Respublikas\u0131n\u0131n Prezidenti yan\u0131nda V\u0259t\u0259nda\u015flara Xidm\u0259t v\u0259 Sosial \u0130nnovasiyalar \u00fczr\u0259 D\u00f6vl\u0259t Agentliyinin \u0130nsan resurslar\u0131 v\u0259 t\u0259lim \u015f\u00f6b\u0259sinin m\u00fcdir m\u00fcavini, ASAN K\u00f6n\u00fcll\u00fcl\u00fck M\u0259kt\u0259binin r\u0259hb\u0259ri Cahangir Hac\u0131yev deyib.<\/p>\n<p>C.Hac\u0131yev bildirib ki, on be\u015f n\u0259f\u0259rl\u0259 ba\u015flayan ASAN k\u00f6n\u00fcll\u00fcl\u00fck h\u0259r\u0259kat\u0131 bu g\u00fcn minl\u0259rl\u0259 g\u0259nci \u00f6z\u00fcnd\u0259 birl\u0259\u015fdirib:<\/p>\n<p>&#8220;Eyni zamanda, ASAN xidm\u0259ti a\u015faraq Az\u0259rbaycan K\u00f6n\u00fcll\u00fcl\u00fck h\u0259r\u0259kat\u0131n\u0131n yaranmas\u0131na t\u0259kan verib. Bu g\u00fcn k\u00f6n\u00fcll\u00fcl\u00fck g\u0259ncl\u0259r siyas\u0259tinin ayr\u0131lmaz bir par\u00e7as\u0131 olaraq g\u0259ncl\u0259rin inki\u015faf\u0131nda yeni bir yana\u015fmad\u0131. S\u0259kkiz il\u0259 yax\u0131n olan f\u0259aliyy\u0259timiz tam \u0259minlikl\u0259 dem\u0259y\u0259 \u0259sas verir ki, bu yana\u015fma \u00e7ox effektivdir. ASAN K\u00f6n\u00fcll\u00fcl\u00fck h\u0259r\u0259kat\u0131 iki \u0259sas platformadan ibar\u0259tdir. Biri ASAN K\u00f6n\u00fcll\u00fcl\u00fck M\u0259kt\u0259bi, dig\u0259ri is\u0259 ASAN K\u00f6n\u00fcll\u00fcl\u0259ri T\u0259\u015fkilat\u0131d\u0131r. H\u0259r iki platforman\u0131n \u0259sas qay\u0259si g\u0259ncl\u0259r\u0259 t\u0259cr\u00fcb\u0259 v\u0259 bacar\u0131qlar qazand\u0131rmaqd\u0131r. Amma bundan da vacib olan m\u0259s\u0259l\u0259 onlara milli m\u0259n\u0259vi d\u0259y\u0259rl\u0259ri v\u0259 x\u00fcsus\u0259n d\u0259 k\u00f6n\u00fcll\u00fcl\u00fck d\u0259y\u0259rini a\u015f\u0131lamaqd\u0131r. Eyni zamanda, bu d\u0259y\u0259rl\u0259ri ya\u015fadaraq n\u00f6vb\u0259ti n\u0259sill\u0259r\u0259 \u00f6t\u00fcrm\u0259yin vacibliyini \u00e7atd\u0131rma\u011fa \u00e7al\u0131\u015f\u0131r\u0131q. T\u0259sad\u00fcf\u00fc deyil ki, qloballa\u015fan d\u00fcnyada \u00f6z\u00fcn\u0259m\u0259xsuslu\u011fumuzu saxlamaq \u00fc\u00e7\u00fcn milli-m\u0259n\u0259vi d\u0259y\u0259rl\u0259rimizi qorumaq g\u0259ncl\u0259rin qar\u015f\u0131s\u0131nda c\u0259nab Prezident \u0130lham \u018fliyev t\u0259r\u0259find\u0259n \u0259sas v\u0259zif\u0259l\u0259rd\u0259n biri kimi qoyulmu\u015fdu. D\u00fc\u015f\u00fcn\u00fcr\u0259m ki, ASAN k\u00f6n\u00fcll\u00fcl\u0259ri bu ruhda formala\u015fd\u0131r\u0131l\u0131r v\u0259 inki\u015faf edirl\u0259r.<\/p>\n<p>Bu g\u00fcn rahatl\u0131qla dey\u0259 bil\u0259rik ki, Az\u0259rbaycan g\u0259ncliyi ASAN k\u00f6n\u00fcll\u00fcl\u0259rinin v\u0259 dig\u0259r k\u00f6n\u00fcll\u00fc h\u0259r\u0259katlar\u0131n k\u00f6n\u00fcll\u00fcl\u0259rinin simas\u0131nda bu d\u0259y\u0259rl\u0259r\u0259 sahibdir v\u0259 onlar\u0131 ya\u015fatma\u011fa \u00e7al\u0131\u015f\u0131r. Bunun \u00fc\u00e7\u00fcn sad\u0259c\u0259 haz\u0131rda ya\u015fad\u0131\u011f\u0131m\u0131z pandemiya d\u00f6vr\u00fcn\u0259 n\u0259z\u0259r salmaq kifay\u0259t ed\u0259r. 16 mart 2020-ci il tarixind\u0259 ilk d\u0259f\u0259 ASAN k\u00f6n\u00fcll\u00fcl\u0259ri koronavirus pandemiyas\u0131 il\u0259 m\u00fcbariz\u0259y\u0259 \u00f6z t\u00f6hf\u0259l\u0259rini verm\u0259y\u0259 ba\u015flad\u0131lar. Onlar bir \u00e7ox insan\u0131n \u00e7\u0259kindiyi v\u0259 ehtiyat etdiyi vaxtda Heyd\u0259r \u018fliyev ad\u0131na Beyn\u0259lxalq Hava Liman\u0131nda f\u0259aliyy\u0259t\u0259 ba\u015flad\u0131lar. O g\u00fcn m\u0259nim \u00e7ox yax\u015f\u0131 yad\u0131mdad\u0131r. K\u00f6n\u00fcll\u00fcl\u0259rimiz\u0259 &#8220;Biz d\u0259 bu m\u00fcbariz\u0259y\u0259 t\u00f6hf\u0259 verm\u0259liyik v\u0259 hava liman\u0131nda d\u0259st\u0259y\u0259 ehtiyac var&#8221; dey\u0259nd\u0259 onlardan h\u0259r biri t\u0259r\u0259dd\u00fcd etm\u0259d\u0259n &#8220;b\u0259li&#8221; dedi. \u0130lk g\u00fcn\u00fc xat\u0131rlay\u0131ram. Hava liman\u0131na daxil olduq v\u0259 x\u00fcsusi ayr\u0131lm\u0131\u015f \u0259raziy\u0259 do\u011fru h\u0259r\u0259k\u0259t edirdik. Baxmayaraq ki, onlar z\u0259ruri tibbi m\u00fcdafi\u0259 l\u0259vazimatlar\u0131 il\u0259 t\u0259min olunmu\u015fdular, k\u00f6n\u00fcll\u00fcl\u0259rimizin g\u00f6zl\u0259rind\u0259 bir h\u0259y\u0259can v\u0259 eyni zamanda, c\u0259sar\u0259t, sevgi d\u0259 g\u00f6rd\u00fcm. Bu, v\u0259t\u0259n\u0259, d\u00f6vl\u0259t\u0259 v\u0259 insanlara olan sevgi idi. Onlar minl\u0259rl\u0259 v\u0259t\u0259nda\u015f\u0131m\u0131z\u0131n m\u00fcvafiq qaydada q\u0259bul olunmas\u0131 prosesind\u0259 i\u015ftirak etdil\u0259r v\u0259 haz\u0131rda da edirl\u0259r.<\/p>\n<p>Dig\u0259r bir hal\u0131 da qeyd etm\u0259k ist\u0259rdim: 23 mart 2020-ci il tarixind\u0259 x\u00fcsusi karantin rejiminin elan olunmas\u0131 il\u0259 \u0259laq\u0259dar ya\u015f\u0131 65 olmu\u015f v\u0259t\u0259nda\u015flar\u0131m\u0131za \u00f6z evl\u0259rini t\u0259rk etm\u0259m\u0259k kimi qada\u011fa qoyulmu\u015fdur. Bu halda da ASAN k\u00f6n\u00fcll\u00fcl\u0259ri ya\u015fl\u0131 insanlar\u0131m\u0131z\u0131n yan\u0131nda oldular. Onlara h\u0259m m\u0259n\u0259vi, h\u0259m d\u0259 maddi d\u0259st\u0259k g\u00f6st\u0259rdil\u0259r. ASAN k\u00f6n\u00fcll\u00fcl\u0259rinin bu davran\u0131\u015f\u0131 onlarda b\u00f6y\u00fckl\u0259r\u0259 h\u00f6rm\u0259t v\u0259 qay\u011f\u0131 il\u0259 yana\u015fmaq kimi d\u0259y\u0259rin oldu\u011funun bariz n\u00fcmun\u0259sidir. Bunun n\u0259tic\u0259sind\u0259 mind\u0259n art\u0131q ya\u015fl\u0131 v\u0259t\u0259nda\u015f\u0131m\u0131za d\u0259st\u0259k g\u00f6st\u0259rildi&#8221;.<\/p>\n<p>C.Hac\u0131yevin s\u00f6zl\u0259rin\u0259 g\u00f6r\u0259, pandemiya d\u00f6vr\u00fcnd\u0259 u\u015faqlar da yaddan \u00e7\u0131xmay\u0131b: &#8220;X\u00fcsusi qay\u011f\u0131ya ehtiyac duyan v\u0259 h\u0259ssas t\u0259b\u0259q\u0259d\u0259n olan y\u00fczl\u0259rl\u0259 u\u015fa\u011fa v\u0259 onlar\u0131n ail\u0259l\u0259rin\u0259 yard\u0131m g\u00f6st\u0259rildi. Bunun \u00fc\u00e7\u00fcn ASAN k\u00f6n\u00fcll\u00fcll\u0259ri respublikam\u0131z\u0131n 30-dan art\u0131q rayonunu v\u0259 400-\u0259 q\u0259d\u0259r k\u0259ndin\u0259 getdil\u0259r. ASAN k\u00f6n\u00fcll\u00fcl\u0259ri \u015f\u0259k\u0259r diabeti olan v\u0259t\u0259nda\u015flar\u0131m\u0131z\u0131 da unutmad\u0131lar v\u0259 tibbi hey\u0259tl\u0259 birlikd\u0259 4000-\u0259 yax\u0131n v\u0259t\u0259nda\u015f\u0131m\u0131za z\u0259ruri d\u0259rmanlar\u0131 \u00e7atd\u0131rd\u0131lar. K\u00f6n\u00fcll\u00fcl\u0259r &#8220;Ya\u015f\u0131l ASAN&#8221; ekoloji proqram\u0131 \u00e7\u0259r\u00e7iv\u0259sind\u0259 &#8220;Evd\u0259 qal, t\u0259bi\u0259ti qoru&#8221; kampaniyas\u0131na da ba\u015flad\u0131lar. Onlarla maarifl\u0259ndirici rolikl\u0259r \u00e7\u0259kdil\u0259r v\u0259 sosial \u015f\u0259b\u0259k\u0259l\u0259rd\u0259 yayd\u0131lar. Sadalad\u0131\u011f\u0131m b\u00fct\u00fcn bu f\u0259aliyy\u0259tl\u0259r ASAN k\u00f6n\u00fcll\u00fcl\u0259rinin bu i\u015fl\u0259ri b\u00f6y\u00fck h\u0259v\u0259s v\u0259 sevgi il\u0259 g\u00f6rd\u00fckl\u0259rind\u0259n x\u0259b\u0259r verir. Bu \u00e7\u0259tin g\u00fcnl\u0259rd\u0259 onlar bir d\u0259f\u0259 d\u0259 &#8220;yoruldum&#8221; dem\u0259dil\u0259r. Gec\u0259 v\u0259 g\u00fcnd\u00fcz \u00e7al\u0131\u015fd\u0131lar v\u0259 \u00e7al\u0131\u015f\u0131rlar. Onlar bir f\u0259dakarl\u0131q n\u00fcmayi\u015f etdirirl\u0259r. D\u00fc\u015f\u00fcn\u00fcr\u0259m ki, bunun bir ne\u00e7\u0259 s\u0259b\u0259bi var. Birinci \u0259sas \u015f\u0259rt \u00f6lk\u0259 r\u0259hb\u0259rliyinin b\u00f6y\u00fck d\u0259st\u0259yi, k\u00f6n\u00fcll\u00fcl\u0259r\u0259 inam\u0131 v\u0259 &#8220;Biz birlikd\u0259 g\u00fccl\u00fcy\u00fck&#8221; olan \u00e7a\u011f\u0131r\u0131\u015f\u0131d\u0131r. Dig\u0259r s\u0259b\u0259b is\u0259 k\u00f6n\u00fcll\u00fcl\u00fcy\u00fcn bir d\u0259y\u0259r kimi onlar \u00fc\u00e7\u00fcn b\u00f6y\u00fck \u0259h\u0259miyy\u0259t k\u0259sb etm\u0259sidir. Pandemiya d\u00f6vr\u00fcnd\u0259 f\u0259aliyy\u0259td\u0259 olan ASAN k\u00f6n\u00fcll\u00fcl\u0259ri v\u0259 dig\u0259r k\u00f6n\u00fcll\u00fcl\u0259r Az\u0259rbaycan k\u00f6n\u00fcll\u00fcl\u00fck tarixind\u0259 yeni bir s\u0259hif\u0259 yazd\u0131lar&#8221;.<\/p>\n","protected":false},"excerpt":{"rendered":"<p>ASAN k\u00f6n\u00fcll\u00fcl\u00fck h\u0259r\u0259kat\u0131 2012-ci ild\u0259n ba\u015flayaraq \u015f\u0259r\u0259fli bir yol ke\u00e7ib. Bu h\u0259r\u0259kat v\u0259 \u00fcmumilikd\u0259 ASAN k\u00f6n\u00fcll\u00fcl\u0259ri \u00e7ox \u015fansl\u0131d\u0131rlar. \u00d6nc\u0259 ona g\u00f6r\u0259 ki, ilk add\u0131mlar\u0131n\u0131n xeyir-duas\u0131n\u0131 Az\u0259rbaycan Respublikas\u0131n\u0131n Prezidenti \u0130lham \u018fliyev t\u0259r\u0259find\u0259n al\u0131blar. \u018fmin\u0259m ki, ASAN k\u00f6n\u00fcll\u00fcl\u00fck h\u0259r\u0259kat\u0131n\u0131n bug\u00fcnk\u00fc u\u011furlu v\u0259 dinamik inki\u015faf yolu el\u0259 bununla ba\u011fl\u0131d\u0131r. ARANTV.AZ bildirir ki, bunu\u00a0Trend-\u0259\u00a0Az\u0259rbaycan Respublikas\u0131n\u0131n Prezidenti yan\u0131nda V\u0259t\u0259nda\u015flara Xidm\u0259t v\u0259 Sosial \u0130nnovasiyalar \u00fczr\u0259 D\u00f6vl\u0259t Agentliyinin \u0130nsan resurslar\u0131 v\u0259 t\u0259lim \u015f\u00f6b\u0259sinin m\u00fcdir m\u00fcavini, ASAN K\u00f6n\u00fcll\u00fcl\u00fck M\u0259kt\u0259binin r\u0259hb\u0259ri Cahangir Hac\u0131yev deyib. C.Hac\u0131yev bildirib ki, on be\u015f n\u0259f\u0259rl\u0259 ba\u015flayan ASAN k\u00f6n\u00fcll\u00fcl\u00fck h\u0259r\u0259kat\u0131 bu g\u00fcn minl\u0259rl\u0259 g\u0259nci \u00f6z\u00fcnd\u0259&hellip;<\/p>\n","protected":false},"author":2,"featured_media":169846,"comment_status":"closed","ping_status":"closed","sticky":false,"template":"","format":"standard","meta":{"om_disable_all_campaigns":false,"_monsterinsights_skip_tracking":false,"_monsterinsights_sitenote_active":false,"_monsterinsights_sitenote_note":"","_monsterinsights_sitenote_category":0},"categories":[19],"tags":[],"aioseo_notices":[],"gutentor_comment":0,"rttpg_featured_image_url":{"full":["https:\/\/arantv.az\/wp-content\/uploads\/2020\/05\/852217.jpg",1000,666,false],"landscape":["https:\/\/arantv.az\/wp-content\/uploads\/2020\/05\/852217.jpg",1000,666,false],"portraits":["https:\/\/arantv.az\/wp-content\/uploads\/2020\/05\/852217.jpg",1000,666,false],"thumbnail":["https:\/\/arantv.az\/wp-content\/uploads\/2020\/05\/852217-150x150.jpg",150,150,true],"medium":["https:\/\/arantv.az\/wp-content\/uploads\/2020\/05\/852217-300x200.jpg",300,200,true],"large":["https:\/\/arantv.az\/wp-content\/uploads\/2020\/05\/852217.jpg",640,426,false],"1536x1536":["https:\/\/arantv.az\/wp-content\/uploads\/2020\/05\/852217.jpg",1000,666,false],"2048x2048":["https:\/\/arantv.az\/wp-content\/uploads\/2020\/05\/852217.jpg",1000,666,false],"post-thumbnail":["https:\/\/arantv.az\/wp-content\/uploads\/2020\/05\/852217-240x172.jpg",240,172,true],"advps-thumb-one":["https:\/\/arantv.az\/wp-content\/uploads\/2020\/05\/852217-1000x620.jpg",1000,620,true]},"rttpg_author":{"display_name":"V\u00fcsal Rafiqo\u011flu","author_link":"https:\/\/arantv.az\/?author=2"},"rttpg_comment":0,"rttpg_category":"<a href=\"https:\/\/arantv.az\/?cat=19\" rel=\"category\">G\u00fcnd\u0259m<\/a>","rttpg_excerpt":"ASAN k\u00f6n\u00fcll\u00fcl\u00fck h\u0259r\u0259kat\u0131 2012-ci ild\u0259n ba\u015flayaraq \u015f\u0259r\u0259fli bir yol ke\u00e7ib. Bu h\u0259r\u0259kat v\u0259 \u00fcmumilikd\u0259 ASAN k\u00f6n\u00fcll\u00fcl\u0259ri \u00e7ox \u015fansl\u0131d\u0131rlar. \u00d6nc\u0259 ona g\u00f6r\u0259 ki, ilk add\u0131mlar\u0131n\u0131n xeyir-duas\u0131n\u0131 Az\u0259rbaycan Respublikas\u0131n\u0131n Prezidenti \u0130lham \u018fliyev t\u0259r\u0259find\u0259n al\u0131blar. \u018fmin\u0259m ki, ASAN k\u00f6n\u00fcll\u00fcl\u00fck h\u0259r\u0259kat\u0131n\u0131n bug\u00fcnk\u00fc u\u011furlu v\u0259 dinamik inki\u015faf yolu el\u0259 bununla ba\u011fl\u0131d\u0131r. ARANTV.AZ bildirir ki, bunu\u00a0Trend-\u0259\u00a0Az\u0259rbaycan Respublikas\u0131n\u0131n Prezidenti yan\u0131nda V\u0259t\u0259nda\u015flara Xidm\u0259t&hellip;","_links":{"self":[{"href":"https:\/\/arantv.az\/index.php?rest_route=\/wp\/v2\/posts\/169833"}],"collection":[{"href":"https:\/\/arantv.az\/index.php?rest_route=\/wp\/v2\/posts"}],"about":[{"href":"https:\/\/arantv.az\/index.php?rest_route=\/wp\/v2\/types\/post"}],"author":[{"embeddable":true,"href":"https:\/\/arantv.az\/index.php?rest_route=\/wp\/v2\/users\/2"}],"replies":[{"embeddable":true,"href":"https:\/\/arantv.az\/index.php?rest_route=%2Fwp%2Fv2%2Fcomments&post=169833"}],"version-history":[{"count":0,"href":"https:\/\/arantv.az\/index.php?rest_route=\/wp\/v2\/posts\/169833\/revisions"}],"wp:featuredmedia":[{"embeddable":true,"href":"https:\/\/arantv.az\/index.php?rest_route=\/wp\/v2\/media\/169846"}],"wp:attachment":[{"href":"https:\/\/arantv.az\/index.php?rest_route=%2Fwp%2Fv2%2Fmedia&parent=169833"}],"wp:term":[{"taxonomy":"category","embeddable":true,"href":"https:\/\/arantv.az\/index.php?rest_route=%2Fwp%2Fv2%2Fcategories&post=169833"},{"taxonomy":"post_tag","embeddable":true,"href":"https:\/\/arantv.az\/index.php?rest_route=%2Fwp%2Fv2%2Ftags&post=169833"}],"curies":[{"name":"wp","href":"https:\/\/api.w.org\/{rel}","templated":true}]}}