{"id":169837,"date":"2020-05-21T19:50:44","date_gmt":"2020-05-21T16:50:44","guid":{"rendered":"http:\/\/arantv.az\/?p=169837"},"modified":"2020-05-21T19:50:44","modified_gmt":"2020-05-21T16:50:44","slug":"100-az%c9%99rbaycan-v%c9%99t%c9%99ndasi-carter-reysi-il%c9%99-varsavadan-bakiya-g%c9%99tirilib-foto","status":"publish","type":"post","link":"https:\/\/arantv.az\/?p=169837","title":{"rendered":"100 Az\u0259rbaycan v\u0259t\u0259nda\u015f\u0131 \u00e7arter reysi il\u0259 Var\u015favadan Bak\u0131ya g\u0259tirilib &#8211; FOTO"},"content":{"rendered":"<div class=\"article_text\">\n<p><strong>Milli aviada\u015f\u0131y\u0131c\u0131 &#8220;Az\u0259rbaycan Hava Yollar\u0131&#8221; v\u0259t\u0259nda\u015flar\u0131m\u0131z\u0131n v\u0259t\u0259n\u0259 qaytar\u0131lmas\u0131 \u00fc\u00e7\u00fcn \u00e7arter reysl\u0259rini h\u0259yata ke\u00e7irm\u0259y\u0259 davam edir.<\/strong><\/p>\n<p><a href=\"http:\/\/az.trend.az\/\" target=\"_blank\" rel=\"noopener\">ARANTV.AZ =Trend<\/a>-\u0259 istinad\u0259n bildirir ki,\u00a021 may tarixind\u0259 Var\u015favadan Bak\u0131ya 100 n\u0259f\u0259r Az\u0259rbaycan v\u0259t\u0259nda\u015f\u0131n\u0131n \u00e7atd\u0131r\u0131ld\u0131\u011f\u0131 \u00e7arter reysi yerin\u0259 yetirilib.<\/p>\n<p>M\u00fc\u0259yy\u0259n edilmi\u015f qaydalara uy\u011fun olaraq Pol\u015fan\u0131n paytaxt\u0131ndan g\u0259l\u0259n b\u00fct\u00fcn s\u0259rni\u015finl\u0259r karantin\u0259 yerl\u0259\u015fdirilib.<\/p>\n<p>Bundan \u0259vv\u0259l bu h\u0259ft\u0259d\u0259 Az\u0259rbaycan Respublikas\u0131n\u0131n Nazirl\u0259r Kabineti yan\u0131nda Operativ Q\u0259rargah\u0131n m\u00fc\u0259yy\u0259n etdiyi plana uy\u011fun olaraq &#8220;AZAL&#8221; avia\u015firk\u0259ti Berlind\u0259n \u00e7arter reysi h\u0259yata ke\u00e7irib.<\/p>\n<div>\n<div id=\"AdviadNativeVideo0\" class=\"AdviadNativeVideo\"><\/div>\n<\/div>\n<\/div>\n<h4>M\u0259qal\u0259y\u0259 dair fotomateriallar:<\/h4>\n<div class=\"article-gallery\">\n<div class=\"lSSlideOuter \">\n<div class=\"lSSlideWrapper usingCss\">\n<ul class=\"images-list lightSlider lsGrab lSSlide\">\n<li class=\"lslide active\" data-src=\"https:\/\/img.milli.az\/2020\/05\/21\/852221_(1).jpg\" data-fancybox=\"852221\"><img src=\"https:\/\/img.milli.az\/2020\/05\/21\/852221_(1).jpg\" alt=\"\" \/><\/li>\n<li class=\"lslide\" data-src=\"https:\/\/img.milli.az\/2020\/05\/21\/852221_(4).jpg\" data-fancybox=\"852221\"><img src=\"https:\/\/img.milli.az\/2020\/05\/21\/852221_(4).jpg\" alt=\"\" \/><\/li>\n<li class=\"lslide\" data-src=\"https:\/\/img.milli.az\/2020\/05\/21\/852221_(5).jpg\" data-fancybox=\"852221\"><img src=\"https:\/\/img.milli.az\/2020\/05\/21\/852221_(5).jpg\" alt=\"\" \/><\/li>\n<li class=\"lslide\" data-src=\"https:\/\/img.milli.az\/2020\/05\/21\/852221_(3).jpg\" data-fancybox=\"852221\"><img src=\"https:\/\/img.milli.az\/2020\/05\/21\/852221_(3).jpg\" alt=\"\" \/><\/li>\n<li class=\"lslide\" data-src=\"https:\/\/img.milli.az\/2020\/05\/21\/852221_(2).jpg\" data-fancybox=\"852221\"><img src=\"https:\/\/img.milli.az\/2020\/05\/21\/852221_(2).jpg\" alt=\"\" \/><\/li>\n<\/ul>\n<div class=\"lSAction\"><\/div>\n<\/div>\n<\/div>\n<div class=\"lSSlideOuter \">\n<div class=\"lSSlideWrapper usingCss\">\n<ul class=\"thumbs-list lightSlider lsGrab lSSlide\">\n<li class=\"lslide active\"><img src=\"https:\/\/img.milli.az\/2020\/05\/21\/852221_(1).jpg\" alt=\"\" \/><\/li>\n<li class=\"lslide\"><img src=\"https:\/\/img.milli.az\/2020\/05\/21\/852221_(4).jpg\" alt=\"\" \/><\/li>\n<li class=\"lslide\"><img src=\"https:\/\/img.milli.az\/2020\/05\/21\/852221_(5).jpg\" alt=\"\" \/><\/li>\n<li class=\"lslide\"><img src=\"https:\/\/img.milli.az\/2020\/05\/21\/852221_(3).jpg\" alt=\"\" \/><\/li>\n<li class=\"lslide\"><img src=\"https:\/\/img.milli.az\/2020\/05\/21\/852221_(2).jpg\" alt=\"\" \/><\/li>\n<\/ul>\n<div class=\"lSAction\"><\/div>\n<\/div>\n<\/div>\n<\/div>\n<div>\n<div class=\"adv need-money\"><\/div>\n<\/div>\n","protected":false},"excerpt":{"rendered":"<p>Milli aviada\u015f\u0131y\u0131c\u0131 &#8220;Az\u0259rbaycan Hava Yollar\u0131&#8221; v\u0259t\u0259nda\u015flar\u0131m\u0131z\u0131n v\u0259t\u0259n\u0259 qaytar\u0131lmas\u0131 \u00fc\u00e7\u00fcn \u00e7arter reysl\u0259rini h\u0259yata ke\u00e7irm\u0259y\u0259 davam edir. ARANTV.AZ =Trend-\u0259 istinad\u0259n bildirir ki,\u00a021 may tarixind\u0259 Var\u015favadan Bak\u0131ya 100 n\u0259f\u0259r Az\u0259rbaycan v\u0259t\u0259nda\u015f\u0131n\u0131n \u00e7atd\u0131r\u0131ld\u0131\u011f\u0131 \u00e7arter reysi yerin\u0259 yetirilib. M\u00fc\u0259yy\u0259n edilmi\u015f qaydalara uy\u011fun olaraq Pol\u015fan\u0131n paytaxt\u0131ndan g\u0259l\u0259n b\u00fct\u00fcn s\u0259rni\u015finl\u0259r karantin\u0259 yerl\u0259\u015fdirilib. Bundan \u0259vv\u0259l bu h\u0259ft\u0259d\u0259 Az\u0259rbaycan Respublikas\u0131n\u0131n Nazirl\u0259r Kabineti yan\u0131nda Operativ Q\u0259rargah\u0131n m\u00fc\u0259yy\u0259n etdiyi plana uy\u011fun olaraq &#8220;AZAL&#8221; avia\u015firk\u0259ti Berlind\u0259n \u00e7arter reysi h\u0259yata ke\u00e7irib. M\u0259qal\u0259y\u0259 dair fotomateriallar:<\/p>\n","protected":false},"author":2,"featured_media":169838,"comment_status":"closed","ping_status":"closed","sticky":false,"template":"","format":"standard","meta":{"om_disable_all_campaigns":false,"_monsterinsights_skip_tracking":false,"_monsterinsights_sitenote_active":false,"_monsterinsights_sitenote_note":"","_monsterinsights_sitenote_category":0},"categories":[24],"tags":[],"aioseo_notices":[],"gutentor_comment":0,"rttpg_featured_image_url":{"full":["https:\/\/arantv.az\/wp-content\/uploads\/2020\/05\/852221_1.jpg",1280,853,false],"landscape":["https:\/\/arantv.az\/wp-content\/uploads\/2020\/05\/852221_1.jpg",1280,853,false],"portraits":["https:\/\/arantv.az\/wp-content\/uploads\/2020\/05\/852221_1.jpg",1280,853,false],"thumbnail":["https:\/\/arantv.az\/wp-content\/uploads\/2020\/05\/852221_1-150x150.jpg",150,150,true],"medium":["https:\/\/arantv.az\/wp-content\/uploads\/2020\/05\/852221_1-300x200.jpg",300,200,true],"large":["https:\/\/arantv.az\/wp-content\/uploads\/2020\/05\/852221_1-1024x682.jpg",640,426,true],"1536x1536":["https:\/\/arantv.az\/wp-content\/uploads\/2020\/05\/852221_1.jpg",1280,853,false],"2048x2048":["https:\/\/arantv.az\/wp-content\/uploads\/2020\/05\/852221_1.jpg",1280,853,false],"post-thumbnail":["https:\/\/arantv.az\/wp-content\/uploads\/2020\/05\/852221_1-240x172.jpg",240,172,true],"advps-thumb-one":["https:\/\/arantv.az\/wp-content\/uploads\/2020\/05\/852221_1-1200x620.jpg",1200,620,true]},"rttpg_author":{"display_name":"V\u00fcsal Rafiqo\u011flu","author_link":"https:\/\/arantv.az\/?author=2"},"rttpg_comment":0,"rttpg_category":"<a href=\"https:\/\/arantv.az\/?cat=24\" rel=\"category\">Maraql\u0131<\/a>","rttpg_excerpt":"Milli aviada\u015f\u0131y\u0131c\u0131 &#8220;Az\u0259rbaycan Hava Yollar\u0131&#8221; v\u0259t\u0259nda\u015flar\u0131m\u0131z\u0131n v\u0259t\u0259n\u0259 qaytar\u0131lmas\u0131 \u00fc\u00e7\u00fcn \u00e7arter reysl\u0259rini h\u0259yata ke\u00e7irm\u0259y\u0259 davam edir. ARANTV.AZ =Trend-\u0259 istinad\u0259n bildirir ki,\u00a021 may tarixind\u0259 Var\u015favadan Bak\u0131ya 100 n\u0259f\u0259r Az\u0259rbaycan v\u0259t\u0259nda\u015f\u0131n\u0131n \u00e7atd\u0131r\u0131ld\u0131\u011f\u0131 \u00e7arter reysi yerin\u0259 yetirilib. M\u00fc\u0259yy\u0259n edilmi\u015f qaydalara uy\u011fun olaraq Pol\u015fan\u0131n paytaxt\u0131ndan g\u0259l\u0259n b\u00fct\u00fcn s\u0259rni\u015finl\u0259r karantin\u0259 yerl\u0259\u015fdirilib. Bundan \u0259vv\u0259l bu h\u0259ft\u0259d\u0259 Az\u0259rbaycan Respublikas\u0131n\u0131n Nazirl\u0259r Kabineti yan\u0131nda Operativ&hellip;","_links":{"self":[{"href":"https:\/\/arantv.az\/index.php?rest_route=\/wp\/v2\/posts\/169837"}],"collection":[{"href":"https:\/\/arantv.az\/index.php?rest_route=\/wp\/v2\/posts"}],"about":[{"href":"https:\/\/arantv.az\/index.php?rest_route=\/wp\/v2\/types\/post"}],"author":[{"embeddable":true,"href":"https:\/\/arantv.az\/index.php?rest_route=\/wp\/v2\/users\/2"}],"replies":[{"embeddable":true,"href":"https:\/\/arantv.az\/index.php?rest_route=%2Fwp%2Fv2%2Fcomments&post=169837"}],"version-history":[{"count":0,"href":"https:\/\/arantv.az\/index.php?rest_route=\/wp\/v2\/posts\/169837\/revisions"}],"wp:featuredmedia":[{"embeddable":true,"href":"https:\/\/arantv.az\/index.php?rest_route=\/wp\/v2\/media\/169838"}],"wp:attachment":[{"href":"https:\/\/arantv.az\/index.php?rest_route=%2Fwp%2Fv2%2Fmedia&parent=169837"}],"wp:term":[{"taxonomy":"category","embeddable":true,"href":"https:\/\/arantv.az\/index.php?rest_route=%2Fwp%2Fv2%2Fcategories&post=169837"},{"taxonomy":"post_tag","embeddable":true,"href":"https:\/\/arantv.az\/index.php?rest_route=%2Fwp%2Fv2%2Ftags&post=169837"}],"curies":[{"name":"wp","href":"https:\/\/api.w.org\/{rel}","templated":true}]}}