{"id":169852,"date":"2020-05-21T20:06:41","date_gmt":"2020-05-21T17:06:41","guid":{"rendered":"http:\/\/arantv.az\/?p=169852"},"modified":"2020-05-21T20:06:41","modified_gmt":"2020-05-21T17:06:41","slug":"%c9%99rdogan-istanbulun-qururverici-abid%c9%99l%c9%99rind%c9%99n-olacaq-daha-bir-%c9%99s%c9%99ri-olk%c9%99miz%c9%99-qazandirdiq","status":"publish","type":"post","link":"https:\/\/arantv.az\/?p=169852","title":{"rendered":"\u018frdo\u011fan: \u0130stanbulun q\u00fcrurverici abid\u0259l\u0259rind\u0259n olacaq daha bir \u0259s\u0259ri \u00f6lk\u0259miz\u0259 qazand\u0131rd\u0131q"},"content":{"rendered":"<p><strong>Sad\u0259c\u0259 xarici g\u00f6r\u00fcn\u00fc\u015f\u00fc bax\u0131m\u0131ndan deyil, h\u0259m d\u0259 texnoloji infrastrukturu, yeri v\u0259 imkanlar\u0131 il\u0259 \u0130stanbulun q\u00fcrurverici abid\u0259l\u0259rind\u0259n biri olacaq daha bir \u0259s\u0259ri \u00f6lk\u0259miz\u0259 qazand\u0131rd\u0131q.<\/strong><\/p>\n<p><strong>ARANTV.AZ<\/strong>\u00a0<a href=\"http:\/\/az.trend.az\/\" target=\"_blank\" rel=\"noopener\">Trend<\/a>-\u0259 istinad\u0259n bildirir ki,\u00a0bu s\u00f6zl\u0259ri T\u00fcrkiy\u0259 Prezidenti R\u0259c\u0259b Tayyib \u018frdo\u011fan \u0130stanbulda Ba\u015fak\u015fehir \u00c7am v\u0259 Sakura \u015e\u0259h\u0259r X\u0259st\u0259xanas\u0131n\u0131n a\u00e7\u0131l\u0131\u015f m\u0259rasimind\u0259ki \u00e7\u0131x\u0131\u015f\u0131nda deyib.<\/p>\n<p>May\u0131n 21-d\u0259 ke\u00e7iril\u0259n a\u00e7\u0131l\u0131\u015f m\u0259rasimind\u0259 T\u00fcrkiy\u0259 Prezidenti R\u0259c\u0259b Tayyib \u018frdo\u011fan v\u0259 Yaponiyan\u0131n Ba\u015f Naziri \u015einzo Abe i\u015ftirak edibl\u0259r.<\/p>\n<p>\u018frdo\u011fan a\u00e7\u0131l\u0131\u015fda i\u015ftirak etdiyin\u0259 g\u00f6r\u0259 Yaponiyan\u0131n Ba\u015f naziri \u015einzo Abey\u0259 t\u0259\u015f\u0259kk\u00fcr ed\u0259r\u0259k x\u0259st\u0259xanan\u0131n \u00f6lk\u0259, mill\u0259t v\u0259 \u0130stanbul \u00fc\u00e7\u00fcn xeyirli olmas\u0131n\u0131 arzulay\u0131b.<\/p>\n<p>Ke\u00e7mi\u015fd\u0259 yapon \u015firk\u0259tl\u0259ri il\u0259 Marmaray v\u0259 Osman Gazi k\u00f6rp\u00fcs\u00fc kimi \u0259h\u0259miyy\u0259tli infrastruktur layih\u0259l\u0259rin\u0259 imza atd\u0131qlar\u0131n\u0131 xat\u0131rladan \u018frdo\u011fan s\u00f6zl\u0259rini bel\u0259 davam etdirib:<\/p>\n<p>&#8220;Bu g\u00fcn biz d\u0259rin k\u00f6kl\u00fc v\u0259 \u00e7ox\u015fax\u0259li T\u00fcrk-Yapon dostlu\u011funa yeni bir halqa \u0259lav\u0259 edirik. X\u0259st\u0259xanam\u0131z\u0131 iki \u00f6lk\u0259 \u0259m\u0259kda\u015fl\u0131\u011f\u0131na uy\u011fun olaraq Ba\u015fak\u015fehir \u00c7am v\u0259 Sakura \u015e\u0259h\u0259r X\u0259st\u0259xanas\u0131 olaraq adland\u0131rd\u0131q. Bunlar, bizim x\u00fcsusil\u0259 dostlu\u011fumuzun davaml\u0131l\u0131\u011f\u0131n\u0131 g\u00f6st\u0259r\u0259n add\u0131mlard\u0131r. Sad\u0259c\u0259 xarici g\u00f6r\u00fcn\u00fc\u015f\u00fc bax\u0131m\u0131ndan deyil, h\u0259m d\u0259 texnoloji infrastrukturu, yeri, imkanlar\u0131 v\u0259 dig\u0259r x\u00fcsusiyy\u0259tl\u0259ri il\u0259 \u0130stanbulun q\u00fcrurverici abid\u0259l\u0259rind\u0259n biri olacaq daha bir \u0259s\u0259ri \u00f6lk\u0259miz\u0259 qazand\u0131rd\u0131q&#8221;.<\/p>\n<p>Bu m\u00f6ht\u0259\u015f\u0259m \u0259s\u0259rin T\u00fcrkiy\u0259-Yaponiya \u0259m\u0259kda\u015fl\u0131\u011f\u0131n\u0131n v\u0259 h\u0259mr\u0259yliyinin g\u00f6st\u0259ricisi oldu\u011funu vur\u011fulayan d\u00f6vlet ba\u015f\u00e7\u0131s\u0131 x\u0259st\u0259xanan\u0131n 789 min kvadratmetr sah\u0259 \u00fcz\u0259rind\u0259 in\u015fa edilmi\u015f 1 milyon 21 min kvadrat metrlik qapal\u0131 \u0259razisiyl\u0259 d\u00fcnyan\u0131n qabaqc\u0131l tibb m\u0259rk\u0259zl\u0259ri s\u0131ras\u0131na daxil oldu\u011funu qeyd edib.<\/p>\n<p>2 min 682 yata\u011f\u0131ndan 456-s\u0131 reanimasiya \u015f\u00f6b\u0259sin\u0259 aid olan x\u0259st\u0259xanan\u0131n COV\u0130D-19 pandemiyas\u0131na qar\u015f\u0131 m\u00fcbariz\u0259d\u0259 \u00e7ox \u0259h\u0259miyy\u0259tli rol oynayaca\u011f\u0131n\u0131 bildir\u0259n T\u00fcrkiy\u0259 Prezidenti 107 \u015f\u00f6b\u0259d\u0259n ibar\u0259t tibb m\u00fc\u0259ssis\u0259sinin h\u0259r g\u00fcn 35 min ambulator v\u0259 7 min yataq x\u0259st\u0259si q\u0259bul etm\u0259, el\u0259c\u0259 d\u0259 500 x\u00fcsusi \u0259m\u0259liyyat ke\u00e7irm\u0259 g\u00fcc\u00fcn\u0259 malik oldu\u011funu qeyd edib:<\/p>\n<div><\/div>\n<p>&#8220;X\u0259st\u0259xanam\u0131z mill\u0259timizl\u0259 birlikd\u0259, \u0130stanbul Hava liman\u0131na yax\u0131n \u0259razid\u0259 yerl\u0259\u015fm\u0259si s\u0259b\u0259bil\u0259 xarici qonaqlar\u0131m\u0131za da xidm\u0259t g\u00f6st\u0259r\u0259 bil\u0259c\u0259k. Bu o dem\u0259kdir ki, \u0130stanbul art\u0131q beyn\u0259lxalq tibb m\u0259rk\u0259zin\u0259 \u00e7evrilib. Tibbi xidm\u0259tl\u0259rin d\u0259y\u0259rinin daha yax\u015f\u0131 d\u0259rk edildiyi bir d\u00f6vrd\u0259, bu x\u0259st\u0259xana s\u0259hiyy\u0259 turizmind\u0259 T\u00fcrkiy\u0259nin marka \u0259s\u0259rl\u0259rind\u0259n biri olacaq&#8221;.<\/p>\n<p>COV\u0130D-19 pandemiyas\u0131 il\u0259 m\u00fcbariz\u0259 bar\u0259sind\u0259 dan\u0131\u015fan R\u0259c\u0259b Tayyib \u018frdo\u011fan may\u0131n 20-d\u0259n etibar\u0259n \u00f6lk\u0259d\u0259 yoluxma say\u0131n\u0131n 1000-d\u0259n a\u015fa\u011f\u0131 oldu\u011funu, normalla\u015fma il\u0259 \u0259laq\u0259dar add\u0131mlar at\u0131lmaqla yana\u015f\u0131, qabaqlay\u0131c\u0131 t\u0259dbirl\u0259rin d\u0259 davam etdirildiyini deyib.<\/p>\n<p>O, h\u0259m\u00e7inin T\u00fcrkiy\u0259nin pandemiya d\u00f6vr\u00fcnd\u0259 80-d\u0259n art\u0131q \u00f6lk\u0259y\u0259 tibbi yard\u0131m g\u00f6nd\u0259rdiyini v\u0259 bu yard\u0131mlar\u0131n davam etdiyini bildirib.<\/p>\n<p>Telekonfrans vasit\u0259sil\u0259 t\u0259dbird\u0259 i\u015ftirak ed\u0259n Yaponiyan\u0131n Ba\u015f Naziri is\u0259 \u00e7\u0131x\u0131\u015f\u0131 zaman\u0131 sa\u011flaml\u0131q r\u0259mzi olan \u015fam v\u0259 Yaponiyan\u0131n simvolu olan sakuran\u0131n ad\u0131n\u0131 da\u015f\u0131yan x\u0259st\u0259xanan\u0131n \u0130stanbul xalq\u0131na sa\u011flaml\u0131q g\u0259tirm\u0259sini dil\u0259yib.<\/p>\n","protected":false},"excerpt":{"rendered":"<p>Sad\u0259c\u0259 xarici g\u00f6r\u00fcn\u00fc\u015f\u00fc bax\u0131m\u0131ndan deyil, h\u0259m d\u0259 texnoloji infrastrukturu, yeri v\u0259 imkanlar\u0131 il\u0259 \u0130stanbulun q\u00fcrurverici abid\u0259l\u0259rind\u0259n biri olacaq daha bir \u0259s\u0259ri \u00f6lk\u0259miz\u0259 qazand\u0131rd\u0131q. ARANTV.AZ\u00a0Trend-\u0259 istinad\u0259n bildirir ki,\u00a0bu s\u00f6zl\u0259ri T\u00fcrkiy\u0259 Prezidenti R\u0259c\u0259b Tayyib \u018frdo\u011fan \u0130stanbulda Ba\u015fak\u015fehir \u00c7am v\u0259 Sakura \u015e\u0259h\u0259r X\u0259st\u0259xanas\u0131n\u0131n a\u00e7\u0131l\u0131\u015f m\u0259rasimind\u0259ki \u00e7\u0131x\u0131\u015f\u0131nda deyib. May\u0131n 21-d\u0259 ke\u00e7iril\u0259n a\u00e7\u0131l\u0131\u015f m\u0259rasimind\u0259 T\u00fcrkiy\u0259 Prezidenti R\u0259c\u0259b Tayyib \u018frdo\u011fan v\u0259 Yaponiyan\u0131n Ba\u015f Naziri \u015einzo Abe i\u015ftirak edibl\u0259r. \u018frdo\u011fan a\u00e7\u0131l\u0131\u015fda i\u015ftirak etdiyin\u0259 g\u00f6r\u0259 Yaponiyan\u0131n Ba\u015f naziri \u015einzo Abey\u0259 t\u0259\u015f\u0259kk\u00fcr ed\u0259r\u0259k x\u0259st\u0259xanan\u0131n \u00f6lk\u0259, mill\u0259t v\u0259 \u0130stanbul \u00fc\u00e7\u00fcn xeyirli olmas\u0131n\u0131 arzulay\u0131b. Ke\u00e7mi\u015fd\u0259 yapon \u015firk\u0259tl\u0259ri il\u0259 Marmaray v\u0259 Osman&hellip;<\/p>\n","protected":false},"author":2,"featured_media":169862,"comment_status":"closed","ping_status":"closed","sticky":false,"template":"","format":"standard","meta":{"om_disable_all_campaigns":false,"_monsterinsights_skip_tracking":false,"_monsterinsights_sitenote_active":false,"_monsterinsights_sitenote_note":"","_monsterinsights_sitenote_category":0},"categories":[7],"tags":[],"aioseo_notices":[],"gutentor_comment":0,"rttpg_featured_image_url":{"full":["https:\/\/arantv.az\/wp-content\/uploads\/2020\/05\/852222.jpg",800,550,false],"landscape":["https:\/\/arantv.az\/wp-content\/uploads\/2020\/05\/852222.jpg",800,550,false],"portraits":["https:\/\/arantv.az\/wp-content\/uploads\/2020\/05\/852222.jpg",800,550,false],"thumbnail":["https:\/\/arantv.az\/wp-content\/uploads\/2020\/05\/852222-150x150.jpg",150,150,true],"medium":["https:\/\/arantv.az\/wp-content\/uploads\/2020\/05\/852222-300x206.jpg",300,206,true],"large":["https:\/\/arantv.az\/wp-content\/uploads\/2020\/05\/852222.jpg",640,440,false],"1536x1536":["https:\/\/arantv.az\/wp-content\/uploads\/2020\/05\/852222.jpg",800,550,false],"2048x2048":["https:\/\/arantv.az\/wp-content\/uploads\/2020\/05\/852222.jpg",800,550,false],"post-thumbnail":["https:\/\/arantv.az\/wp-content\/uploads\/2020\/05\/852222-240x172.jpg",240,172,true],"advps-thumb-one":["https:\/\/arantv.az\/wp-content\/uploads\/2020\/05\/852222.jpg",800,550,false]},"rttpg_author":{"display_name":"V\u00fcsal Rafiqo\u011flu","author_link":"https:\/\/arantv.az\/?author=2"},"rttpg_comment":0,"rttpg_category":"<a href=\"https:\/\/arantv.az\/?cat=7\" rel=\"category\">D\u00fcnya<\/a>","rttpg_excerpt":"Sad\u0259c\u0259 xarici g\u00f6r\u00fcn\u00fc\u015f\u00fc bax\u0131m\u0131ndan deyil, h\u0259m d\u0259 texnoloji infrastrukturu, yeri v\u0259 imkanlar\u0131 il\u0259 \u0130stanbulun q\u00fcrurverici abid\u0259l\u0259rind\u0259n biri olacaq daha bir \u0259s\u0259ri \u00f6lk\u0259miz\u0259 qazand\u0131rd\u0131q. ARANTV.AZ\u00a0Trend-\u0259 istinad\u0259n bildirir ki,\u00a0bu s\u00f6zl\u0259ri T\u00fcrkiy\u0259 Prezidenti R\u0259c\u0259b Tayyib \u018frdo\u011fan \u0130stanbulda Ba\u015fak\u015fehir \u00c7am v\u0259 Sakura \u015e\u0259h\u0259r X\u0259st\u0259xanas\u0131n\u0131n a\u00e7\u0131l\u0131\u015f m\u0259rasimind\u0259ki \u00e7\u0131x\u0131\u015f\u0131nda deyib. May\u0131n 21-d\u0259 ke\u00e7iril\u0259n a\u00e7\u0131l\u0131\u015f m\u0259rasimind\u0259 T\u00fcrkiy\u0259 Prezidenti R\u0259c\u0259b Tayyib \u018frdo\u011fan v\u0259&hellip;","_links":{"self":[{"href":"https:\/\/arantv.az\/index.php?rest_route=\/wp\/v2\/posts\/169852"}],"collection":[{"href":"https:\/\/arantv.az\/index.php?rest_route=\/wp\/v2\/posts"}],"about":[{"href":"https:\/\/arantv.az\/index.php?rest_route=\/wp\/v2\/types\/post"}],"author":[{"embeddable":true,"href":"https:\/\/arantv.az\/index.php?rest_route=\/wp\/v2\/users\/2"}],"replies":[{"embeddable":true,"href":"https:\/\/arantv.az\/index.php?rest_route=%2Fwp%2Fv2%2Fcomments&post=169852"}],"version-history":[{"count":0,"href":"https:\/\/arantv.az\/index.php?rest_route=\/wp\/v2\/posts\/169852\/revisions"}],"wp:featuredmedia":[{"embeddable":true,"href":"https:\/\/arantv.az\/index.php?rest_route=\/wp\/v2\/media\/169862"}],"wp:attachment":[{"href":"https:\/\/arantv.az\/index.php?rest_route=%2Fwp%2Fv2%2Fmedia&parent=169852"}],"wp:term":[{"taxonomy":"category","embeddable":true,"href":"https:\/\/arantv.az\/index.php?rest_route=%2Fwp%2Fv2%2Fcategories&post=169852"},{"taxonomy":"post_tag","embeddable":true,"href":"https:\/\/arantv.az\/index.php?rest_route=%2Fwp%2Fv2%2Ftags&post=169852"}],"curies":[{"name":"wp","href":"https:\/\/api.w.org\/{rel}","templated":true}]}}