{"id":169868,"date":"2020-05-21T20:39:14","date_gmt":"2020-05-21T17:39:14","guid":{"rendered":"http:\/\/arantv.az\/?p=169868"},"modified":"2020-05-21T20:39:14","modified_gmt":"2020-05-21T17:39:14","slug":"soyuqlamisdim-adi-qizdirma-idi-atv-nin-koronavirusa-yoluxan-%c9%99m%c9%99kdasi-danisdi","status":"publish","type":"post","link":"https:\/\/arantv.az\/?p=169868","title":{"rendered":"&#8220;Soyuqlam\u0131\u015fd\u0131m, adi q\u0131zd\u0131rma idi&#8221;- ATV-nin koronavirusa yoluxan \u0259m\u0259kda\u015f\u0131 dan\u0131\u015fd\u0131"},"content":{"rendered":"<p>X\u0259b\u0259r verdiyimiz kimi, &#8220;Azad Az\u0259rbaycan&#8221; kanal\u0131n\u0131n m\u00fcxbiri Mahmud R\u00f6v\u015f\u0259no\u011flunun koronavirusla ba\u011fl\u0131 verdiyi ilkin testin n\u0259tic\u0259si m\u00fcsb\u0259t \u00e7\u0131x\u0131b.<\/p>\n<p>ARANTV.AZ medicina.az-a istinad\u0259n bildirir ki,\u00a0virusa yoluxmu\u015f jurnalist haz\u0131rda qald\u0131\u011f\u0131 karantin x\u0259st\u0259xanas\u0131ndan kanal\u0131n canl\u0131 efirin\u0259 ba\u011flanaraq s\u0259hh\u0259ti haqda m\u0259lumat verib.<\/p>\n<p>&#8220;Soyuqlam\u0131\u015fd\u0131m, adi q\u0131zd\u0131rma idi. H\u0259kim\u0259 m\u00fcraci\u0259t etdikd\u0259n sonra test g\u00f6t\u00fcrd\u00fcl\u0259r v\u0259 ilkin olaraq n\u0259tic\u0259si m\u00fcsb\u0259t oldu. Haz\u0131rda karantin\u0259 al\u0131nm\u0131\u015fam. \u00d6z\u00fcm\u00fc yax\u015f\u0131 hiss edir\u0259m. Burada davaml\u0131 olaraq istiliyimiz \u00f6l\u00e7\u00fcl\u00fcr. M\u00fc\u0259yy\u0259n vasit\u0259l\u0259rd\u0259n istifad\u0259 etdim v\u0259 q\u0131zd\u0131rmam da d\u00fc\u015fd\u00fc. \u00d6z\u00fcmd\u0259 a\u011f\u0131rla\u015fma v\u0259 ya ba\u015fqa simptomlar hiss etmir\u0259m&#8221;.<\/p>\n<p>Qeyd ed\u0259k ki, kanal\u0131n \u0130cra\u00e7\u0131 direktoru \u0130smay\u0131l H\u0259s\u0259nov &#8220;Qafqazinfo&#8221;ya a\u00e7\u0131qlamas\u0131nda \u0259m\u0259kda\u015flar\u0131ndan yaln\u0131z bir n\u0259f\u0259rin karantin\u0259 al\u0131nd\u0131\u011f\u0131n\u0131 v\u0259 haz\u0131rda ikinci testin n\u0259tic\u0259sini g\u00f6zl\u0259dikl\u0259rini bildirib.<\/p>\n","protected":false},"excerpt":{"rendered":"<p>X\u0259b\u0259r verdiyimiz kimi, &#8220;Azad Az\u0259rbaycan&#8221; kanal\u0131n\u0131n m\u00fcxbiri Mahmud R\u00f6v\u015f\u0259no\u011flunun koronavirusla ba\u011fl\u0131 verdiyi ilkin testin n\u0259tic\u0259si m\u00fcsb\u0259t \u00e7\u0131x\u0131b. ARANTV.AZ medicina.az-a istinad\u0259n bildirir ki,\u00a0virusa yoluxmu\u015f jurnalist haz\u0131rda qald\u0131\u011f\u0131 karantin x\u0259st\u0259xanas\u0131ndan kanal\u0131n canl\u0131 efirin\u0259 ba\u011flanaraq s\u0259hh\u0259ti haqda m\u0259lumat verib. &#8220;Soyuqlam\u0131\u015fd\u0131m, adi q\u0131zd\u0131rma idi. H\u0259kim\u0259 m\u00fcraci\u0259t etdikd\u0259n sonra test g\u00f6t\u00fcrd\u00fcl\u0259r v\u0259 ilkin olaraq n\u0259tic\u0259si m\u00fcsb\u0259t oldu. Haz\u0131rda karantin\u0259 al\u0131nm\u0131\u015fam. \u00d6z\u00fcm\u00fc yax\u015f\u0131 hiss edir\u0259m. Burada davaml\u0131 olaraq istiliyimiz \u00f6l\u00e7\u00fcl\u00fcr. M\u00fc\u0259yy\u0259n vasit\u0259l\u0259rd\u0259n istifad\u0259 etdim v\u0259 q\u0131zd\u0131rmam da d\u00fc\u015fd\u00fc. \u00d6z\u00fcmd\u0259 a\u011f\u0131rla\u015fma v\u0259 ya ba\u015fqa simptomlar hiss etmir\u0259m&#8221;. Qeyd ed\u0259k ki, kanal\u0131n \u0130cra\u00e7\u0131 direktoru \u0130smay\u0131l H\u0259s\u0259nov &#8220;Qafqazinfo&#8221;ya a\u00e7\u0131qlamas\u0131nda&hellip;<\/p>\n","protected":false},"author":2,"featured_media":169870,"comment_status":"closed","ping_status":"closed","sticky":false,"template":"","format":"standard","meta":{"om_disable_all_campaigns":false,"_monsterinsights_skip_tracking":false,"_monsterinsights_sitenote_active":false,"_monsterinsights_sitenote_note":"","_monsterinsights_sitenote_category":0},"categories":[5],"tags":[],"aioseo_notices":[],"gutentor_comment":0,"rttpg_featured_image_url":{"full":["https:\/\/arantv.az\/wp-content\/uploads\/2020\/05\/852153.jpg",800,600,false],"landscape":["https:\/\/arantv.az\/wp-content\/uploads\/2020\/05\/852153.jpg",800,600,false],"portraits":["https:\/\/arantv.az\/wp-content\/uploads\/2020\/05\/852153.jpg",800,600,false],"thumbnail":["https:\/\/arantv.az\/wp-content\/uploads\/2020\/05\/852153-150x150.jpg",150,150,true],"medium":["https:\/\/arantv.az\/wp-content\/uploads\/2020\/05\/852153-300x225.jpg",300,225,true],"large":["https:\/\/arantv.az\/wp-content\/uploads\/2020\/05\/852153.jpg",640,480,false],"1536x1536":["https:\/\/arantv.az\/wp-content\/uploads\/2020\/05\/852153.jpg",800,600,false],"2048x2048":["https:\/\/arantv.az\/wp-content\/uploads\/2020\/05\/852153.jpg",800,600,false],"post-thumbnail":["https:\/\/arantv.az\/wp-content\/uploads\/2020\/05\/852153-240x172.jpg",240,172,true],"advps-thumb-one":["https:\/\/arantv.az\/wp-content\/uploads\/2020\/05\/852153.jpg",800,600,false]},"rttpg_author":{"display_name":"V\u00fcsal Rafiqo\u011flu","author_link":"https:\/\/arantv.az\/?author=2"},"rttpg_comment":0,"rttpg_category":"<a href=\"https:\/\/arantv.az\/?cat=5\" rel=\"category\">Hadis\u0259<\/a>","rttpg_excerpt":"X\u0259b\u0259r verdiyimiz kimi, &#8220;Azad Az\u0259rbaycan&#8221; kanal\u0131n\u0131n m\u00fcxbiri Mahmud R\u00f6v\u015f\u0259no\u011flunun koronavirusla ba\u011fl\u0131 verdiyi ilkin testin n\u0259tic\u0259si m\u00fcsb\u0259t \u00e7\u0131x\u0131b. ARANTV.AZ medicina.az-a istinad\u0259n bildirir ki,\u00a0virusa yoluxmu\u015f jurnalist haz\u0131rda qald\u0131\u011f\u0131 karantin x\u0259st\u0259xanas\u0131ndan kanal\u0131n canl\u0131 efirin\u0259 ba\u011flanaraq s\u0259hh\u0259ti haqda m\u0259lumat verib. &#8220;Soyuqlam\u0131\u015fd\u0131m, adi q\u0131zd\u0131rma idi. H\u0259kim\u0259 m\u00fcraci\u0259t etdikd\u0259n sonra test g\u00f6t\u00fcrd\u00fcl\u0259r v\u0259 ilkin olaraq n\u0259tic\u0259si m\u00fcsb\u0259t oldu. Haz\u0131rda karantin\u0259 al\u0131nm\u0131\u015fam.&hellip;","_links":{"self":[{"href":"https:\/\/arantv.az\/index.php?rest_route=\/wp\/v2\/posts\/169868"}],"collection":[{"href":"https:\/\/arantv.az\/index.php?rest_route=\/wp\/v2\/posts"}],"about":[{"href":"https:\/\/arantv.az\/index.php?rest_route=\/wp\/v2\/types\/post"}],"author":[{"embeddable":true,"href":"https:\/\/arantv.az\/index.php?rest_route=\/wp\/v2\/users\/2"}],"replies":[{"embeddable":true,"href":"https:\/\/arantv.az\/index.php?rest_route=%2Fwp%2Fv2%2Fcomments&post=169868"}],"version-history":[{"count":0,"href":"https:\/\/arantv.az\/index.php?rest_route=\/wp\/v2\/posts\/169868\/revisions"}],"wp:featuredmedia":[{"embeddable":true,"href":"https:\/\/arantv.az\/index.php?rest_route=\/wp\/v2\/media\/169870"}],"wp:attachment":[{"href":"https:\/\/arantv.az\/index.php?rest_route=%2Fwp%2Fv2%2Fmedia&parent=169868"}],"wp:term":[{"taxonomy":"category","embeddable":true,"href":"https:\/\/arantv.az\/index.php?rest_route=%2Fwp%2Fv2%2Fcategories&post=169868"},{"taxonomy":"post_tag","embeddable":true,"href":"https:\/\/arantv.az\/index.php?rest_route=%2Fwp%2Fv2%2Ftags&post=169868"}],"curies":[{"name":"wp","href":"https:\/\/api.w.org\/{rel}","templated":true}]}}