{"id":169883,"date":"2020-05-21T21:50:30","date_gmt":"2020-05-21T18:50:30","guid":{"rendered":"http:\/\/arantv.az\/?p=169883"},"modified":"2020-05-21T21:50:30","modified_gmt":"2020-05-21T18:50:30","slug":"sabahdan-turistl%c9%99r-serbiya-%c9%99razisin%c9%99-testd%c9%99n-kecm%c9%99d%c9%99n-daxil-ola-bil%c9%99c%c9%99kl%c9%99r","status":"publish","type":"post","link":"https:\/\/arantv.az\/?p=169883","title":{"rendered":"Sabahdan turistl\u0259r Serbiya \u0259razisin\u0259 testd\u0259n ke\u00e7m\u0259d\u0259n daxil ola bil\u0259c\u0259kl\u0259r"},"content":{"rendered":"<p>Serbiya ist\u0259nil\u0259n xarici \u00f6lk\u0259 v\u0259t\u0259nda\u015f\u0131n\u0131n\u00a0v\u0259 \u00f6z sakinl\u0259rinin may\u0131n 22-d\u0259n etibar\u0259n koronavirus testl\u0259rind\u0259n ke\u00e7m\u0259d\u0259n \u0259razisin\u0259 girm\u0259sin\u0259\u00a0icaz\u0259 ver\u0259c\u0259k.<\/p>\n<p>RTS kanal\u0131 x\u0259b\u0259r verir ki, onlar 14 g\u00fcnl\u00fck karantin ke\u00e7m\u0259d\u0259n respublika \u0259razisin\u0259 daxil ola\u00a0bil\u0259c\u0259kl\u0259r.<\/p>\n<div id=\"AdviadNativeVideo0\" class=\"AdviadNativeVideo\"><\/div>\n<p>\u00d6lk\u0259nin Tikinti, N\u0259qliyyat v\u0259 \u0130nfrastruktur naziri Zorana Mixaylovi\u00e7 iki ayl\u0131q fasil\u0259d\u0259n sonra u\u00e7u\u015flar\u0131 b\u0259rpa etm\u0259 bar\u0259d\u0259 a\u00e7\u0131qlama ver\u0259rk\u0259n bu bar\u0259d\u0259 dan\u0131\u015f\u0131b:<\/p>\n<p>\u201cSabahdan etibar\u0259n koronavirus testl\u0259ri v\u0259 14 g\u00fcnl\u00fck karantin olmadan \u00f6lk\u0259y\u0259 giri\u015f\u0259 icaz\u0259 veril\u0259c\u0259k. Bu g\u00fcn h\u00f6kum\u0259tin iclas\u0131 olacaq. G\u00f6r\u00fc\u015fd\u0259 koronavirusla m\u00fcbariz\u0259 operativ q\u0259rargah\u0131n\u0131n t\u0259klifi il\u0259 sabah Serbiya v\u0259 dig\u0259r \u00f6lk\u0259l\u0259rin v\u0259t\u0259nda\u015flar\u0131n\u0131n testd\u0259n ke\u00e7m\u0259d\u0259n v\u0259 t\u0259crid olunmadan \u00f6lk\u0259y\u0259 daxil olmalar\u0131na q\u0259rar veril\u0259c\u0259k. Onlar yaln\u0131z \u015f\u0259xsi m\u0259suliyy\u0259t da\u015f\u0131y\u0131rlar\u201d.<\/p>\n<p>Zorana Mixaylovi\u00e7 bildirib ki, milli aviada\u015f\u0131y\u0131c\u0131 \u201cAir Serbia\u201d may\u0131n 21-d\u0259 Avropa avia\u015firk\u0259tl\u0259ri aras\u0131nda ilk olaraq kommersiya s\u0259rni\u015fin reysl\u0259rini b\u0259rpa edib: &#8220;Biz\u00a0u\u00e7u\u015flara ba\u015flayan ilk Avropa avia\u015firk\u0259tl\u0259rind\u0259n biriyik. Bu, yaln\u0131z bizd\u0259n as\u0131l\u0131 olsayd\u0131, u\u00e7u\u015flara bir ay \u0259vv\u0259ld\u0259n ba\u015flayacaqd\u0131q\u201d.<\/p>\n","protected":false},"excerpt":{"rendered":"<p>Serbiya ist\u0259nil\u0259n xarici \u00f6lk\u0259 v\u0259t\u0259nda\u015f\u0131n\u0131n\u00a0v\u0259 \u00f6z sakinl\u0259rinin may\u0131n 22-d\u0259n etibar\u0259n koronavirus testl\u0259rind\u0259n ke\u00e7m\u0259d\u0259n \u0259razisin\u0259 girm\u0259sin\u0259\u00a0icaz\u0259 ver\u0259c\u0259k. RTS kanal\u0131 x\u0259b\u0259r verir ki, onlar 14 g\u00fcnl\u00fck karantin ke\u00e7m\u0259d\u0259n respublika \u0259razisin\u0259 daxil ola\u00a0bil\u0259c\u0259kl\u0259r. \u00d6lk\u0259nin Tikinti, N\u0259qliyyat v\u0259 \u0130nfrastruktur naziri Zorana Mixaylovi\u00e7 iki ayl\u0131q fasil\u0259d\u0259n sonra u\u00e7u\u015flar\u0131 b\u0259rpa etm\u0259 bar\u0259d\u0259 a\u00e7\u0131qlama ver\u0259rk\u0259n bu bar\u0259d\u0259 dan\u0131\u015f\u0131b: \u201cSabahdan etibar\u0259n koronavirus testl\u0259ri v\u0259 14 g\u00fcnl\u00fck karantin olmadan \u00f6lk\u0259y\u0259 giri\u015f\u0259 icaz\u0259 veril\u0259c\u0259k. Bu g\u00fcn h\u00f6kum\u0259tin iclas\u0131 olacaq. G\u00f6r\u00fc\u015fd\u0259 koronavirusla m\u00fcbariz\u0259 operativ q\u0259rargah\u0131n\u0131n t\u0259klifi il\u0259 sabah Serbiya v\u0259 dig\u0259r \u00f6lk\u0259l\u0259rin v\u0259t\u0259nda\u015flar\u0131n\u0131n testd\u0259n ke\u00e7m\u0259d\u0259n v\u0259 t\u0259crid olunmadan \u00f6lk\u0259y\u0259 daxil olmalar\u0131na&hellip;<\/p>\n","protected":false},"author":2,"featured_media":169887,"comment_status":"closed","ping_status":"closed","sticky":false,"template":"","format":"standard","meta":{"om_disable_all_campaigns":false,"_monsterinsights_skip_tracking":false,"_monsterinsights_sitenote_active":false,"_monsterinsights_sitenote_note":"","_monsterinsights_sitenote_category":0},"categories":[24],"tags":[],"aioseo_notices":[],"gutentor_comment":0,"rttpg_featured_image_url":{"full":["https:\/\/arantv.az\/wp-content\/uploads\/2020\/05\/serbiya-1.jpg",620,412,false],"landscape":["https:\/\/arantv.az\/wp-content\/uploads\/2020\/05\/serbiya-1.jpg",620,412,false],"portraits":["https:\/\/arantv.az\/wp-content\/uploads\/2020\/05\/serbiya-1.jpg",620,412,false],"thumbnail":["https:\/\/arantv.az\/wp-content\/uploads\/2020\/05\/serbiya-1-150x150.jpg",150,150,true],"medium":["https:\/\/arantv.az\/wp-content\/uploads\/2020\/05\/serbiya-1-300x199.jpg",300,199,true],"large":["https:\/\/arantv.az\/wp-content\/uploads\/2020\/05\/serbiya-1.jpg",620,412,false],"1536x1536":["https:\/\/arantv.az\/wp-content\/uploads\/2020\/05\/serbiya-1.jpg",620,412,false],"2048x2048":["https:\/\/arantv.az\/wp-content\/uploads\/2020\/05\/serbiya-1.jpg",620,412,false],"post-thumbnail":["https:\/\/arantv.az\/wp-content\/uploads\/2020\/05\/serbiya-1-240x172.jpg",240,172,true],"advps-thumb-one":["https:\/\/arantv.az\/wp-content\/uploads\/2020\/05\/serbiya-1.jpg",620,412,false]},"rttpg_author":{"display_name":"V\u00fcsal Rafiqo\u011flu","author_link":"https:\/\/arantv.az\/?author=2"},"rttpg_comment":0,"rttpg_category":"<a href=\"https:\/\/arantv.az\/?cat=24\" rel=\"category\">Maraql\u0131<\/a>","rttpg_excerpt":"Serbiya ist\u0259nil\u0259n xarici \u00f6lk\u0259 v\u0259t\u0259nda\u015f\u0131n\u0131n\u00a0v\u0259 \u00f6z sakinl\u0259rinin may\u0131n 22-d\u0259n etibar\u0259n koronavirus testl\u0259rind\u0259n ke\u00e7m\u0259d\u0259n \u0259razisin\u0259 girm\u0259sin\u0259\u00a0icaz\u0259 ver\u0259c\u0259k. RTS kanal\u0131 x\u0259b\u0259r verir ki, onlar 14 g\u00fcnl\u00fck karantin ke\u00e7m\u0259d\u0259n respublika \u0259razisin\u0259 daxil ola\u00a0bil\u0259c\u0259kl\u0259r. \u00d6lk\u0259nin Tikinti, N\u0259qliyyat v\u0259 \u0130nfrastruktur naziri Zorana Mixaylovi\u00e7 iki ayl\u0131q fasil\u0259d\u0259n sonra u\u00e7u\u015flar\u0131 b\u0259rpa etm\u0259 bar\u0259d\u0259 a\u00e7\u0131qlama ver\u0259rk\u0259n bu bar\u0259d\u0259 dan\u0131\u015f\u0131b: \u201cSabahdan etibar\u0259n koronavirus testl\u0259ri&hellip;","_links":{"self":[{"href":"https:\/\/arantv.az\/index.php?rest_route=\/wp\/v2\/posts\/169883"}],"collection":[{"href":"https:\/\/arantv.az\/index.php?rest_route=\/wp\/v2\/posts"}],"about":[{"href":"https:\/\/arantv.az\/index.php?rest_route=\/wp\/v2\/types\/post"}],"author":[{"embeddable":true,"href":"https:\/\/arantv.az\/index.php?rest_route=\/wp\/v2\/users\/2"}],"replies":[{"embeddable":true,"href":"https:\/\/arantv.az\/index.php?rest_route=%2Fwp%2Fv2%2Fcomments&post=169883"}],"version-history":[{"count":0,"href":"https:\/\/arantv.az\/index.php?rest_route=\/wp\/v2\/posts\/169883\/revisions"}],"wp:featuredmedia":[{"embeddable":true,"href":"https:\/\/arantv.az\/index.php?rest_route=\/wp\/v2\/media\/169887"}],"wp:attachment":[{"href":"https:\/\/arantv.az\/index.php?rest_route=%2Fwp%2Fv2%2Fmedia&parent=169883"}],"wp:term":[{"taxonomy":"category","embeddable":true,"href":"https:\/\/arantv.az\/index.php?rest_route=%2Fwp%2Fv2%2Fcategories&post=169883"},{"taxonomy":"post_tag","embeddable":true,"href":"https:\/\/arantv.az\/index.php?rest_route=%2Fwp%2Fv2%2Ftags&post=169883"}],"curies":[{"name":"wp","href":"https:\/\/api.w.org\/{rel}","templated":true}]}}