{"id":169889,"date":"2020-05-21T21:52:55","date_gmt":"2020-05-21T18:52:55","guid":{"rendered":"http:\/\/arantv.az\/?p=169889"},"modified":"2020-05-21T21:52:55","modified_gmt":"2020-05-21T18:52:55","slug":"g%c9%99nc%c9%99-sakini-ozun%c9%99-x%c9%99sar%c9%99t-yetirib","status":"publish","type":"post","link":"https:\/\/arantv.az\/?p=169889","title":{"rendered":"G\u0259nc\u0259 sakini \u00f6z\u00fcn\u0259 x\u0259sar\u0259t yetirib"},"content":{"rendered":"<p><strong>G\u0259nc\u0259nin K\u00f6hn\u0259 \u018ft kombinat\u0131 adlanan \u0259razisind\u0259 \u015f\u0259h\u0259r sakini \u00f6z\u00fcn\u0259 x\u0259sar\u0259t yetirib.<\/strong><\/p>\n<p>APA-n\u0131n yerli b\u00fcrosunun m\u0259lumat\u0131na g\u00f6r\u0259, 1993-c\u00fc il t\u0259v\u0259ll\u00fcdl\u00fc H\u00fcseynov R\u00f6yal Dilq\u0259m o\u011flu b\u0259d\u0259nin \u00e7oxsayl\u0131 k\u0259silmi\u015f yaras\u0131 il\u0259 x\u0259st\u0259xanaya yerl\u0259\u015fdirilib. D\u0259rhal x\u0259st\u0259y\u0259 laz\u0131mi tibbi yard\u0131m g\u00f6st\u0259rilib.<\/p>\n<p>M\u00fcayin\u0259 zaman\u0131 onun qollar\u0131, boynu, qar\u0131n nahiy\u0259si v\u0259 b\u0259d\u0259nin bir s\u0131ra yerl\u0259rinin k\u0259silm\u0259si a\u015fkar olunub. R.H\u00fcseynovun v\u0259ziyy\u0259tinin orta-a\u011f\u0131r oldu\u011fu bildirilir.<\/p>\n<p>Onun hans\u0131 s\u0259b\u0259bd\u0259n \u00f6z\u00fcn\u0259 x\u0259sar\u0259t yetirm\u0259si m\u0259lum deyil.<\/p>\n<p>Faktla ba\u011fl\u0131 ara\u015fd\u0131rma apar\u0131l\u0131r.<\/p>\n","protected":false},"excerpt":{"rendered":"<p>G\u0259nc\u0259nin K\u00f6hn\u0259 \u018ft kombinat\u0131 adlanan \u0259razisind\u0259 \u015f\u0259h\u0259r sakini \u00f6z\u00fcn\u0259 x\u0259sar\u0259t yetirib. APA-n\u0131n yerli b\u00fcrosunun m\u0259lumat\u0131na g\u00f6r\u0259, 1993-c\u00fc il t\u0259v\u0259ll\u00fcdl\u00fc H\u00fcseynov R\u00f6yal Dilq\u0259m o\u011flu b\u0259d\u0259nin \u00e7oxsayl\u0131 k\u0259silmi\u015f yaras\u0131 il\u0259 x\u0259st\u0259xanaya yerl\u0259\u015fdirilib. D\u0259rhal x\u0259st\u0259y\u0259 laz\u0131mi tibbi yard\u0131m g\u00f6st\u0259rilib. M\u00fcayin\u0259 zaman\u0131 onun qollar\u0131, boynu, qar\u0131n nahiy\u0259si v\u0259 b\u0259d\u0259nin bir s\u0131ra yerl\u0259rinin k\u0259silm\u0259si a\u015fkar olunub. R.H\u00fcseynovun v\u0259ziyy\u0259tinin orta-a\u011f\u0131r oldu\u011fu bildirilir. Onun hans\u0131 s\u0259b\u0259bd\u0259n \u00f6z\u00fcn\u0259 x\u0259sar\u0259t yetirm\u0259si m\u0259lum deyil. Faktla ba\u011fl\u0131 ara\u015fd\u0131rma apar\u0131l\u0131r.<\/p>\n","protected":false},"author":2,"featured_media":169895,"comment_status":"closed","ping_status":"closed","sticky":false,"template":"","format":"standard","meta":{"om_disable_all_campaigns":false,"_monsterinsights_skip_tracking":false,"_monsterinsights_sitenote_active":false,"_monsterinsights_sitenote_note":"","_monsterinsights_sitenote_category":0},"categories":[5],"tags":[],"aioseo_notices":[],"gutentor_comment":0,"rttpg_featured_image_url":{"full":["https:\/\/arantv.az\/wp-content\/uploads\/2020\/05\/43e6a7d3c513b750a61249d5f6046996.jpg",450,300,false],"landscape":["https:\/\/arantv.az\/wp-content\/uploads\/2020\/05\/43e6a7d3c513b750a61249d5f6046996.jpg",450,300,false],"portraits":["https:\/\/arantv.az\/wp-content\/uploads\/2020\/05\/43e6a7d3c513b750a61249d5f6046996.jpg",450,300,false],"thumbnail":["https:\/\/arantv.az\/wp-content\/uploads\/2020\/05\/43e6a7d3c513b750a61249d5f6046996-150x150.jpg",150,150,true],"medium":["https:\/\/arantv.az\/wp-content\/uploads\/2020\/05\/43e6a7d3c513b750a61249d5f6046996-300x200.jpg",300,200,true],"large":["https:\/\/arantv.az\/wp-content\/uploads\/2020\/05\/43e6a7d3c513b750a61249d5f6046996.jpg",450,300,false],"1536x1536":["https:\/\/arantv.az\/wp-content\/uploads\/2020\/05\/43e6a7d3c513b750a61249d5f6046996.jpg",450,300,false],"2048x2048":["https:\/\/arantv.az\/wp-content\/uploads\/2020\/05\/43e6a7d3c513b750a61249d5f6046996.jpg",450,300,false],"post-thumbnail":["https:\/\/arantv.az\/wp-content\/uploads\/2020\/05\/43e6a7d3c513b750a61249d5f6046996-240x172.jpg",240,172,true],"advps-thumb-one":["https:\/\/arantv.az\/wp-content\/uploads\/2020\/05\/43e6a7d3c513b750a61249d5f6046996.jpg",450,300,false]},"rttpg_author":{"display_name":"V\u00fcsal Rafiqo\u011flu","author_link":"https:\/\/arantv.az\/?author=2"},"rttpg_comment":0,"rttpg_category":"<a href=\"https:\/\/arantv.az\/?cat=5\" rel=\"category\">Hadis\u0259<\/a>","rttpg_excerpt":"G\u0259nc\u0259nin K\u00f6hn\u0259 \u018ft kombinat\u0131 adlanan \u0259razisind\u0259 \u015f\u0259h\u0259r sakini \u00f6z\u00fcn\u0259 x\u0259sar\u0259t yetirib. APA-n\u0131n yerli b\u00fcrosunun m\u0259lumat\u0131na g\u00f6r\u0259, 1993-c\u00fc il t\u0259v\u0259ll\u00fcdl\u00fc H\u00fcseynov R\u00f6yal Dilq\u0259m o\u011flu b\u0259d\u0259nin \u00e7oxsayl\u0131 k\u0259silmi\u015f yaras\u0131 il\u0259 x\u0259st\u0259xanaya yerl\u0259\u015fdirilib. D\u0259rhal x\u0259st\u0259y\u0259 laz\u0131mi tibbi yard\u0131m g\u00f6st\u0259rilib. M\u00fcayin\u0259 zaman\u0131 onun qollar\u0131, boynu, qar\u0131n nahiy\u0259si v\u0259 b\u0259d\u0259nin bir s\u0131ra yerl\u0259rinin k\u0259silm\u0259si a\u015fkar olunub. R.H\u00fcseynovun v\u0259ziyy\u0259tinin orta-a\u011f\u0131r oldu\u011fu&hellip;","_links":{"self":[{"href":"https:\/\/arantv.az\/index.php?rest_route=\/wp\/v2\/posts\/169889"}],"collection":[{"href":"https:\/\/arantv.az\/index.php?rest_route=\/wp\/v2\/posts"}],"about":[{"href":"https:\/\/arantv.az\/index.php?rest_route=\/wp\/v2\/types\/post"}],"author":[{"embeddable":true,"href":"https:\/\/arantv.az\/index.php?rest_route=\/wp\/v2\/users\/2"}],"replies":[{"embeddable":true,"href":"https:\/\/arantv.az\/index.php?rest_route=%2Fwp%2Fv2%2Fcomments&post=169889"}],"version-history":[{"count":0,"href":"https:\/\/arantv.az\/index.php?rest_route=\/wp\/v2\/posts\/169889\/revisions"}],"wp:featuredmedia":[{"embeddable":true,"href":"https:\/\/arantv.az\/index.php?rest_route=\/wp\/v2\/media\/169895"}],"wp:attachment":[{"href":"https:\/\/arantv.az\/index.php?rest_route=%2Fwp%2Fv2%2Fmedia&parent=169889"}],"wp:term":[{"taxonomy":"category","embeddable":true,"href":"https:\/\/arantv.az\/index.php?rest_route=%2Fwp%2Fv2%2Fcategories&post=169889"},{"taxonomy":"post_tag","embeddable":true,"href":"https:\/\/arantv.az\/index.php?rest_route=%2Fwp%2Fv2%2Ftags&post=169889"}],"curies":[{"name":"wp","href":"https:\/\/api.w.org\/{rel}","templated":true}]}}