{"id":169898,"date":"2020-05-21T21:55:47","date_gmt":"2020-05-21T18:55:47","guid":{"rendered":"http:\/\/arantv.az\/?p=169898"},"modified":"2020-05-21T21:55:47","modified_gmt":"2020-05-21T18:55:47","slug":"etsn-qusarda-mes%c9%99lik-%c9%99razid%c9%99-agaclarin-k%c9%99silm%c9%99si-il%c9%99-bagli-polis%c9%99-muraci%c9%99t-edib","status":"publish","type":"post","link":"https:\/\/arantv.az\/?p=169898","title":{"rendered":"ETSN Qusarda me\u015f\u0259lik \u0259razid\u0259 a\u011faclar\u0131n k\u0259silm\u0259si il\u0259 ba\u011fl\u0131 polis\u0259 m\u00fcraci\u0259t edib"},"content":{"rendered":"<p><strong>Ekologiya v\u0259 T\u0259bii S\u0259rv\u0259tl\u0259r Nazirliyin\u0259 Qusar rayonu Qalac\u0131q k\u0259ndind\u0259 me\u015f\u0259lik \u0259razid\u0259 a\u011faclar\u0131n k\u0259silm\u0259si il\u0259 ba\u011fl\u0131 daxil olan \u015fikay\u0259t ara\u015fd\u0131r\u0131l\u0131b.<\/strong><\/p>\n<p>APA x\u0259b\u0259r veir ki, bu bar\u0259d\u0259 nazirliyin D\u00f6vl\u0259t Ekoloji T\u0259hl\u00fck\u0259sizlik Xidm\u0259tinin r\u0259isi Hikm\u0259t \u018flizad\u0259 bildirib.<\/p>\n<p>O qeyd edib ki, s\u00f6z\u00fcged\u0259n \u0259raziy\u0259 ke\u00e7iril\u0259n bax\u0131\u015f zaman\u0131 \u0259razinin me\u015f\u0259 fondu torpa\u011f\u0131 deyil, b\u0259l\u0259diyy\u0259 m\u00fclkiyy\u0259tin\u0259 aid torpaq sah\u0259si oldu\u011fu m\u0259lum olub:<\/p>\n<p><em><strong>&#8220;T\u0259qsirkar\u0131n m\u00fc\u0259yy\u0259n olunmas\u0131 v\u0259 bar\u0259sind\u0259 qanunam\u00fcvafiq t\u0259dbirin g\u00f6r\u00fclm\u0259si \u00fc\u00e7\u00fcn Qusar rayon Polis \u0130dar\u0259sin\u0259 m\u00fcraci\u0259t olunub&#8221;.<\/strong><\/em><\/p>\n","protected":false},"excerpt":{"rendered":"<p>Ekologiya v\u0259 T\u0259bii S\u0259rv\u0259tl\u0259r Nazirliyin\u0259 Qusar rayonu Qalac\u0131q k\u0259ndind\u0259 me\u015f\u0259lik \u0259razid\u0259 a\u011faclar\u0131n k\u0259silm\u0259si il\u0259 ba\u011fl\u0131 daxil olan \u015fikay\u0259t ara\u015fd\u0131r\u0131l\u0131b. APA x\u0259b\u0259r veir ki, bu bar\u0259d\u0259 nazirliyin D\u00f6vl\u0259t Ekoloji T\u0259hl\u00fck\u0259sizlik Xidm\u0259tinin r\u0259isi Hikm\u0259t \u018flizad\u0259 bildirib. O qeyd edib ki, s\u00f6z\u00fcged\u0259n \u0259raziy\u0259 ke\u00e7iril\u0259n bax\u0131\u015f zaman\u0131 \u0259razinin me\u015f\u0259 fondu torpa\u011f\u0131 deyil, b\u0259l\u0259diyy\u0259 m\u00fclkiyy\u0259tin\u0259 aid torpaq sah\u0259si oldu\u011fu m\u0259lum olub: &#8220;T\u0259qsirkar\u0131n m\u00fc\u0259yy\u0259n olunmas\u0131 v\u0259 bar\u0259sind\u0259 qanunam\u00fcvafiq t\u0259dbirin g\u00f6r\u00fclm\u0259si \u00fc\u00e7\u00fcn Qusar rayon Polis \u0130dar\u0259sin\u0259 m\u00fcraci\u0259t olunub&#8221;.<\/p>\n","protected":false},"author":2,"featured_media":169900,"comment_status":"closed","ping_status":"closed","sticky":false,"template":"","format":"standard","meta":{"om_disable_all_campaigns":false,"_monsterinsights_skip_tracking":false,"_monsterinsights_sitenote_active":false,"_monsterinsights_sitenote_note":"","_monsterinsights_sitenote_category":0},"categories":[5],"tags":[],"aioseo_notices":[],"gutentor_comment":0,"rttpg_featured_image_url":{"full":["https:\/\/arantv.az\/wp-content\/uploads\/2020\/05\/8ec3a901c5a6c12eb2973f0123f9a82f.jpg",450,300,false],"landscape":["https:\/\/arantv.az\/wp-content\/uploads\/2020\/05\/8ec3a901c5a6c12eb2973f0123f9a82f.jpg",450,300,false],"portraits":["https:\/\/arantv.az\/wp-content\/uploads\/2020\/05\/8ec3a901c5a6c12eb2973f0123f9a82f.jpg",450,300,false],"thumbnail":["https:\/\/arantv.az\/wp-content\/uploads\/2020\/05\/8ec3a901c5a6c12eb2973f0123f9a82f-150x150.jpg",150,150,true],"medium":["https:\/\/arantv.az\/wp-content\/uploads\/2020\/05\/8ec3a901c5a6c12eb2973f0123f9a82f-300x200.jpg",300,200,true],"large":["https:\/\/arantv.az\/wp-content\/uploads\/2020\/05\/8ec3a901c5a6c12eb2973f0123f9a82f.jpg",450,300,false],"1536x1536":["https:\/\/arantv.az\/wp-content\/uploads\/2020\/05\/8ec3a901c5a6c12eb2973f0123f9a82f.jpg",450,300,false],"2048x2048":["https:\/\/arantv.az\/wp-content\/uploads\/2020\/05\/8ec3a901c5a6c12eb2973f0123f9a82f.jpg",450,300,false],"post-thumbnail":["https:\/\/arantv.az\/wp-content\/uploads\/2020\/05\/8ec3a901c5a6c12eb2973f0123f9a82f-240x172.jpg",240,172,true],"advps-thumb-one":["https:\/\/arantv.az\/wp-content\/uploads\/2020\/05\/8ec3a901c5a6c12eb2973f0123f9a82f.jpg",450,300,false]},"rttpg_author":{"display_name":"V\u00fcsal Rafiqo\u011flu","author_link":"https:\/\/arantv.az\/?author=2"},"rttpg_comment":0,"rttpg_category":"<a href=\"https:\/\/arantv.az\/?cat=5\" rel=\"category\">Hadis\u0259<\/a>","rttpg_excerpt":"Ekologiya v\u0259 T\u0259bii S\u0259rv\u0259tl\u0259r Nazirliyin\u0259 Qusar rayonu Qalac\u0131q k\u0259ndind\u0259 me\u015f\u0259lik \u0259razid\u0259 a\u011faclar\u0131n k\u0259silm\u0259si il\u0259 ba\u011fl\u0131 daxil olan \u015fikay\u0259t ara\u015fd\u0131r\u0131l\u0131b. APA x\u0259b\u0259r veir ki, bu bar\u0259d\u0259 nazirliyin D\u00f6vl\u0259t Ekoloji T\u0259hl\u00fck\u0259sizlik Xidm\u0259tinin r\u0259isi Hikm\u0259t \u018flizad\u0259 bildirib. O qeyd edib ki, s\u00f6z\u00fcged\u0259n \u0259raziy\u0259 ke\u00e7iril\u0259n bax\u0131\u015f zaman\u0131 \u0259razinin me\u015f\u0259 fondu torpa\u011f\u0131 deyil, b\u0259l\u0259diyy\u0259 m\u00fclkiyy\u0259tin\u0259 aid torpaq sah\u0259si oldu\u011fu m\u0259lum&hellip;","_links":{"self":[{"href":"https:\/\/arantv.az\/index.php?rest_route=\/wp\/v2\/posts\/169898"}],"collection":[{"href":"https:\/\/arantv.az\/index.php?rest_route=\/wp\/v2\/posts"}],"about":[{"href":"https:\/\/arantv.az\/index.php?rest_route=\/wp\/v2\/types\/post"}],"author":[{"embeddable":true,"href":"https:\/\/arantv.az\/index.php?rest_route=\/wp\/v2\/users\/2"}],"replies":[{"embeddable":true,"href":"https:\/\/arantv.az\/index.php?rest_route=%2Fwp%2Fv2%2Fcomments&post=169898"}],"version-history":[{"count":0,"href":"https:\/\/arantv.az\/index.php?rest_route=\/wp\/v2\/posts\/169898\/revisions"}],"wp:featuredmedia":[{"embeddable":true,"href":"https:\/\/arantv.az\/index.php?rest_route=\/wp\/v2\/media\/169900"}],"wp:attachment":[{"href":"https:\/\/arantv.az\/index.php?rest_route=%2Fwp%2Fv2%2Fmedia&parent=169898"}],"wp:term":[{"taxonomy":"category","embeddable":true,"href":"https:\/\/arantv.az\/index.php?rest_route=%2Fwp%2Fv2%2Fcategories&post=169898"},{"taxonomy":"post_tag","embeddable":true,"href":"https:\/\/arantv.az\/index.php?rest_route=%2Fwp%2Fv2%2Ftags&post=169898"}],"curies":[{"name":"wp","href":"https:\/\/api.w.org\/{rel}","templated":true}]}}